{"id":999,"date":"2015-10-03T19:36:56","date_gmt":"2015-10-03T18:36:56","guid":{"rendered":"http:\/\/www.rjs.de\/fliegerblog\/?p=999"},"modified":"2015-10-03T19:36:56","modified_gmt":"2015-10-03T18:36:56","slug":"schoener-schleppnachmittag-bei-der-windenschleppgemeinschaft-rheinhessen","status":"publish","type":"post","link":"https:\/\/fliegerblog.rjs.de\/?p=999","title":{"rendered":"Sch\u00f6ner Schleppnachmittag bei der Windenschleppgemeinschaft Rheinhessen"},"content":{"rendered":"<div class=\"separator\" style=\"clear: both; text-align: center;\">\n<a href=\"https:\/\/i0.wp.com\/3.bp.blogspot.com\/-3Z-a-KgXOww\/VhAUVhP4lfI\/AAAAAAAACs0\/g_XjXoRis9c\/s1600\/IMG_20151003_134840.jpg\" imageanchor=\"1\" style=\"clear: left; float: left; margin-bottom: 1em; margin-right: 1em;\"><img decoding=\"async\" border=\"0\" src=\"https:\/\/i0.wp.com\/3.bp.blogspot.com\/-3Z-a-KgXOww\/VhAUVhP4lfI\/AAAAAAAACs0\/g_XjXoRis9c\/s320\/IMG_20151003_134840.jpg?w=840\" data-recalc-dims=\"1\" \/><\/a><\/div>\n<p>Heute waren wirklich f\u00fcr die Sp\u00e4tsaison Traumbedingungen. An so einem Tag muss man einfach in die Luft gehen. Sehr sch\u00f6ne Sonne, angenehm warm und recht wenig Wind aus s\u00fcdlichen Richtungen. Der Wind war mir etwas schwach f\u00fcr meine \u00fcblichen Hang-Locations wie Reichenbach, aber ich wollte heute sowieso mal wieder was anderes sehen. Ich bin dieses Jahr schon viel in der Luft gewesen, aber immer nur meine 5 &#8211; 6 Standardh\u00e4nge und Flugpl\u00e4tze.<br \/>\n<\/p>\n<div class=\"separator\" style=\"clear: both; text-align: center;\">\n<a href=\"https:\/\/i0.wp.com\/3.bp.blogspot.com\/-TiUav8X_sJM\/VhAUQOy9s2I\/AAAAAAAACss\/PryFJoAhgl0\/s1600\/IMG_20151003_134910.jpg\" imageanchor=\"1\" style=\"clear: left; float: left; margin-bottom: 1em; margin-right: 1em;\"><img decoding=\"async\" border=\"0\" src=\"https:\/\/i0.wp.com\/3.bp.blogspot.com\/-TiUav8X_sJM\/VhAUQOy9s2I\/AAAAAAAACss\/PryFJoAhgl0\/s320\/IMG_20151003_134910.jpg?w=840\" data-recalc-dims=\"1\" \/><\/a><\/div>\n<p>Auf der Wasserkuppe muss es richtig gut an den S\u00fcdh\u00e4ngen gewesen sein. Ich muss auch unbedingt mal wieder auf die Waku, aber heute habe ich mich f\u00fcr das Schleppen in Wallertheim bei der Windenschleppgemeinschaft Rheinhessen entschieden. Da wollte ich dieses Jahr auch unbedingt nochmal hin und dort geht die Schleppsaison so langsam dem Ende zu. Zudem d\u00fcrfte es auf der Waku verdammt voll gewesen sein.<br \/>\n<\/p>\n<div class=\"separator\" style=\"clear: both; text-align: center;\">\n<a href=\"https:\/\/i0.wp.com\/3.bp.blogspot.com\/-nqqemgPegck\/VhAUOjWwroI\/AAAAAAAACsk\/a05jG_1RBts\/s1600\/IMG_20151003_134923.jpg\" imageanchor=\"1\" style=\"clear: left; float: left; margin-bottom: 1em; margin-right: 1em;\"><img decoding=\"async\" border=\"0\" src=\"https:\/\/i0.wp.com\/3.bp.blogspot.com\/-nqqemgPegck\/VhAUOjWwroI\/AAAAAAAACsk\/a05jG_1RBts\/s320\/IMG_20151003_134923.jpg?w=840\" data-recalc-dims=\"1\" \/><\/a><\/div>\n<p>Also war ich p\u00fcnktlich zum Treffen um 11:30 an der Autobahnbr\u00fccke zwischen Schimsheim und Wallertheim. Obwohl ich immer noch sehr gerne in meine alten Reviere im Taunus fahre, ist es nach Wallertheim mittlerweile f\u00fcr mich sogar die k\u00fcrzeste Entfernung zu einem Fluggebiet \u00fcberhaupt.<\/p>\n<p>Vor Ort waren wir nur 6 Flieger und ein paar Zuschauer. 4 Gleitschirme und 2 Drachen. Darunter zwei Windenfahrer von der Schleppgemeinschaft und der Rest waren G\u00e4ste und die haben sich \u00fcber den Nachmittag die \u00fcbrigen Arbeiten geteilt. Ist super gelaufen. 6 Leute sind an so einem Tag bei der Sache eine perfekte Anzahl &#8211; genug Leute, um den reibungslosen Betrieb zu erlauben und man kommt immer sofort an den Start, wenn man Zeit und Lust hat.<\/p>\n<p><iframe loading=\"lazy\" width=\"560\" height=\"315\" src=\"https:\/\/www.youtube.com\/embed\/IcQdtA9bOAw\" frameborder=\"0\" allowfullscreen><\/iframe><br \/>\n<br \/>\nBei dem Schlepp in Wallertheim gibt es zwei richtig spannende Besonderheiten:<\/p>\n<ol>\n<li>Man fliegt im Bereich von einem Rattenschwanz an Windr\u00e4dern und bei bestimmten Windrichtungen schleppt man direkt auf die Windr\u00e4der zu (so wie heute)<\/li>\n<li>Der Schlepp erfolgt mit einer Abrollwinde, die auf der Anh\u00e4ngerkupplung von einem Auto montiert ist &#8211; nicht wie \u00fcblicher Weise mit einer station\u00e4ren Winde. Das Auto f\u00e4hrt mit einer gewissen Geschwindigkeit einen Feldweg lang (bis unter das erste Windrad) und der Flieger h\u00e4ngt bis zum Ausklinken hinten an einem sich immer mehr ausrollendem Seil dran. Das ist einerseits eine sehr sanfte Art geschleppt zu werden, aber andererseits pulst das beim Schlepp gewaltig (da wird man fast seekrank ;-)).<\/li>\n<\/ol>\n<p>Beides ist ziemlich abenteuerlich, wenn man das nicht gewohnt ist. Ich war aber die letzten Jahre schon 2x dort gewesen und wusste, was da auf mich zukommt. Dementsprechend habe ich mich heute auch nicht geweigert den Dummy zu machen. Trotzdem habe ich beim ersten Flug noch in recht gro\u00dfen Sicherheitsabstand vom Windrad ausgeklinkt, um mich an den Eindruck zu gew\u00f6hnen. Das sieht wirklich beeindruckend aus, wenn man dem Rotor n\u00e4her und n\u00e4her kommt. Beim letzten Flug habe ich mich dann aber auch wirklich bis Anschlag schleppen lassen und das Schleppauto hat direkt unter dem Windrad gehalten. Nat\u00fcrlich h\u00e4ngt das Schleppseil in einem Winkel nach hinten, aber man kommt den Dingern schon ziemlich nahe. Aber ich habe heute wieder live erlebt, dass die Windr\u00e4der keine (!) Verwirbelungen ausl\u00f6sen (zumindest solange sie nicht zu schnell drehen und wenn die wirklich schnell drehen, bleibt die T\u00fcte auf dem Boden).<br \/>\nInsgesamt war das heute ein richtig sch\u00f6ner Schleppnachmittag, bei dem ich drei sch\u00f6ne Fl\u00fcge hingekommen habe. Der letzte war vor allen Dingen beim Ausklinken richtig hoch (gesch\u00e4tzt zwischen 400 &#8211; 500 Meter \u00fcber Grund) und dementsprechend gar nicht so kurz. Nett auch &#8211; am Ende gab es von der Schleppgemeinschaft noch ein gek\u00fchltes Landebier spendiert. War sicher nicht das letzte Mal da.<\/p>\n","protected":false},"excerpt":{"rendered":"<p>Heute waren wirklich f\u00fcr die Sp\u00e4tsaison Traumbedingungen. An so einem Tag muss man einfach in die Luft gehen. Sehr sch\u00f6ne Sonne, angenehm warm und recht wenig Wind aus s\u00fcdlichen Richtungen. Der Wind war mir etwas schwach f\u00fcr meine \u00fcblichen Hang-Locations wie Reichenbach, aber ich wollte heute sowieso mal wieder was anderes sehen. Ich bin dieses &hellip; <a href=\"https:\/\/fliegerblog.rjs.de\/?p=999\" class=\"more-link\"><span class=\"screen-reader-text\">\u201eSch\u00f6ner Schleppnachmittag bei der Windenschleppgemeinschaft Rheinhessen\u201c<\/span> weiterlesen<\/a><\/p>\n","protected":false},"author":1,"featured_media":0,"comment_status":"open","ping_status":"open","sticky":false,"template":"","format":"standard","meta":{"jetpack_post_was_ever_published":false,"footnotes":"","jetpack_publicize_message":"","jetpack_is_tweetstorm":false,"jetpack_publicize_feature_enabled":true,"jetpack_social_options":[]},"categories":[2],"tags":[],"class_list":["post-999","post","type-post","status-publish","format-standard","hentry","category-allgemein"],"jetpack_publicize_connections":[],"jetpack_featured_media_url":"","jetpack_shortlink":"https:\/\/wp.me\/p788kK-g7","jetpack-related-posts":[{"id":1556,"url":"https:\/\/fliegerblog.rjs.de\/?p=1556","url_meta":{"origin":999,"position":0},"title":"Nochmal schnell nach dem Kugelsto\u00dfen in die Luft gegangen","date":"Februar 23, 2019","format":false,"excerpt":"Heute waren in FFM-Kalbach die Hallenkreismeisterschaften der Leichtathletik von HG + MTK zusammen. Ich war um 12:00 Uhr mit Kugelsto\u00dfen dran und da das fix erledigt war, habe ich die Gelegenheit f\u00fcr einen Abstecher nach Eschbach genutzt. Es stand SO-Wind an und wenn ich sowieso schon in der Ecke war,\u2026","rel":"","context":"\u00c4hnlicher Beitrag","img":{"alt_text":"","src":"https:\/\/i0.wp.com\/2.bp.blogspot.com\/-vPXFoiVDEzo\/XHGWEUTW_NI\/AAAAAAAAEfQ\/mINNVXr63qsA7dWtHaR1u0tpPXk30BMLACLcBGAs\/s320\/GOPR6260.JPG?resize=350%2C200&ssl=1","width":350,"height":200},"classes":[]},{"id":330,"url":"https:\/\/fliegerblog.rjs.de\/?p=330","url_meta":{"origin":999,"position":1},"title":"Rekordanzahl an Schlepps","date":"Juni 10, 2010","format":false,"excerpt":"Nachdem wir letzten Freitag endlich in meinem Gleitschirmverein die Schleppsaison er\u00f6ffnen konnten, ist auch heute das Donnerstags-Schleppen auf dem Flugplatz Neu-Anspach\/Obernhain angelaufen. Auch hier ging bisher nichts. Die letzten zwei Jahre war ich \u00fcber die Saison h\u00e4ufiger da am Schleppen als bei unseren Vereinsschlepps. Von daher wollte ich auch heute\u2026","rel":"","context":"In &quot;Allgemein&quot;","img":{"alt_text":"","src":"","width":0,"height":0},"classes":[]},{"id":1806,"url":"https:\/\/fliegerblog.rjs.de\/?p=1806","url_meta":{"origin":999,"position":2},"title":"Pers\u00f6nlicher H\u00f6henrekord in AH","date":"Mai 29, 2021","format":false,"excerpt":"\u00a0 Ich denke, dass ich gut 2 Jahre nicht mehr in Arnoldshain geflogen bin. Aber da die f\u00fcr heute geplante Er\u00f6ffnung der Schleppsaison bei der Schleppgemeinschaft Rheinhessen kurzfristig wegen dem Anstieg der Corona-Zahlen im Landkreis abgesagt werden musste, bin ich nach Arnoldshain. Im Moment gibt es sowieso kaum Alternativen, weil\u2026","rel":"","context":"\u00c4hnlicher Beitrag","img":{"alt_text":"","src":"https:\/\/i0.wp.com\/1.bp.blogspot.com\/-7BAQ-gzpIE8\/YLJVuThN6sI\/AAAAAAAAGDo\/E4n3kkEpkfcANezO_rqfUT3FCzx_jqePgCLcBGAsYHQ\/w640-h480\/IMG_20210529_132019.jpg?resize=350%2C200&ssl=1","width":350,"height":200},"classes":[]},{"id":2021,"url":"https:\/\/fliegerblog.rjs.de\/?p=2021","url_meta":{"origin":999,"position":3},"title":"Im morgendlichen Sonnenaufgang mit M\u00f6ven fliegen","date":"Juli 27, 2023","format":false,"excerpt":"Gestern war der erste fliegerische Totalausfall der Flugreise nach D\u00e4nemark, aber heute morgen daf\u00fcr der Tag der Tage f\u00fcr mich. Um 5 Uhr aufgestanden und um 6 Uhr in der Luft gewesen. Bis 8:15 Uhr nur zweimal kurz den Boden ber\u00fchrt und mit den M\u00f6ven die D\u00fcnen entlang gesoart. Das\u2026","rel":"","context":"\u00c4hnlicher Beitrag","img":{"alt_text":"","src":"https:\/\/i0.wp.com\/blogger.googleusercontent.com\/img\/b\/R29vZ2xl\/AVvXsEjdBn-c8iMfkX7jEie6gUs8T5mFRTWbBReZ0tKwEpCw2x9sIDpbF9AleKTDXuEDwutYJm6tF6kCgc9kJEdBe8PXL1_kA6b6rptRa6qxWD5fobJ_7XuXK4OSs54uQUTNZ07V4bN86gFzVWeoISpnMoBoML7FdjW9LQAqU1E2j-Y6qFOZ0y9m1cjw7fDGIpQW\/w400-h300\/20230727_055300.jpg?resize=350%2C200&ssl=1","width":350,"height":200},"classes":[]},{"id":40,"url":"https:\/\/fliegerblog.rjs.de\/?p=40","url_meta":{"origin":999,"position":4},"title":"Abendsession","date":"Juli 22, 2008","format":false,"excerpt":"Endlich ging mal wieder was. Nicht viel, aber zumindest mal wieder in der Luft. Der Tag hat viel versprochen, aber nur m\u00e4ssig was gehalten. NW war angesagt. Aber erst gegen 17:00 Uhr war der Wind so, dass man wirklich was machen konnte. Ziemlich starker Wind, aber seltsamer Weise hat unser\u2026","rel":"","context":"In &quot;Allgemein&quot;","img":{"alt_text":"","src":"","width":0,"height":0},"classes":[]},{"id":477,"url":"https:\/\/fliegerblog.rjs.de\/?p=477","url_meta":{"origin":999,"position":5},"title":"Superbedingugen und Rekordfl\u00fcge ;-)","date":"September 21, 2011","format":false,"excerpt":"Heute bin ich um 14:00 Uhr am Hang in Reichenbach aufgelaufen. Wind war zwar schwach vorhergesagt (5 - 7 Knoten), aber aus der richtigen Richtung. Und da es sonnig war, konnte man Thermik erwarten. Und in der Tat stand der Wind perfekt als ich kam. Ich war die ersten 20\u2026","rel":"","context":"In &quot;Allgemein&quot;","img":{"alt_text":"","src":"","width":0,"height":0},"classes":[]}],"_links":{"self":[{"href":"https:\/\/fliegerblog.rjs.de\/index.php?rest_route=\/wp\/v2\/posts\/999","targetHints":{"allow":["GET"]}}],"collection":[{"href":"https:\/\/fliegerblog.rjs.de\/index.php?rest_route=\/wp\/v2\/posts"}],"about":[{"href":"https:\/\/fliegerblog.rjs.de\/index.php?rest_route=\/wp\/v2\/types\/post"}],"author":[{"embeddable":true,"href":"https:\/\/fliegerblog.rjs.de\/index.php?rest_route=\/wp\/v2\/users\/1"}],"replies":[{"embeddable":true,"href":"https:\/\/fliegerblog.rjs.de\/index.php?rest_route=%2Fwp%2Fv2%2Fcomments&post=999"}],"version-history":[{"count":0,"href":"https:\/\/fliegerblog.rjs.de\/index.php?rest_route=\/wp\/v2\/posts\/999\/revisions"}],"wp:attachment":[{"href":"https:\/\/fliegerblog.rjs.de\/index.php?rest_route=%2Fwp%2Fv2%2Fmedia&parent=999"}],"wp:term":[{"taxonomy":"category","embeddable":true,"href":"https:\/\/fliegerblog.rjs.de\/index.php?rest_route=%2Fwp%2Fv2%2Fcategories&post=999"},{"taxonomy":"post_tag","embeddable":true,"href":"https:\/\/fliegerblog.rjs.de\/index.php?rest_route=%2Fwp%2Fv2%2Ftags&post=999"}],"curies":[{"name":"wp","href":"https:\/\/api.w.org\/{rel}","templated":true}]}}