{"id":99,"date":"2007-07-10T13:09:00","date_gmt":"2007-07-10T13:09:00","guid":{"rendered":"http:\/\/www.rjs.de\/fliegerblog\/?p=99"},"modified":"2007-07-10T13:09:00","modified_gmt":"2007-07-10T13:09:00","slug":"der-wurm-ist-einfach-drin","status":"publish","type":"post","link":"https:\/\/fliegerblog.rjs.de\/?p=99","title":{"rendered":"Der Wurm ist einfach drin"},"content":{"rendered":"<p>Ich bin frustriert. Jetzt geht schon seit Wochen bei uns nix und nun bin ich 1000 Km nach D\u00e4nemark an die K\u00fcste gefahren, um da zu Soaren oder zumindest Groundhandeln. Jetzt ist der 3. Tag und es hat sich nicht einmal gelohnt den Schirm rauszuholen. Die letzten 2 Tage war es total sonnig und sch\u00f6n, aber der Wind einfach zu stark. Heute hat sich noch Regen eingestellt. Mist. Wir hoffen auf morgen. Da sollte es nach den Prognosen gehen. Mal sehen. Andernfalls werden wir wohl abbrechen. Das kann sowieso passieren, denn die Prognosen f\u00fcr den weiteren Verlauf der Woche sind wenig vielvesprechend :-(.<br \/>PS: Wenn ich nicht zum Fliegen hier w\u00e4re, w\u00e4re es ein sch\u00f6ner Urlaub. Die Gegend um Lokken ist wirklich toll und das entsch\u00e4digt ein bisschen. Aber ich bin zum Fliegen hier und will in die Luft.<\/p>\n<div class=\"blogger-post-footer\"><script type=\"text\/javascript\"><!--\ngoogle_ad_client = \"pub-4702984279656494\";\ngoogle_ad_width = 468;\ngoogle_ad_height = 60;\ngoogle_ad_format = \"468x60_as_rimg\";\ngoogle_cpa_choice = \"CAAQlNHphwIaCFxy_-mnISvEKNDv6n4\";\ngoogle_ad_channel = \"0174140724\";\n\/\/--><\/script><br \/>\n<script type=\"text\/javascript\" src=\"http:\/\/pagead2.googlesyndication.com\/pagead\/show_ads.js\">\n<\/script><\/div>\n","protected":false},"excerpt":{"rendered":"<p>Ich bin frustriert. Jetzt geht schon seit Wochen bei uns nix und nun bin ich 1000 Km nach D\u00e4nemark an die K\u00fcste gefahren, um da zu Soaren oder zumindest Groundhandeln. Jetzt ist der 3. Tag und es hat sich nicht einmal gelohnt den Schirm rauszuholen. Die letzten 2 Tage war es total sonnig und sch\u00f6n, &hellip; <a href=\"https:\/\/fliegerblog.rjs.de\/?p=99\" class=\"more-link\"><span class=\"screen-reader-text\">\u201eDer Wurm ist einfach drin\u201c<\/span> weiterlesen<\/a><\/p>\n","protected":false},"author":1,"featured_media":0,"comment_status":"open","ping_status":"open","sticky":false,"template":"","format":"standard","meta":{"jetpack_post_was_ever_published":false,"footnotes":"","jetpack_publicize_message":"","jetpack_is_tweetstorm":false,"jetpack_publicize_feature_enabled":true,"jetpack_social_options":[]},"categories":[2],"tags":[],"class_list":["post-99","post","type-post","status-publish","format-standard","hentry","category-allgemein"],"jetpack_publicize_connections":[],"jetpack_featured_media_url":"","jetpack_shortlink":"https:\/\/wp.me\/p788kK-1B","jetpack-related-posts":[{"id":42,"url":"https:\/\/fliegerblog.rjs.de\/?p=42","url_meta":{"origin":99,"position":0},"title":"Reisebericht Husby, D\u00e4nemark","date":"Juni 29, 2008","format":false,"excerpt":"Flugtagebuch K\u00fcstensoaren in Husby - D\u00e4nemark im Juni 200821. JuniIch bin wieder zum K\u00fcstenfliegen in D\u00e4nemark. In Husby, etwa 150 Kilometer s\u00fcdlich von Loekken, wo ich letztes Jahr war. Nachdem der Trip letztes Jahr eigentlich ein Reinfall war und ich in einer Woche nur einen Tag zum Fliegen kam, wollte\u2026","rel":"","context":"In &quot;Allgemein&quot;","img":{"alt_text":"","src":"https:\/\/i0.wp.com\/img.youtube.com\/vi\/1PDZNyzILZw\/0.jpg?resize=350%2C200","width":350,"height":200},"classes":[]},{"id":1271,"url":"https:\/\/fliegerblog.rjs.de\/?p=1271","url_meta":{"origin":99,"position":1},"title":"Ereignisreicher Flugtag","date":"Juni 11, 2017","format":false,"excerpt":"Mit \u00fcber 30 Grad und schwachem S\u00fcdost, der \u00fcber den Mittag auf S\u00fcd drehen sollte, waren die Prognosen f\u00fcr Eschbach heute eigentlich nicht so gut. Au\u00dferdem meide ich den Hang an Wochenenden meist, weil sehr oft zu voll. Ich hatte mich deshalb zum Schleppen in Wallertheim angemeldet, aber das ist\u2026","rel":"","context":"\u00c4hnlicher Beitrag","img":{"alt_text":"","src":"https:\/\/i0.wp.com\/4.bp.blogspot.com\/-air7_j1VKjk\/WT194lP_jrI\/AAAAAAAADcc\/6LvySIgsTrw-WDnh2NN6kd0zblZKI0a-QCLcB\/s400\/GOPR3642.JPG?resize=350%2C200&ssl=1","width":350,"height":200},"classes":[]},{"id":1569,"url":"https:\/\/fliegerblog.rjs.de\/?p=1569","url_meta":{"origin":99,"position":2},"title":"Nicht wirklich berauschend","date":"M\u00e4rz 23, 2019","format":false,"excerpt":"Die ganze Woche war super Wetter. Sonne und sch\u00f6n warm und auch das Wochenende sollte nach den Prognosen noch gut werden. Aber wie das halt immer so ist mit den Prognosen ... Wir hatten sowohl f\u00fcr den heutigen Samstag als auch den morgigen Sonntag von den GFT in Singhofen die\u2026","rel":"","context":"\u00c4hnlicher Beitrag","img":{"alt_text":"","src":"https:\/\/i0.wp.com\/4.bp.blogspot.com\/-m5uFX6m1ZVw\/XJZiFuVQHMI\/AAAAAAAAEjs\/6OtNSP6JD5wOtdQ9cLrb5yJD2hbZccfrwCLcBGAs\/s320\/GOPR6525.JPG?resize=350%2C200&ssl=1","width":350,"height":200},"classes":[]},{"id":2091,"url":"https:\/\/fliegerblog.rjs.de\/?p=2091","url_meta":{"origin":99,"position":3},"title":"50 Minuten","date":"Mai 16, 2024","format":false,"excerpt":"Nach dem Ausfalltag gestern, bei dem au\u00dfer dem Einstellen des Gurtzeugs nichts hinsichtlich Gleitschirm gelaufen ist, hatten alle Prognosen f\u00fcr heute ein gro\u00dfes Regengebiet angek\u00fcndigt. So unterschiedlich die verschiedenen Dienste die Windrichtung und Windst\u00e4rke derzeit vorhersagen - da waren sie sich einig und hatten leider recht. Schon im Bett habe\u2026","rel":"","context":"\u00c4hnlicher Beitrag","img":{"alt_text":"","src":"https:\/\/i0.wp.com\/blogger.googleusercontent.com\/img\/b\/R29vZ2xl\/AVvXsEjBTRZZT13Q4pYCl7hgFh72WHTtTnH6u52O2xewJZlTGpvPS8CVAd7NJS__rJul5KOh4OXHKJAULBta1wy-H-zP6qcEvjfRYcJ_N-Top1dEfv9DaLAe64WEU89dziIDfef6wny84y2tpAgyQuXqyjNET2kL5QJNazuYkRRf65knnkg1bVhNAPWpIpFuN50P\/w640-h298\/WhatsApp%20Image%202024-05-16%20at%2021.07.10.jpeg?resize=350%2C200&ssl=1","width":350,"height":200},"classes":[]},{"id":1283,"url":"https:\/\/fliegerblog.rjs.de\/?p=1283","url_meta":{"origin":99,"position":4},"title":"Laurfenselden 2017 &#8211; das war heute der Start der dortigen Windensaison","date":"Juni 23, 2017","format":false,"excerpt":"Tja, da haben wir heute endlich die Windensaison 2017 in Laufenselden er\u00f6ffnet. Nachdem das halbe Jahr schon durch ist, schien es f\u00fcr heute endlich mal zu passen. Gute Wetterprognosen, Windenfahrer fit und 10 Anmeldungen auf der Doodle-Liste (1 Windenfahrer und 9 Flieger). Bis heute morgen hatte sich die Zahl der\u2026","rel":"","context":"\u00c4hnlicher Beitrag","img":{"alt_text":"","src":"https:\/\/i0.wp.com\/4.bp.blogspot.com\/-I6XAjSKUQ_g\/WU1OzLAxR2I\/AAAAAAAADek\/j92TKE6qiWc3loGnhMLaxYX4uYiwqCr2wCLcBGAs\/s320\/GOPR4369.JPG?resize=350%2C200&ssl=1","width":350,"height":200},"classes":[]},{"id":318,"url":"https:\/\/fliegerblog.rjs.de\/?p=318","url_meta":{"origin":99,"position":5},"title":"Am Ende war es doch gut","date":"Mai 15, 2010","format":false,"excerpt":"Die Prognosen f\u00fcr heute waren die letzten Tage ziemlich gut f\u00fcr MF. Zumindest in den Webdiensten, die ich angesehen habe. Nur die Wetterzentrale hatte f\u00fcr heute Nachmittag starken Nordwind mit B\u00f6en angesagt, der bis zum Abend auch noch zunehmen sollte. Heute morgen waren dann alle Prognosen darauf eingeschwenkt. Und so\u2026","rel":"","context":"In &quot;Allgemein&quot;","img":{"alt_text":"","src":"","width":0,"height":0},"classes":[]}],"_links":{"self":[{"href":"https:\/\/fliegerblog.rjs.de\/index.php?rest_route=\/wp\/v2\/posts\/99","targetHints":{"allow":["GET"]}}],"collection":[{"href":"https:\/\/fliegerblog.rjs.de\/index.php?rest_route=\/wp\/v2\/posts"}],"about":[{"href":"https:\/\/fliegerblog.rjs.de\/index.php?rest_route=\/wp\/v2\/types\/post"}],"author":[{"embeddable":true,"href":"https:\/\/fliegerblog.rjs.de\/index.php?rest_route=\/wp\/v2\/users\/1"}],"replies":[{"embeddable":true,"href":"https:\/\/fliegerblog.rjs.de\/index.php?rest_route=%2Fwp%2Fv2%2Fcomments&post=99"}],"version-history":[{"count":0,"href":"https:\/\/fliegerblog.rjs.de\/index.php?rest_route=\/wp\/v2\/posts\/99\/revisions"}],"wp:attachment":[{"href":"https:\/\/fliegerblog.rjs.de\/index.php?rest_route=%2Fwp%2Fv2%2Fmedia&parent=99"}],"wp:term":[{"taxonomy":"category","embeddable":true,"href":"https:\/\/fliegerblog.rjs.de\/index.php?rest_route=%2Fwp%2Fv2%2Fcategories&post=99"},{"taxonomy":"post_tag","embeddable":true,"href":"https:\/\/fliegerblog.rjs.de\/index.php?rest_route=%2Fwp%2Fv2%2Ftags&post=99"}],"curies":[{"name":"wp","href":"https:\/\/api.w.org\/{rel}","templated":true}]}}