{"id":988,"date":"2015-09-20T20:50:37","date_gmt":"2015-09-20T19:50:37","guid":{"rendered":"http:\/\/www.rjs.de\/fliegerblog\/?p=988"},"modified":"2015-09-20T20:50:37","modified_gmt":"2015-09-20T19:50:37","slug":"an-und-ausgeschaltet","status":"publish","type":"post","link":"https:\/\/fliegerblog.rjs.de\/?p=988","title":{"rendered":"An- und ausgeschaltet"},"content":{"rendered":"<p>Heute habe ich den Hang am MFK um 12:00 Uhr als Erster angeschaltet und um 18:00 Uhr als Letzter ausgeschaltet. Dazwischen lag ein richtig guter Flugtag. Nicht perfekt, denn zeitweise kam der Wind etwas zu sehr aus West, aber es gab einige sehr sch\u00f6ne Fl\u00fcge. Gerade am Ende nach 17:00 Uhr, als wir schon zusammenpacken wollten, kam noch eine supertolle Phase, an der man sich nahezu \u00fcberall am Hang halten konnte.<br \/>\n<iframe loading=\"lazy\" width=\"560\" height=\"315\" src=\"https:\/\/www.youtube.com\/embed\/v6pGDjP5nUQ\" frameborder=\"0\" allowfullscreen><\/iframe><br \/>\nAber auch schon zuvor waren diverse sehr nette Fl\u00fcge dabei. Obwohl ich schon zig Jahre an dem Hang fliege habe ich heute Stellen erreicht, \u00fcber die bin ich bisher noch nie dr\u00fcbergekommen.<br \/>\n<iframe loading=\"lazy\" width=\"420\" height=\"315\" src=\"https:\/\/www.youtube.com\/embed\/TP_iaIjiPAo\" frameborder=\"0\" allowfullscreen><\/iframe><br \/>\n<br \/>\n<iframe loading=\"lazy\" width=\"560\" height=\"315\" src=\"https:\/\/www.youtube.com\/embed\/CsFyPCTue6g\" frameborder=\"0\" allowfullscreen><\/iframe><br \/><\/p>\n","protected":false},"excerpt":{"rendered":"<p>Heute habe ich den Hang am MFK um 12:00 Uhr als Erster angeschaltet und um 18:00 Uhr als Letzter ausgeschaltet. Dazwischen lag ein richtig guter Flugtag. Nicht perfekt, denn zeitweise kam der Wind etwas zu sehr aus West, aber es gab einige sehr sch\u00f6ne Fl\u00fcge. Gerade am Ende nach 17:00 Uhr, als wir schon zusammenpacken &hellip; <a href=\"https:\/\/fliegerblog.rjs.de\/?p=988\" class=\"more-link\"><span class=\"screen-reader-text\">\u201eAn- und ausgeschaltet\u201c<\/span> weiterlesen<\/a><\/p>\n","protected":false},"author":1,"featured_media":0,"comment_status":"open","ping_status":"open","sticky":false,"template":"","format":"standard","meta":{"jetpack_post_was_ever_published":false,"footnotes":"","jetpack_publicize_message":"","jetpack_is_tweetstorm":false,"jetpack_publicize_feature_enabled":true,"jetpack_social_options":[]},"categories":[2],"tags":[],"class_list":["post-988","post","type-post","status-publish","format-standard","hentry","category-allgemein"],"jetpack_publicize_connections":[],"jetpack_featured_media_url":"","jetpack_shortlink":"https:\/\/wp.me\/p788kK-fW","jetpack-related-posts":[{"id":477,"url":"https:\/\/fliegerblog.rjs.de\/?p=477","url_meta":{"origin":988,"position":0},"title":"Superbedingugen und Rekordfl\u00fcge ;-)","date":"September 21, 2011","format":false,"excerpt":"Heute bin ich um 14:00 Uhr am Hang in Reichenbach aufgelaufen. Wind war zwar schwach vorhergesagt (5 - 7 Knoten), aber aus der richtigen Richtung. Und da es sonnig war, konnte man Thermik erwarten. Und in der Tat stand der Wind perfekt als ich kam. Ich war die ersten 20\u2026","rel":"","context":"In &quot;Allgemein&quot;","img":{"alt_text":"","src":"","width":0,"height":0},"classes":[]},{"id":1762,"url":"https:\/\/fliegerblog.rjs.de\/?p=1762","url_meta":{"origin":988,"position":1},"title":"DWWAHG!","date":"November 21, 2020","format":false,"excerpt":"Freitag hatte ich bereits in unsere WhatsApp-Gruppe gepostet, dass ich den Samstag wegen Reichenbach im Auge behalten w\u00fcrde. Die Prognosen sahen nicht schlecht aus. Aber im Laufe des Tages wurden die vorhergesagten B\u00f6en immer kr\u00e4ftiger. Bis Samstagmorgen wurden - je nach Wettermodell - B\u00f6en \u00fcber 45 km\/h prognostiziert. Und nachdem\u2026","rel":"","context":"\u00c4hnlicher Beitrag","img":{"alt_text":"","src":"https:\/\/i0.wp.com\/1.bp.blogspot.com\/-9OMcslohAgA\/X7oPD25uzYI\/AAAAAAAAFv8\/6g_ADbK4GPQzHtFx_FibeT-5dWqv6JYOACLcBGAsYHQ\/w690-h388\/WhatsApp%2BImage%2B2020-11-21%2Bat%2B17.06.43%2B%25284%2529.jpeg?resize=350%2C200&ssl=1","width":350,"height":200},"classes":[]},{"id":970,"url":"https:\/\/fliegerblog.rjs.de\/?p=970","url_meta":{"origin":988,"position":2},"title":":-|  :-(  :-)  :-)))","date":"August 11, 2015","format":false,"excerpt":"Seit l\u00e4ngerer Zeit war heute mal wieder Nordwind und ich hatte Zeit. Ein klarer Fall f\u00fcr MFK. Gegen 13:45 Uhr war ich als erster Flieger am Hang, aber in kurzer Zeit hat es sich dann gef\u00fcllt. Als ich ankam, sah es sehr vielversprechend aus. Etwas schwach der Wind, aber gut\u2026","rel":"","context":"In &quot;Allgemein&quot;","img":{"alt_text":"","src":"","width":0,"height":0},"classes":[]},{"id":746,"url":"https:\/\/fliegerblog.rjs.de\/?p=746","url_meta":{"origin":988,"position":3},"title":"Das dritte Mal&#8230;","date":"M\u00e4rz 9, 2014","format":false,"excerpt":"die Woche habe ich es zum Fliegen geschafft. Ich bin im Moment in der gl\u00fccklichen Situation, dass ich meine Arbeit frei einteilen und damit recht gut unter der Woche fliegen gehen kann. Die Wochenenden sind eher das Problem, denn da fordern auch andere Sportarten und vor allen Dingen die Familie\u2026","rel":"","context":"In &quot;Allgemein&quot;","img":{"alt_text":"","src":"","width":0,"height":0},"classes":[]},{"id":540,"url":"https:\/\/fliegerblog.rjs.de\/?p=540","url_meta":{"origin":988,"position":4},"title":"Ewig gewartet &#8211; und dann belohnt worden","date":"M\u00e4rz 27, 2012","format":false,"excerpt":"Heute stand ein erster Testlauf mit kleiner Besetzung f\u00fcr die Saison 2012 Schleppen in Neu-Anspach zur Diskussion, aber das hat sich am sp\u00e4ten Vormittag zerschlagen. War auch gut so, denn im Nachhinein w\u00e4re der Wind wohl zu stark gewesen als auch zuweit aus Nord gekommen. Ich war da aber sowieso\u2026","rel":"","context":"In &quot;Allgemein&quot;","img":{"alt_text":"","src":"","width":0,"height":0},"classes":[]},{"id":1694,"url":"https:\/\/fliegerblog.rjs.de\/?p=1694","url_meta":{"origin":988,"position":5},"title":"Sonniges Intermezzo","date":"Februar 5, 2020","format":false,"excerpt":"Den heutigen Mittwoch hatte ich seit letzter Woche auf dem Schirm. Schon da war Nordwind angek\u00fcndigt worden. Nur normalerweise sind so langfristige Prognosen extrem unzuverl\u00e4ssig. Aber \u00fcber die Tage blieben alle Vorhersagen auf Nordwind. Und Sonne. Nur die Vorhersagen der Windst\u00e4rke wurde schlechte. Es sollte der Wind sehr stark werden\u2026","rel":"","context":"\u00c4hnlicher Beitrag","img":{"alt_text":"","src":"https:\/\/i0.wp.com\/1.bp.blogspot.com\/-ZQtxT4Tcr4k\/XjrRL4g-UYI\/AAAAAAAAFSg\/WYnmpe-6zJUpaWtVzo4lJPtkEn02RnH3ACLcBGAsYHQ\/s640\/WhatsApp%2BImage%2B2020-02-05%2Bat%2B12.57.51.jpeg?resize=350%2C200&ssl=1","width":350,"height":200},"classes":[]}],"_links":{"self":[{"href":"https:\/\/fliegerblog.rjs.de\/index.php?rest_route=\/wp\/v2\/posts\/988","targetHints":{"allow":["GET"]}}],"collection":[{"href":"https:\/\/fliegerblog.rjs.de\/index.php?rest_route=\/wp\/v2\/posts"}],"about":[{"href":"https:\/\/fliegerblog.rjs.de\/index.php?rest_route=\/wp\/v2\/types\/post"}],"author":[{"embeddable":true,"href":"https:\/\/fliegerblog.rjs.de\/index.php?rest_route=\/wp\/v2\/users\/1"}],"replies":[{"embeddable":true,"href":"https:\/\/fliegerblog.rjs.de\/index.php?rest_route=%2Fwp%2Fv2%2Fcomments&post=988"}],"version-history":[{"count":0,"href":"https:\/\/fliegerblog.rjs.de\/index.php?rest_route=\/wp\/v2\/posts\/988\/revisions"}],"wp:attachment":[{"href":"https:\/\/fliegerblog.rjs.de\/index.php?rest_route=%2Fwp%2Fv2%2Fmedia&parent=988"}],"wp:term":[{"taxonomy":"category","embeddable":true,"href":"https:\/\/fliegerblog.rjs.de\/index.php?rest_route=%2Fwp%2Fv2%2Fcategories&post=988"},{"taxonomy":"post_tag","embeddable":true,"href":"https:\/\/fliegerblog.rjs.de\/index.php?rest_route=%2Fwp%2Fv2%2Ftags&post=988"}],"curies":[{"name":"wp","href":"https:\/\/api.w.org\/{rel}","templated":true}]}}