{"id":980,"date":"2015-09-03T20:17:07","date_gmt":"2015-09-03T19:17:07","guid":{"rendered":"http:\/\/www.rjs.de\/fliegerblog\/?p=980"},"modified":"2015-09-03T20:17:07","modified_gmt":"2015-09-03T19:17:07","slug":"endlich-mal-wieder-zum-schleppen-in-neu-anspach-geschafft","status":"publish","type":"post","link":"https:\/\/fliegerblog.rjs.de\/?p=980","title":{"rendered":"Endlich mal wieder zum Schleppen in Neu-Anspach geschafft"},"content":{"rendered":"<div class=\"separator\" style=\"clear: both; text-align: center;\">\n<a href=\"https:\/\/i0.wp.com\/4.bp.blogspot.com\/-gshbww5IkV8\/VeiaGzJpJ-I\/AAAAAAAACps\/1muvDR-5DhU\/s1600\/IMG_20150903_153851.jpg\" imageanchor=\"1\" style=\"clear: left; float: left; margin-bottom: 1em; margin-right: 1em;\"><img loading=\"lazy\" decoding=\"async\" border=\"0\" height=\"300\" src=\"https:\/\/i0.wp.com\/4.bp.blogspot.com\/-gshbww5IkV8\/VeiaGzJpJ-I\/AAAAAAAACps\/1muvDR-5DhU\/s400\/IMG_20150903_153851.jpg?resize=400%2C300\" width=\"400\" data-recalc-dims=\"1\" \/><\/a><\/div>\n<p>Die letzten Jahre war ich sehr oft zum Windenfliegen in Neu-Anspach. Aber dieses Jahr war bei mir der Wurm drin, wenn da Schleppen angesetzt war. Ich war in 2015 erst 2x da gewesen und das ist auch schon ein paar Monate her.<br \/>\nHeute hat es aber mal wieder geklappt. Dabei wollte ich auf dem Weg zum Flugsplatz die Anfahrt schon abbrechen, denn es hatte im Vordertaunus ziemlich geregnet und die Prognosen waren auch nicht gerade perfekt.&nbsp; <\/p>\n<div class=\"separator\" style=\"clear: both; text-align: center;\">\n<a href=\"https:\/\/i0.wp.com\/4.bp.blogspot.com\/-n9agkJ0AXso\/VeiaNCa8kEI\/AAAAAAAACp0\/avyvRcjOcho\/s1600\/IMG_20150903_155847.jpg\" imageanchor=\"1\" style=\"clear: right; float: right; margin-bottom: 1em; margin-left: 1em;\"><img loading=\"lazy\" decoding=\"async\" border=\"0\" height=\"300\" src=\"https:\/\/i0.wp.com\/4.bp.blogspot.com\/-n9agkJ0AXso\/VeiaNCa8kEI\/AAAAAAAACp0\/avyvRcjOcho\/s400\/IMG_20150903_155847.jpg?resize=400%2C300\" width=\"400\" data-recalc-dims=\"1\" \/><\/a><\/div>\n<p>Am Flugplatz selbst war es auch nicht ganz so ohne heute. Teils rabenschwarze Wolken und gelegentlich hat es gefusselt. Rund herum sogar richtig geregnet. Meinen ersten Flug habe ich auch wegen leichtem Fusseln lieber nach unten gebracht. Die Luft war auch etwas labil und man hatte immer das Gef\u00fchl, dass es gleich nicht mehr passen k\u00f6nnte.<br \/>\nAber letztendlich waren die Bedingungen \u00fcber den Tag nicht schlecht. Es hat gut getragen und man konnte sich recht langen halten. Mir war halt nur teils mulmig, ob die Bedingungen nicht umschlagen. Aber mit meinen drei Fl\u00fcgen und gut einer halben Stunde Flugzeit bin ich im Nachhinein sehr zufrieden. War mal wieder &#8211; trotz der kippeligen Bedingungen &#8211;&nbsp; ein sch\u00f6ner Flugtag an der Winde.<\/p>\n<p><iframe loading=\"lazy\" width=\"560\" height=\"315\" src=\"https:\/\/www.youtube.com\/embed\/JFkIP9dumm0\" frameborder=\"0\" allowfullscreen><\/iframe><\/p>\n","protected":false},"excerpt":{"rendered":"<p>Die letzten Jahre war ich sehr oft zum Windenfliegen in Neu-Anspach. Aber dieses Jahr war bei mir der Wurm drin, wenn da Schleppen angesetzt war. Ich war in 2015 erst 2x da gewesen und das ist auch schon ein paar Monate her. Heute hat es aber mal wieder geklappt. Dabei wollte ich auf dem Weg &hellip; <a href=\"https:\/\/fliegerblog.rjs.de\/?p=980\" class=\"more-link\"><span class=\"screen-reader-text\">\u201eEndlich mal wieder zum Schleppen in Neu-Anspach geschafft\u201c<\/span> weiterlesen<\/a><\/p>\n","protected":false},"author":1,"featured_media":0,"comment_status":"open","ping_status":"open","sticky":false,"template":"","format":"standard","meta":{"jetpack_post_was_ever_published":false,"footnotes":"","jetpack_publicize_message":"","jetpack_is_tweetstorm":false,"jetpack_publicize_feature_enabled":true,"jetpack_social_options":[]},"categories":[2],"tags":[],"class_list":["post-980","post","type-post","status-publish","format-standard","hentry","category-allgemein"],"jetpack_publicize_connections":[],"jetpack_featured_media_url":"","jetpack_shortlink":"https:\/\/wp.me\/p788kK-fO","jetpack-related-posts":[{"id":692,"url":"https:\/\/fliegerblog.rjs.de\/?p=692","url_meta":{"origin":980,"position":0},"title":"Volle H\u00fctte in Neu-Anspach beim Schleppen","date":"August 29, 2013","format":false,"excerpt":"Die guten Aussichten mit 7 Sonnen, wenig Wind und hohen Sp\u00e4tsommertemperaturen hatten heute eine echt gro\u00dfe Anzahl an Fliegern nach Neu-Anspach gelockt. So voll hatte ich es da noch nie gesehen. Ich kann es schwer sch\u00e4tzen, aber \u00fcber den Nachmittag k\u00f6nnten es 20 - 25 Flieger gewesen sein. Es ging\u2026","rel":"","context":"In &quot;Allgemein&quot;","img":{"alt_text":"","src":"","width":0,"height":0},"classes":[]},{"id":1573,"url":"https:\/\/fliegerblog.rjs.de\/?p=1573","url_meta":{"origin":980,"position":1},"title":"Der Start in die Windensaison 2019","date":"M\u00e4rz 28, 2019","format":false,"excerpt":"Eigentlich sollte letzten Samstag schon mein Start in die 2019-er-Windensaison in Singhofen erfolgen. Aber vor Ort waren die Bedingungen so mau, dass das Schleppen nicht stattfinden konnte und ich an den Hang gegangen war. Aber gestern kam kurzfristg die Ank\u00fcndigung von den Wehrheimer Gleitschirmfliegern rein, dass heute in Obernhain\/Neu-Anspach geschleppt\u2026","rel":"","context":"\u00c4hnlicher Beitrag","img":{"alt_text":"","src":"https:\/\/i0.wp.com\/4.bp.blogspot.com\/-c-MBGeKljjA\/XJ0NXfnjDhI\/AAAAAAAAEko\/y2O0qYaoz_c7DIBm3sLDtRZp5o-ZNv9iACLcBGAs\/s320\/GOPR6709.JPG?resize=350%2C200&ssl=1","width":350,"height":200},"classes":[]},{"id":453,"url":"https:\/\/fliegerblog.rjs.de\/?p=453","url_meta":{"origin":980,"position":2},"title":"Endlich einmal wieder &#8211; Schleppen in Neu Anspach","date":"August 4, 2011","format":false,"excerpt":"Die letzten Jahre war ich ziemlich oft zum Schleppen in Neu Anspach auf dem Flugplatz. Aber dieses Jahr war bisher der Wurm drin. Erst 1x ging es \u00fcberhaupt da mit Schleppen (erst Winde kaputt und dann Mistwetter an den geplanten Schleptagen) und da konnte ich nicht :-(. Aber heute sah\u2026","rel":"","context":"In &quot;Allgemein&quot;","img":{"alt_text":"","src":"","width":0,"height":0},"classes":[]},{"id":367,"url":"https:\/\/fliegerblog.rjs.de\/?p=367","url_meta":{"origin":980,"position":3},"title":"Irgendwie war der Wurm drin","date":"September 3, 2010","format":false,"excerpt":"Eigentlich wollte ich schon gestern wieder zum Schleppen nach Neu-Anspach. Aber da ich im Moment beruflich kaum nach Hause komme, wollte ich nicht auch noch 2 Tage hintereinander zum Fliegen weggehen. So habe ich darauf verzichtet und bin heute zum eigenen Verein zum Schleppen nach Laufenselden gefahren. Die Bedingungen versprachen\u2026","rel":"","context":"In &quot;Allgemein&quot;","img":{"alt_text":"","src":"","width":0,"height":0},"classes":[]},{"id":330,"url":"https:\/\/fliegerblog.rjs.de\/?p=330","url_meta":{"origin":980,"position":4},"title":"Rekordanzahl an Schlepps","date":"Juni 10, 2010","format":false,"excerpt":"Nachdem wir letzten Freitag endlich in meinem Gleitschirmverein die Schleppsaison er\u00f6ffnen konnten, ist auch heute das Donnerstags-Schleppen auf dem Flugplatz Neu-Anspach\/Obernhain angelaufen. Auch hier ging bisher nichts. Die letzten zwei Jahre war ich \u00fcber die Saison h\u00e4ufiger da am Schleppen als bei unseren Vereinsschlepps. Von daher wollte ich auch heute\u2026","rel":"","context":"In &quot;Allgemein&quot;","img":{"alt_text":"","src":"","width":0,"height":0},"classes":[]},{"id":475,"url":"https:\/\/fliegerblog.rjs.de\/?p=475","url_meta":{"origin":980,"position":5},"title":"Schleppen in NA","date":"September 15, 2011","format":false,"excerpt":"Heute hab ich es wieder nach Neu-Anspach zum Schleppen geschafft. Die Bedingungen waren nicht ganz ideal, da der Wind quer zur Startbahn kam. Aber da der Wind schwach war, konnte man das handeln. Hab mich aber leider nicht so ganz gesund gef\u00fchlt und so richtig gute Fl\u00fcge waren heute auch\u2026","rel":"","context":"In &quot;Allgemein&quot;","img":{"alt_text":"","src":"","width":0,"height":0},"classes":[]}],"_links":{"self":[{"href":"https:\/\/fliegerblog.rjs.de\/index.php?rest_route=\/wp\/v2\/posts\/980","targetHints":{"allow":["GET"]}}],"collection":[{"href":"https:\/\/fliegerblog.rjs.de\/index.php?rest_route=\/wp\/v2\/posts"}],"about":[{"href":"https:\/\/fliegerblog.rjs.de\/index.php?rest_route=\/wp\/v2\/types\/post"}],"author":[{"embeddable":true,"href":"https:\/\/fliegerblog.rjs.de\/index.php?rest_route=\/wp\/v2\/users\/1"}],"replies":[{"embeddable":true,"href":"https:\/\/fliegerblog.rjs.de\/index.php?rest_route=%2Fwp%2Fv2%2Fcomments&post=980"}],"version-history":[{"count":0,"href":"https:\/\/fliegerblog.rjs.de\/index.php?rest_route=\/wp\/v2\/posts\/980\/revisions"}],"wp:attachment":[{"href":"https:\/\/fliegerblog.rjs.de\/index.php?rest_route=%2Fwp%2Fv2%2Fmedia&parent=980"}],"wp:term":[{"taxonomy":"category","embeddable":true,"href":"https:\/\/fliegerblog.rjs.de\/index.php?rest_route=%2Fwp%2Fv2%2Fcategories&post=980"},{"taxonomy":"post_tag","embeddable":true,"href":"https:\/\/fliegerblog.rjs.de\/index.php?rest_route=%2Fwp%2Fv2%2Ftags&post=980"}],"curies":[{"name":"wp","href":"https:\/\/api.w.org\/{rel}","templated":true}]}}