{"id":977,"date":"2015-08-30T18:55:59","date_gmt":"2015-08-30T17:55:59","guid":{"rendered":"http:\/\/www.rjs.de\/fliegerblog\/?p=977"},"modified":"2015-08-30T18:55:59","modified_gmt":"2015-08-30T17:55:59","slug":"der-hang-tut-im-oefter-so-als-waere-er-ein-flughang","status":"publish","type":"post","link":"https:\/\/fliegerblog.rjs.de\/?p=977","title":{"rendered":"Der Hang tut im \u00f6fter so als w\u00e4re er ein Flughang"},"content":{"rendered":"<div class=\"separator\" style=\"clear: both; text-align: center;\"><a style=\"clear: right; float: right; margin-bottom: 1em; margin-left: 1em;\" href=\"https:\/\/i0.wp.com\/4.bp.blogspot.com\/-1D5Xv2JbjHc\/VeNB5Yv5hFI\/AAAAAAAACpI\/1JXdGRDNV8s\/s1600\/t1440936841.jpg\"><img decoding=\"async\" src=\"https:\/\/i0.wp.com\/4.bp.blogspot.com\/-1D5Xv2JbjHc\/VeNB5Yv5hFI\/AAAAAAAACpI\/1JXdGRDNV8s\/s200\/t1440936841.jpg?w=840\" alt=\"\" border=\"0\" data-recalc-dims=\"1\" \/><\/a><\/div>\n<p>Ich bin gestern aus dem Urlaub in den Alpen zur\u00fcck gekommen. Aber da ich mit der Familie Urlaub gemacht hatte, hatte ich keinen Schirm dabei. Von daher muss ich zum Fliegen mit den M\u00f6glichkeiten vorlieb nehmen, die sich hier in der Gegend bieten.<\/p>\n<div class=\"separator\" style=\"clear: both; text-align: center;\"><a style=\"clear: right; float: right; margin-bottom: 1em; margin-left: 1em;\" href=\"https:\/\/i0.wp.com\/1.bp.blogspot.com\/-iRx7AAzZ4y8\/VeNB5fTRcSI\/AAAAAAAACpE\/Vc9ioaOcFx4\/s1600\/t1440940801.jpg\"><img decoding=\"async\" src=\"https:\/\/i0.wp.com\/1.bp.blogspot.com\/-iRx7AAzZ4y8\/VeNB5fTRcSI\/AAAAAAAACpE\/Vc9ioaOcFx4\/s200\/t1440940801.jpg?w=840\" alt=\"\" border=\"0\" data-recalc-dims=\"1\" \/><\/a><\/div>\n<p>Nach der langen Autofahrt gestern wollte ich heute nicht weit fahren. Reichenbach hat sich angeboten und gegen 13:00 Uhr war ich am Hang.<\/p>\n<div class=\"separator\" style=\"clear: both; text-align: center;\"><a style=\"clear: right; float: right; margin-bottom: 1em; margin-left: 1em;\" href=\"https:\/\/i0.wp.com\/3.bp.blogspot.com\/-YBwuDJeS2bY\/VeNB5eODc7I\/AAAAAAAACpU\/tjE6sB3V5zo\/s1600\/t1440941041.jpg\"><img decoding=\"async\" src=\"https:\/\/i0.wp.com\/3.bp.blogspot.com\/-YBwuDJeS2bY\/VeNB5eODc7I\/AAAAAAAACpU\/tjE6sB3V5zo\/s200\/t1440941041.jpg?w=840\" alt=\"\" border=\"0\" data-recalc-dims=\"1\" \/><\/a><\/div>\n<p>Es war zwar brutal hei\u00df, aber der Wind hat richtig gut auf dem Hang gestanden. Kr\u00e4ftig und immer wieder thermische Abl\u00f6sungen, aber nicht bockig. Im Grunde perfekt f\u00fcr den Hang. Und der hat mal wieder so getan als w\u00e4re er ein richtiger Flughang. Es ging teils richtig gut zu fliegen. Mehrfache Startplatz\u00fcberh\u00f6hung und 1x konnte ich sogar wieder zur\u00fcck \u00fcber den Startplatz fliegen. Sowas ist an dem Hang ziemlich selten.<\/p>\n<div class=\"separator\" style=\"clear: both; text-align: center;\"><a style=\"clear: right; float: right; margin-bottom: 1em; margin-left: 1em;\" href=\"https:\/\/i0.wp.com\/3.bp.blogspot.com\/-zCkfZvA1mbo\/VeNB5zB-ytI\/AAAAAAAACpM\/QWHBF_TtGi4\/s1600\/t1440941281.jpg\"><img decoding=\"async\" src=\"https:\/\/i0.wp.com\/3.bp.blogspot.com\/-zCkfZvA1mbo\/VeNB5zB-ytI\/AAAAAAAACpM\/QWHBF_TtGi4\/s200\/t1440941281.jpg?w=840\" alt=\"\" border=\"0\" data-recalc-dims=\"1\" \/><\/a><\/div>\n<p>Das hat sich heute auf jeden Fall gelohnt. Auch wenn ich durch die Hitze trotz 3 Liter Wasser nach 3 Stunden platt wie eine Flunder war. Aber gegen 16:00 Uhr ist der Wind sowieso eingeschlafen und wir haben zusammengepackt.<br \/>\n<iframe loading=\"lazy\" src=\"https:\/\/www.youtube.com\/embed\/1YYHzNVTQxA\" width=\"560\" height=\"315\" frameborder=\"0\" allowfullscreen=\"allowfullscreen\"><\/iframe><\/p>\n","protected":false},"excerpt":{"rendered":"<p>Ich bin gestern aus dem Urlaub in den Alpen zur\u00fcck gekommen. Aber da ich mit der Familie Urlaub gemacht hatte, hatte ich keinen Schirm dabei. Von daher muss ich zum Fliegen mit den M\u00f6glichkeiten vorlieb nehmen, die sich hier in der Gegend bieten. Nach der langen Autofahrt gestern wollte ich heute nicht weit fahren. Reichenbach &hellip; <a href=\"https:\/\/fliegerblog.rjs.de\/?p=977\" class=\"more-link\"><span class=\"screen-reader-text\">\u201eDer Hang tut im \u00f6fter so als w\u00e4re er ein Flughang\u201c<\/span> weiterlesen<\/a><\/p>\n","protected":false},"author":1,"featured_media":0,"comment_status":"open","ping_status":"open","sticky":false,"template":"","format":"standard","meta":{"jetpack_post_was_ever_published":false,"footnotes":"","jetpack_publicize_message":"","jetpack_is_tweetstorm":false,"jetpack_publicize_feature_enabled":true,"jetpack_social_options":[]},"categories":[2],"tags":[],"class_list":["post-977","post","type-post","status-publish","format-standard","hentry","category-allgemein"],"jetpack_publicize_connections":[],"jetpack_featured_media_url":"","jetpack_shortlink":"https:\/\/wp.me\/p788kK-fL","jetpack-related-posts":[{"id":697,"url":"https:\/\/fliegerblog.rjs.de\/?p=697","url_meta":{"origin":977,"position":0},"title":"Gleich nochmal","date":"September 6, 2013","format":false,"excerpt":"Nach dem genialen Tag gestern bin ich heute gleich noch einmal nach Eschbach gefahren, nachdem das Schleppen in Laufenselden wegen dem Querwind abgesagt wurde. Ich hatte nach den Erfahrungen von gestern heute aber das Windmaximum abwarten wollen, denn das sollte f\u00fcr heute noch st\u00e4rker als gestern werden und etwas fr\u00fcher\u2026","rel":"","context":"In &quot;Allgemein&quot;","img":{"alt_text":"","src":"","width":0,"height":0},"classes":[]},{"id":1662,"url":"https:\/\/fliegerblog.rjs.de\/?p=1662","url_meta":{"origin":977,"position":1},"title":"Nicht Passeiertal, nicht Achensee, &#8230;","date":"August 31, 2019","format":false,"excerpt":"... sondern Rheinhessen. Klingt vielleicht komisch, aber ich war gerade \u00fcber 12 Tage auf Familienurlaub erst in S\u00fcd-Tirol und dann noch am Achensee. Also 2 Hotspots zum Gleitschirmfliegen. Aber ich hatte bewusst den Schirm nicht mitgenommen. Es passt f\u00fcr mich nicht zum Familienurlaub, wenn man permanent versucht die Aktivit\u00e4ten mit\u2026","rel":"","context":"\u00c4hnlicher Beitrag","img":{"alt_text":"","src":"https:\/\/i0.wp.com\/1.bp.blogspot.com\/-big42DdBoDM\/XWqvCCNEJ3I\/AAAAAAAAE-4\/m-gtNAm0aWAt0SQjtMIVMyKJm-MDpB2CACLcBGAs\/s320\/GOPR0955.JPG?resize=350%2C200&ssl=1","width":350,"height":200},"classes":[]},{"id":1672,"url":"https:\/\/fliegerblog.rjs.de\/?p=1672","url_meta":{"origin":977,"position":2},"title":"Das Ende der Schleppsaison ist wieder nahe &#8230;","date":"Oktober 24, 2019","format":false,"excerpt":"... aber heute konnte ich nochmal das sch\u00f6ne Wetter ausnutzen und zu dem kurzfristig angesetzten Schleppen nach Neu-Anspach fahren.\u00a0 Da hatte ich dieses Jahr die Schleppsaison begonnen und - wenn es nicht noch ein paar Termine in Singhofen, Wallertheim oder sonst gibt - da habe damit heute also das Ende\u2026","rel":"","context":"\u00c4hnlicher Beitrag","img":{"alt_text":"","src":"https:\/\/i0.wp.com\/1.bp.blogspot.com\/-sOVeFfKq0rI\/XbHfRLJy4qI\/AAAAAAAAFGg\/MwIv9yihO7MuOBfMwe6kk-UmCxUj9likQCLcBGAsYHQ\/s320\/GOPR2392.JPG?resize=350%2C200&ssl=1","width":350,"height":200},"classes":[]},{"id":1163,"url":"https:\/\/fliegerblog.rjs.de\/?p=1163","url_meta":{"origin":977,"position":3},"title":"Hitzeschlacht beim Testival in A\u00dflar","date":"Juli 10, 2016","format":false,"excerpt":"Ich war mir heute ganz und gar nicht sicher, was ich flugtechnisch machen sollte. Das ganze Wochenende (eigentlich seit Donnerstag) war f\u00fcr mich mit Fliegen nicht gut gelaufen - hab mich falsch entschieden oder es ist nicht zusammen gekommen. Heute war SW-Wind angek\u00fcndigt und da h\u00e4tte Reichenbach gepasst. Aber da\u2026","rel":"","context":"\u00c4hnlicher Beitrag","img":{"alt_text":"","src":"https:\/\/i0.wp.com\/1.bp.blogspot.com\/-Lm0V3EIp95U\/V4Jy8KQY-UI\/AAAAAAAADCY\/4gRK_YZtro8txwhLde0Chm6T9JlT3cTygCLcB\/s320\/GOPR5843.JPG?resize=350%2C200&ssl=1","width":350,"height":200},"classes":[]},{"id":1515,"url":"https:\/\/fliegerblog.rjs.de\/?p=1515","url_meta":{"origin":977,"position":4},"title":"Fast schon kitschig sch\u00f6ne Licht- und Wetterverh\u00e4ltnisse","date":"Oktober 21, 2018","format":false,"excerpt":"\ufeff Ich war gestern noch unsicher, ob ich heute nochmal nach Singhofen fahren sollte. Denn heute war gemeinsames Schleppen von Freifliegern und einem Windenkurs angesetzt. Und da zieht sich die Sache immer ziemlich zwischen den Fl\u00fcgen und man kommt nur auf wenige Fl\u00fcge \u00fcber den Tag. Zumal ich gestern ja\u2026","rel":"","context":"\u00c4hnlicher Beitrag","img":{"alt_text":"","src":"https:\/\/i0.wp.com\/3.bp.blogspot.com\/-u0rNTSaClLA\/W8zH4xD-McI\/AAAAAAAAEOs\/Z6MVtQ1hy-ce9_u0FGZu1vPhYyHemRneACLcBGAs\/s320\/GOPR4573.JPG?resize=350%2C200&ssl=1","width":350,"height":200},"classes":[]},{"id":2032,"url":"https:\/\/fliegerblog.rjs.de\/?p=2032","url_meta":{"origin":977,"position":5},"title":"Schleppender Neustart","date":"August 27, 2023","format":false,"excerpt":"Gestern Abend bin ich von meinem Urlaub aus S\u00fcd-Tirol zur\u00fcckgekommen. Dort habe ich die ganzen Schirme vom Hirzer, Dorf Tirol und Meran 2000 starten sehen (viele davon vom Hotel bzw. dem Pool aus), aber da es ein Familienurlaub war, hatte ich bewusst keinen Gleitschirm mitgenommen. F\u00e4llt schon schwer, ist aber\u2026","rel":"","context":"\u00c4hnlicher Beitrag","img":{"alt_text":"","src":"https:\/\/i0.wp.com\/blogger.googleusercontent.com\/img\/b\/R29vZ2xl\/AVvXsEjwePvmFX232rljxIq-37-wZdsJSFlvZeIsCAHPYzIrrUoqmJu-lgFKbnoTVLw4duklsDZrgRvuyrsUDS716456vVW8nojzHB-bBcKUVriiUn29qDpm_p7-YuM7ncnLv6Dhp3mrWc--XYIj6eYma3eJD5tCUjWspFda0adGCqEME2YXFIbuqn5MH38lqLwS\/s320\/20230827_120150.jpg?resize=350%2C200&ssl=1","width":350,"height":200},"classes":[]}],"_links":{"self":[{"href":"https:\/\/fliegerblog.rjs.de\/index.php?rest_route=\/wp\/v2\/posts\/977","targetHints":{"allow":["GET"]}}],"collection":[{"href":"https:\/\/fliegerblog.rjs.de\/index.php?rest_route=\/wp\/v2\/posts"}],"about":[{"href":"https:\/\/fliegerblog.rjs.de\/index.php?rest_route=\/wp\/v2\/types\/post"}],"author":[{"embeddable":true,"href":"https:\/\/fliegerblog.rjs.de\/index.php?rest_route=\/wp\/v2\/users\/1"}],"replies":[{"embeddable":true,"href":"https:\/\/fliegerblog.rjs.de\/index.php?rest_route=%2Fwp%2Fv2%2Fcomments&post=977"}],"version-history":[{"count":0,"href":"https:\/\/fliegerblog.rjs.de\/index.php?rest_route=\/wp\/v2\/posts\/977\/revisions"}],"wp:attachment":[{"href":"https:\/\/fliegerblog.rjs.de\/index.php?rest_route=%2Fwp%2Fv2%2Fmedia&parent=977"}],"wp:term":[{"taxonomy":"category","embeddable":true,"href":"https:\/\/fliegerblog.rjs.de\/index.php?rest_route=%2Fwp%2Fv2%2Fcategories&post=977"},{"taxonomy":"post_tag","embeddable":true,"href":"https:\/\/fliegerblog.rjs.de\/index.php?rest_route=%2Fwp%2Fv2%2Ftags&post=977"}],"curies":[{"name":"wp","href":"https:\/\/api.w.org\/{rel}","templated":true}]}}