{"id":973,"date":"2015-08-14T20:00:31","date_gmt":"2015-08-14T19:00:31","guid":{"rendered":"http:\/\/www.rjs.de\/fliegerblog\/?p=973"},"modified":"2015-08-14T20:00:31","modified_gmt":"2015-08-14T19:00:31","slug":"bisschen-gespielt","status":"publish","type":"post","link":"https:\/\/fliegerblog.rjs.de\/?p=973","title":{"rendered":"Bisschen gespielt"},"content":{"rendered":"<p><iframe loading=\"lazy\" width=\"560\" height=\"315\" src=\"https:\/\/www.youtube.com\/embed\/h2JrJO7m2og\" frameborder=\"0\" allowfullscreen><\/iframe><\/p>\n<div class=\"separator\" style=\"clear: both; text-align: center;\">\n<a href=\"https:\/\/i0.wp.com\/2.bp.blogspot.com\/-hwrFjLQ73cc\/Vc42J8n7ZpI\/AAAAAAAACoU\/dExR_7N0YBI\/s1600\/t1439556001.jpg\" imageanchor=\"1\" style=\"clear: left; float: left; margin-bottom: 1em; margin-right: 1em;\"><img decoding=\"async\" border=\"0\" src=\"https:\/\/i0.wp.com\/2.bp.blogspot.com\/-hwrFjLQ73cc\/Vc42J8n7ZpI\/AAAAAAAACoU\/dExR_7N0YBI\/s200\/t1439556001.jpg?w=840\" data-recalc-dims=\"1\" \/><\/a><\/div>\n<p>Ich hatte f\u00fcr heute S\u00fcdwind in den Prognosen gesehen und mal locker Reichenbach anvisiert.<br \/>\n<\/p>\n<div class=\"separator\" style=\"clear: both; text-align: center;\">\n<a href=\"https:\/\/i0.wp.com\/2.bp.blogspot.com\/-ZZaM7fCE9sw\/Vc42J5BM8fI\/AAAAAAAACoY\/uBvuvakCc8U\/s1600\/t1439556721.jpg\" imageanchor=\"1\" style=\"clear: left; float: left; margin-bottom: 1em; margin-right: 1em;\"><img decoding=\"async\" border=\"0\" src=\"https:\/\/i0.wp.com\/2.bp.blogspot.com\/-ZZaM7fCE9sw\/Vc42J5BM8fI\/AAAAAAAACoY\/uBvuvakCc8U\/s200\/t1439556721.jpg?w=840\" data-recalc-dims=\"1\" \/><\/a><\/div>\n<p>Gegen 12:45 Uhr habe ich dann auf der Webcam zwei Schirme gesehen und bin dann auch nach dem Mittagessen los an den Hang.<br \/>\n<\/p>\n<div class=\"separator\" style=\"clear: both; text-align: center;\">\n<a href=\"https:\/\/i0.wp.com\/2.bp.blogspot.com\/-L2ONHWfahu8\/Vc42Jza48jI\/AAAAAAAACos\/X9_ziocKKEM\/s1600\/t1439556841.jpg\" imageanchor=\"1\" style=\"clear: left; float: left; margin-bottom: 1em; margin-right: 1em;\"><img decoding=\"async\" border=\"0\" src=\"https:\/\/i0.wp.com\/2.bp.blogspot.com\/-L2ONHWfahu8\/Vc42Jza48jI\/AAAAAAAACos\/X9_ziocKKEM\/s200\/t1439556841.jpg?w=840\" data-recalc-dims=\"1\" \/><\/a><\/div>\n<p>Gegen 14:15 Uhr war ich da. Wind war nicht sonderlich stark, kam aber einigerma\u00dfen von vorne (mit leichter Osttendenz) und es hat auch ein bisschen getragen.<br \/>\n<\/p>\n<div class=\"separator\" style=\"clear: both; text-align: center;\">\n<a href=\"https:\/\/i0.wp.com\/4.bp.blogspot.com\/-qXUClCQ3xBY\/Vc42KhUDzAI\/AAAAAAAACoc\/JyhssFul9Sk\/s1600\/t1439559241.jpg\" imageanchor=\"1\" style=\"clear: left; float: left; margin-bottom: 1em; margin-right: 1em;\"><img decoding=\"async\" border=\"0\" src=\"https:\/\/i0.wp.com\/4.bp.blogspot.com\/-qXUClCQ3xBY\/Vc42KhUDzAI\/AAAAAAAACoc\/JyhssFul9Sk\/s200\/t1439559241.jpg?w=840\" data-recalc-dims=\"1\" \/><\/a><\/div>\n<p>Um sich zu halten war der Wind zu schwach. Aber ein paar Spielereien gingen schon. Gegen 16:00 Uhr ist der Wind dann noch mehr auf Ost gedreht und wir haben zusammengepackt. War heute einfach eine kleine Episode in meiner Taunusrunde mit mehrere Terminen.<\/p>\n","protected":false},"excerpt":{"rendered":"<p>Ich hatte f\u00fcr heute S\u00fcdwind in den Prognosen gesehen und mal locker Reichenbach anvisiert. Gegen 12:45 Uhr habe ich dann auf der Webcam zwei Schirme gesehen und bin dann auch nach dem Mittagessen los an den Hang. Gegen 14:15 Uhr war ich da. Wind war nicht sonderlich stark, kam aber einigerma\u00dfen von vorne (mit leichter &hellip; <a href=\"https:\/\/fliegerblog.rjs.de\/?p=973\" class=\"more-link\"><span class=\"screen-reader-text\">\u201eBisschen gespielt\u201c<\/span> weiterlesen<\/a><\/p>\n","protected":false},"author":1,"featured_media":0,"comment_status":"open","ping_status":"open","sticky":false,"template":"","format":"standard","meta":{"jetpack_post_was_ever_published":false,"footnotes":"","jetpack_publicize_message":"","jetpack_is_tweetstorm":false,"jetpack_publicize_feature_enabled":true,"jetpack_social_options":[]},"categories":[2],"tags":[],"class_list":["post-973","post","type-post","status-publish","format-standard","hentry","category-allgemein"],"jetpack_publicize_connections":[],"jetpack_featured_media_url":"","jetpack_shortlink":"https:\/\/wp.me\/p788kK-fH","jetpack-related-posts":[{"id":1222,"url":"https:\/\/fliegerblog.rjs.de\/?p=1222","url_meta":{"origin":973,"position":0},"title":"Die T\u00fcte ist ok","date":"Februar 19, 2017","format":false,"excerpt":"Nachdem ich bei meinem letzten Flugtag den Schirm da abgelegt hatte, wo man freiwillig das garantiert nicht macht, konnte ich heute erst nachsehen, ob der Fluglappen bei der bescheidenen Aktion was abbekommen hatte. Aber gl\u00fccklicher (und eigentlich auch unerwarteter) Weise ist die T\u00fcte bei der Aktion vollkommen unbesch\u00e4digt geblieben. Weder\u2026","rel":"","context":"\u00c4hnlicher Beitrag","img":{"alt_text":"","src":"","width":0,"height":0},"classes":[]},{"id":2104,"url":"https:\/\/fliegerblog.rjs.de\/?p=2104","url_meta":{"origin":973,"position":1},"title":"Bodenturnen auf dem Halberg","date":"August 20, 2024","format":false,"excerpt":"Gestern Abend habe ich beil\u00e4ufig gesehen, dass f\u00fcr heute SO-Wind angesagt war und heute morgen dann \u00fcberlegt, ob ich nach Eschbach gehen soll. Aber dann kam in WhatsApp die Anfrage, ob jemand Lust zum Groundhandlen auf dem Halberg hat. Ich habe mich daf\u00fcr entschieden und um 14:00 Uhr haben wir\u2026","rel":"","context":"\u00c4hnlicher Beitrag","img":{"alt_text":"","src":"","width":0,"height":0},"classes":[]},{"id":1105,"url":"https:\/\/fliegerblog.rjs.de\/?p=1105","url_meta":{"origin":973,"position":2},"title":"Schneefliegen","date":"Januar 17, 2016","format":false,"excerpt":"Ich hatte Anfang der Woche zwar gesehen, dass f\u00fcr dieses Wochenende Nordwind angek\u00fcndigt war. Aber es sah f\u00fcr mich aus als w\u00fcrde es viel zu stark und b\u00f6ig. Gestern Abend ging aber ein Post auf WhatsApp raus, ob heute MFK ging? Also doch nochmal geschaut und es sah mir immer\u2026","rel":"","context":"\u00c4hnlicher Beitrag","img":{"alt_text":"","src":"","width":0,"height":0},"classes":[]},{"id":1271,"url":"https:\/\/fliegerblog.rjs.de\/?p=1271","url_meta":{"origin":973,"position":3},"title":"Ereignisreicher Flugtag","date":"Juni 11, 2017","format":false,"excerpt":"Mit \u00fcber 30 Grad und schwachem S\u00fcdost, der \u00fcber den Mittag auf S\u00fcd drehen sollte, waren die Prognosen f\u00fcr Eschbach heute eigentlich nicht so gut. Au\u00dferdem meide ich den Hang an Wochenenden meist, weil sehr oft zu voll. Ich hatte mich deshalb zum Schleppen in Wallertheim angemeldet, aber das ist\u2026","rel":"","context":"\u00c4hnlicher Beitrag","img":{"alt_text":"","src":"https:\/\/i0.wp.com\/4.bp.blogspot.com\/-air7_j1VKjk\/WT194lP_jrI\/AAAAAAAADcc\/6LvySIgsTrw-WDnh2NN6kd0zblZKI0a-QCLcB\/s400\/GOPR3642.JPG?resize=350%2C200&ssl=1","width":350,"height":200},"classes":[]},{"id":311,"url":"https:\/\/fliegerblog.rjs.de\/?p=311","url_meta":{"origin":973,"position":4},"title":"Best Day ever in MF?","date":"April 16, 2010","format":false,"excerpt":"War heute ab etwa 13:30 Uhr am MFK. Da war gerade ein Flieger schon da, den ich aber nicht gekannt habe. Bis zum Abend kamen jedoch gut 20 Flieger an den Hang, denn bei den RMLern wurde der heutige Tag im Vorfeld ziemlich beworben. Und das wohl nicht zu unrecht,\u2026","rel":"","context":"In &quot;Allgemein&quot;","img":{"alt_text":"","src":"","width":0,"height":0},"classes":[]},{"id":1874,"url":"https:\/\/fliegerblog.rjs.de\/?p=1874","url_meta":{"origin":973,"position":5},"title":"November, S\u00fcdwind, Sonne und ganz viel los am Spielhang","date":"November 6, 2021","format":false,"excerpt":"Heute hat sich der Tag am Hang mal wieder richtig gelohnt. F\u00fcr November relativ warm, Aussichten auf recht guten S\u00fcdwind und vor allen Dingen sehr viel Sonne in den h\u00f6heren Lagen haben \u00fcber den Nachmittag eine ganze Armee an Fliegern an den Hang in Reichenbach gelockt. Sch\u00e4tze, dass wir gut\u2026","rel":"","context":"\u00c4hnlicher Beitrag","img":{"alt_text":"","src":"https:\/\/i0.wp.com\/1.bp.blogspot.com\/-a2xsMY-OEk0\/YYbGKlbpLyI\/AAAAAAAAGas\/pKMiAF9yzyk-APi2yXzNbNFYD_AUEqrtACLcBGAsYHQ\/w400-h300\/20211106_131534.JPG?resize=350%2C200&ssl=1","width":350,"height":200},"classes":[]}],"_links":{"self":[{"href":"https:\/\/fliegerblog.rjs.de\/index.php?rest_route=\/wp\/v2\/posts\/973","targetHints":{"allow":["GET"]}}],"collection":[{"href":"https:\/\/fliegerblog.rjs.de\/index.php?rest_route=\/wp\/v2\/posts"}],"about":[{"href":"https:\/\/fliegerblog.rjs.de\/index.php?rest_route=\/wp\/v2\/types\/post"}],"author":[{"embeddable":true,"href":"https:\/\/fliegerblog.rjs.de\/index.php?rest_route=\/wp\/v2\/users\/1"}],"replies":[{"embeddable":true,"href":"https:\/\/fliegerblog.rjs.de\/index.php?rest_route=%2Fwp%2Fv2%2Fcomments&post=973"}],"version-history":[{"count":0,"href":"https:\/\/fliegerblog.rjs.de\/index.php?rest_route=\/wp\/v2\/posts\/973\/revisions"}],"wp:attachment":[{"href":"https:\/\/fliegerblog.rjs.de\/index.php?rest_route=%2Fwp%2Fv2%2Fmedia&parent=973"}],"wp:term":[{"taxonomy":"category","embeddable":true,"href":"https:\/\/fliegerblog.rjs.de\/index.php?rest_route=%2Fwp%2Fv2%2Fcategories&post=973"},{"taxonomy":"post_tag","embeddable":true,"href":"https:\/\/fliegerblog.rjs.de\/index.php?rest_route=%2Fwp%2Fv2%2Ftags&post=973"}],"curies":[{"name":"wp","href":"https:\/\/api.w.org\/{rel}","templated":true}]}}