{"id":968,"date":"2015-08-07T18:18:24","date_gmt":"2015-08-07T17:18:24","guid":{"rendered":"http:\/\/www.rjs.de\/fliegerblog\/?p=968"},"modified":"2015-08-07T18:18:24","modified_gmt":"2015-08-07T17:18:24","slug":"kurz-vor-dem-hitzschlag","status":"publish","type":"post","link":"https:\/\/fliegerblog.rjs.de\/?p=968","title":{"rendered":"Kurz vor dem Hitzschlag"},"content":{"rendered":"<div class=\"separator\" style=\"clear: both; text-align: center;\">\n<a href=\"https:\/\/i0.wp.com\/3.bp.blogspot.com\/-RaED4QCQ5ag\/VcTm8ITOnBI\/AAAAAAAACnk\/3G0jqawaaoA\/s1600\/WDS-ze76XMTGGp2WOhxpAtb_pLmAm9qR8oXNb_-iAIQ.jpg\" imageanchor=\"1\" style=\"clear: left; float: left; margin-bottom: 1em; margin-right: 1em;\"><img decoding=\"async\" border=\"0\" src=\"https:\/\/i0.wp.com\/3.bp.blogspot.com\/-RaED4QCQ5ag\/VcTm8ITOnBI\/AAAAAAAACnk\/3G0jqawaaoA\/s400\/WDS-ze76XMTGGp2WOhxpAtb_pLmAm9qR8oXNb_-iAIQ.jpg?w=840\" data-recalc-dims=\"1\" \/><\/a><\/div>\n<p>Man, war das heute wieder hei\u00df. In einigen Regionen hier wurden vermutlich die 40 Grad im Schatten geknackt und am Hang in Eschbach gab es wenig von diesem Schatten. Ich war gegen 12:45 Uhr am Hang und bin bis 17:00 Uhr geblieben.<br \/>\nZwischenzeitlich ist unser DGLC-Vorsitzender mal verschwunden und mit eine K\u00fchlbox Eis wiedergekommen. Insbesondere die Eisw\u00fcrfel, die zur K\u00fchlung in der Truhe waren, haben reisende Absatz gefunden, um sich damit einzureiben und etwas runter zu k\u00fchlen.<br \/>\nDas war heute wirklich kurz vor Hitzschlag. Flugtechnisch war der Tag eher eine Entt\u00e4uschung, denn zuerst kam der Wind etwas zu viel aus Ost, um dann fast \u00fcbergangslos auf zu viel S\u00fcd zu gehen. Au\u00dferdem war der Wind nicht gerade stark. Man musste Gl\u00fcck haben, um in die Luft zu kommen und noch mehr Gl\u00fcck, um sich eine Weile zumindest zu halten. Ich hatte 3 oder 4 halbwegs gute Phasen erwischt, aber so richtig viel Airtime kam heute nicht zusammen.<\/p>\n","protected":false},"excerpt":{"rendered":"<p>Man, war das heute wieder hei\u00df. In einigen Regionen hier wurden vermutlich die 40 Grad im Schatten geknackt und am Hang in Eschbach gab es wenig von diesem Schatten. Ich war gegen 12:45 Uhr am Hang und bin bis 17:00 Uhr geblieben. Zwischenzeitlich ist unser DGLC-Vorsitzender mal verschwunden und mit eine K\u00fchlbox Eis wiedergekommen. Insbesondere &hellip; <a href=\"https:\/\/fliegerblog.rjs.de\/?p=968\" class=\"more-link\"><span class=\"screen-reader-text\">\u201eKurz vor dem Hitzschlag\u201c<\/span> weiterlesen<\/a><\/p>\n","protected":false},"author":1,"featured_media":0,"comment_status":"open","ping_status":"open","sticky":false,"template":"","format":"standard","meta":{"jetpack_post_was_ever_published":false,"footnotes":"","jetpack_publicize_message":"","jetpack_is_tweetstorm":false,"jetpack_publicize_feature_enabled":true,"jetpack_social_options":[]},"categories":[2],"tags":[],"class_list":["post-968","post","type-post","status-publish","format-standard","hentry","category-allgemein"],"jetpack_publicize_connections":[],"jetpack_featured_media_url":"","jetpack_shortlink":"https:\/\/wp.me\/p788kK-fC","jetpack-related-posts":[{"id":1225,"url":"https:\/\/fliegerblog.rjs.de\/?p=1225","url_meta":{"origin":968,"position":0},"title":"Eine erste Idee von Fr\u00fchling","date":"M\u00e4rz 10, 2017","format":false,"excerpt":"So ganz langsam l\u00e4sst sich Fr\u00fchling erahnen. Es wurde die letzten Tage immer w\u00e4rmer und heute kam noch sch\u00f6ne Sonne raus. Nachdem dazu noch Wind aus Nordwest angesagt war, bin ich mal wieder an den MFK. Die Prognosen sahen vor allen Dingen f\u00fcr Vormittag ganz gut aus. Aber gegen Nachmittag\u2026","rel":"","context":"\u00c4hnlicher Beitrag","img":{"alt_text":"","src":"https:\/\/i0.wp.com\/1.bp.blogspot.com\/-ulpCNEljXTs\/WMLqr-MNJ3I\/AAAAAAAADS0\/trwF7pRe1NsL0xMsk52iefvpg8OsFdsZACLcB\/s320\/GOPR0866.JPG?resize=350%2C200&ssl=1","width":350,"height":200},"classes":[]},{"id":1005,"url":"https:\/\/fliegerblog.rjs.de\/?p=1005","url_meta":{"origin":968,"position":1},"title":"One of the best :-)","date":"Oktober 30, 2015","format":false,"excerpt":"Das war heute einer der besten Flugtage des Jahres f\u00fcr mich. Definitiv. Die Prognosen hatten zwar \u00fcberwiegend Ost angesagt, aber ein paar kleine Chancen auf SO waren da. Nach meiner Einsch\u00e4tzung vor allen Dingen fr\u00fcher am Tag. Deshalb war ich schon kurz vor 11:00 Uhr am Hang. Und es ging\u2026","rel":"","context":"In &quot;Allgemein&quot;","img":{"alt_text":"","src":"","width":0,"height":0},"classes":[]},{"id":1171,"url":"https:\/\/fliegerblog.rjs.de\/?p=1171","url_meta":{"origin":968,"position":2},"title":"Vor der ganz gro\u00dfen Hitze","date":"Juli 20, 2016","format":false,"excerpt":"Im Moment fahren die Temperaturen Achterbahn. Nachdem es am Wochenende richtig k\u00fchl war, sind heute weit \u00fcber 30 Grad im Schatten angesagt. Ich wollte vor der gro\u00dfen Hitze in Eschbach etwas fliegen und war gegen 10:00 Uhr da. Auch da war es schon richtig hei\u00df, aber die Hitzeschlacht am Nachmittag\u2026","rel":"","context":"\u00c4hnlicher Beitrag","img":{"alt_text":"","src":"https:\/\/i0.wp.com\/2.bp.blogspot.com\/-B_bN0p6Ql_Q\/V4-FQLocgTI\/AAAAAAAADFM\/hhY6nbbSIN4ymoJYOIv4RNE5s-lWQw6egCLcB\/s320\/IMG-20160720-WA0001.jpg?resize=350%2C200&ssl=1","width":350,"height":200},"classes":[]},{"id":736,"url":"https:\/\/fliegerblog.rjs.de\/?p=736","url_meta":{"origin":968,"position":3},"title":"Was ein geiler Flugtag &#8230;","date":"Februar 24, 2014","format":false,"excerpt":"war das heute :-). Finde ich zumindest. Nachdem ich auch gestern (Sonntag) wieder arbeiten musste (schon der 2. Sonntag hineinander, nur dieses Mal eine Schulung bei der VHS) und bei den Flugaktionen dementsprechend nicht dabei war, habe ich mir den heutigen Montagnachmittag frei genommen. Es sah nach strahlendem Sonnenschein und\u2026","rel":"","context":"In &quot;Allgemein&quot;","img":{"alt_text":"","src":"https:\/\/i0.wp.com\/1.bp.blogspot.com\/-SM1E4vx3HdY\/UwuftVJTWHI\/AAAAAAAABro\/haXeBK8oGc4\/s1600\/GOPR3006.JPG?resize=350%2C200","width":350,"height":200},"classes":[]},{"id":1238,"url":"https:\/\/fliegerblog.rjs.de\/?p=1238","url_meta":{"origin":968,"position":4},"title":"Reichenbacher Traumwetter","date":"M\u00e4rz 28, 2017","format":false,"excerpt":"7 Sonnen stehen im Moment am Himmel und wer Zeit hat, geht irgendwie nach drau\u00dfen. Bei mir war die Zeit vorhanden und da S\u00fcdwind angesagt war, bin ich heute gegen 12:00 Uhr in Reichenbach am Hang angekommen. Bis etwa 15:00 Uhr sollte der Wind aus S\u00fcd kommen und erst dann\u2026","rel":"","context":"\u00c4hnlicher Beitrag","img":{"alt_text":"","src":"https:\/\/i0.wp.com\/1.bp.blogspot.com\/-OH7j5M5cYkk\/WNqgXRcBaUI\/AAAAAAAADW0\/3Ngs6li33j0ux4e5M9RlcD3wuOhIImmgwCLcB\/s320\/GOPR1312.JPG?resize=350%2C200&ssl=1","width":350,"height":200},"classes":[]},{"id":1806,"url":"https:\/\/fliegerblog.rjs.de\/?p=1806","url_meta":{"origin":968,"position":5},"title":"Pers\u00f6nlicher H\u00f6henrekord in AH","date":"Mai 29, 2021","format":false,"excerpt":"\u00a0 Ich denke, dass ich gut 2 Jahre nicht mehr in Arnoldshain geflogen bin. Aber da die f\u00fcr heute geplante Er\u00f6ffnung der Schleppsaison bei der Schleppgemeinschaft Rheinhessen kurzfristig wegen dem Anstieg der Corona-Zahlen im Landkreis abgesagt werden musste, bin ich nach Arnoldshain. Im Moment gibt es sowieso kaum Alternativen, weil\u2026","rel":"","context":"\u00c4hnlicher Beitrag","img":{"alt_text":"","src":"https:\/\/i0.wp.com\/1.bp.blogspot.com\/-7BAQ-gzpIE8\/YLJVuThN6sI\/AAAAAAAAGDo\/E4n3kkEpkfcANezO_rqfUT3FCzx_jqePgCLcBGAsYHQ\/w640-h480\/IMG_20210529_132019.jpg?resize=350%2C200&ssl=1","width":350,"height":200},"classes":[]}],"_links":{"self":[{"href":"https:\/\/fliegerblog.rjs.de\/index.php?rest_route=\/wp\/v2\/posts\/968","targetHints":{"allow":["GET"]}}],"collection":[{"href":"https:\/\/fliegerblog.rjs.de\/index.php?rest_route=\/wp\/v2\/posts"}],"about":[{"href":"https:\/\/fliegerblog.rjs.de\/index.php?rest_route=\/wp\/v2\/types\/post"}],"author":[{"embeddable":true,"href":"https:\/\/fliegerblog.rjs.de\/index.php?rest_route=\/wp\/v2\/users\/1"}],"replies":[{"embeddable":true,"href":"https:\/\/fliegerblog.rjs.de\/index.php?rest_route=%2Fwp%2Fv2%2Fcomments&post=968"}],"version-history":[{"count":0,"href":"https:\/\/fliegerblog.rjs.de\/index.php?rest_route=\/wp\/v2\/posts\/968\/revisions"}],"wp:attachment":[{"href":"https:\/\/fliegerblog.rjs.de\/index.php?rest_route=%2Fwp%2Fv2%2Fmedia&parent=968"}],"wp:term":[{"taxonomy":"category","embeddable":true,"href":"https:\/\/fliegerblog.rjs.de\/index.php?rest_route=%2Fwp%2Fv2%2Fcategories&post=968"},{"taxonomy":"post_tag","embeddable":true,"href":"https:\/\/fliegerblog.rjs.de\/index.php?rest_route=%2Fwp%2Fv2%2Ftags&post=968"}],"curies":[{"name":"wp","href":"https:\/\/api.w.org\/{rel}","templated":true}]}}