{"id":962,"date":"2015-07-24T17:43:44","date_gmt":"2015-07-24T16:43:44","guid":{"rendered":"http:\/\/www.rjs.de\/fliegerblog\/?p=962"},"modified":"2015-07-24T17:43:44","modified_gmt":"2015-07-24T16:43:44","slug":"etwas-schwierige-bedingungen-heute","status":"publish","type":"post","link":"https:\/\/fliegerblog.rjs.de\/?p=962","title":{"rendered":"Etwas schwierige Bedingungen heute"},"content":{"rendered":"<p>Ich war heute zum Fliegen an der Winde in Laufenselden. War ein Flugtag mit etwas schwierigen Bedingungen. Und zwar in mehrerer Hinsicht:<\/p>\n<ul>\n<li>Parallel zu dem Vereinsschleppen war wieder ein Windenkurs aktiv. Das verz\u00f6gert normalerweise die Sache ziemlich. Aber es waren recht wenige Windensch\u00fcler da, von den auch einige schon aufgeh\u00f6rt haben, als ich gegen 13:30 Uhr ankam. Und von den angek\u00fcndigten 7 Freifliegern kam au\u00dfer mir nur noch recht sp\u00e4t ein einziger. Es war also nicht so voll, wie man im Vorfeld bef\u00fcrchten konnte.<\/li>\n<li>Ab morgen ist auf dem Flugplatz in Laufenselden f\u00fcr 2 Wochen Fliegerlager der Segelflieger. Das war uns bekannt und da d\u00fcrfen wir nicht auf den Platz. Aber dass bereits heute Flugbetrieb von den Segelfliegern mit Schulungsstarts war, das wurde uns im Vorfeld nicht gesagt. Deshalb gab es ab 15:00 Uhr Mischbetrieb mit den Segelfliegern und gegen 16:30 Uhr haben sie uns vollst\u00e4ndig des Platzes verwiesen. Als G\u00e4ste auf dem Platz k\u00f6nnen wir auch nichts dagegen sagen. Ich hatte bis dahin aber schon meine 4 Fl\u00fcge im Sack und sowieso mir \u00fcberlegt aufzuh\u00f6ren, um den verbleibenden anderen Fliegern Platz zu machen. Die hatten dann aber gelitten.<\/li>\n<li>Der Wind kam den ganzen leider \u00fcber die B\u00e4ume oder teils auch von hinten und es war am Seil nicht ganz einfach. Dazu war es teilweise richtig bockig. Aber obwohl es am Seil ziemlich nach oben ging und ich bei 3 von den 4 Fl\u00fcgen richtig sch\u00f6ne Ausklinkh\u00f6hen hatte, konnte man sich dann nicht halten. Von daher waren das heute nur verl\u00e4ngerte Abgleiter.<\/li>\n<\/ul>\n<p><iframe loading=\"lazy\" width=\"560\" height=\"315\" src=\"https:\/\/www.youtube.com\/embed\/-81oFmuDcf8\" frameborder=\"0\" allowfullscreen><\/iframe><br \/>\nWie gesagt &#8211; alles etwas schwierig heute, aber ich habe meine Fl\u00fcge und mal wieder etwas Airtime und gr\u00f6\u00dferer H\u00f6he bekommen. <\/p>\n","protected":false},"excerpt":{"rendered":"<p>Ich war heute zum Fliegen an der Winde in Laufenselden. War ein Flugtag mit etwas schwierigen Bedingungen. Und zwar in mehrerer Hinsicht: Parallel zu dem Vereinsschleppen war wieder ein Windenkurs aktiv. Das verz\u00f6gert normalerweise die Sache ziemlich. Aber es waren recht wenige Windensch\u00fcler da, von den auch einige schon aufgeh\u00f6rt haben, als ich gegen 13:30 &hellip; <a href=\"https:\/\/fliegerblog.rjs.de\/?p=962\" class=\"more-link\"><span class=\"screen-reader-text\">\u201eEtwas schwierige Bedingungen heute\u201c<\/span> weiterlesen<\/a><\/p>\n","protected":false},"author":1,"featured_media":0,"comment_status":"open","ping_status":"open","sticky":false,"template":"","format":"standard","meta":{"jetpack_post_was_ever_published":false,"footnotes":"","jetpack_publicize_message":"","jetpack_is_tweetstorm":false,"jetpack_publicize_feature_enabled":true,"jetpack_social_options":[]},"categories":[2],"tags":[],"class_list":["post-962","post","type-post","status-publish","format-standard","hentry","category-allgemein"],"jetpack_publicize_connections":[],"jetpack_featured_media_url":"","jetpack_shortlink":"https:\/\/wp.me\/p788kK-fw","jetpack-related-posts":[{"id":921,"url":"https:\/\/fliegerblog.rjs.de\/?p=921","url_meta":{"origin":962,"position":0},"title":"Mein erster 2015-Schlepp in Laufenselden","date":"April 24, 2015","format":false,"excerpt":"Letzten Freitag haben die Gleitschirmfreunde Taunusstein die Schlepp-Saison 2015 in Laufenselden er\u00f6ffnet. Mir waren f\u00fcr den Tag die Prognosen und dann am Vormittag auch die Messwerte zu heftig und ich bin deshalb nicht hin. War wohl auch berechtigt, denn da kamen den ganzen Nachmittag nur 2 Schlepps unter wohl recht\u2026","rel":"","context":"In &quot;Allgemein&quot;","img":{"alt_text":"","src":"","width":0,"height":0},"classes":[]},{"id":758,"url":"https:\/\/fliegerblog.rjs.de\/?p=758","url_meta":{"origin":962,"position":1},"title":"Winde oder Hang?","date":"April 25, 2014","format":false,"excerpt":"Das war heute die Frage. Bei den Gleitschirmfreunden Taunusstein war in Laufenselden Schleppen angesetzt. Aber die Prognosen sahen nach Ost bis teils SO aus. Zudem sollte der Wind in B\u00f6en recht kr\u00e4ftig werden. Die Bahn ist nach NO ausgerichtet und von daher war ich nicht ganz \u00fcberzeugt, dass das eine\u2026","rel":"","context":"In &quot;Allgemein&quot;","img":{"alt_text":"","src":"","width":0,"height":0},"classes":[]},{"id":697,"url":"https:\/\/fliegerblog.rjs.de\/?p=697","url_meta":{"origin":962,"position":2},"title":"Gleich nochmal","date":"September 6, 2013","format":false,"excerpt":"Nach dem genialen Tag gestern bin ich heute gleich noch einmal nach Eschbach gefahren, nachdem das Schleppen in Laufenselden wegen dem Querwind abgesagt wurde. Ich hatte nach den Erfahrungen von gestern heute aber das Windmaximum abwarten wollen, denn das sollte f\u00fcr heute noch st\u00e4rker als gestern werden und etwas fr\u00fcher\u2026","rel":"","context":"In &quot;Allgemein&quot;","img":{"alt_text":"","src":"","width":0,"height":0},"classes":[]},{"id":832,"url":"https:\/\/fliegerblog.rjs.de\/?p=832","url_meta":{"origin":962,"position":3},"title":"Windige Winde in Laufenselden","date":"September 26, 2014","format":false,"excerpt":"Es sah heute morgen so sch\u00f6n sonnig aus und zudem war der Wind moderat, dass ich richtig gute Flugbedingungen f\u00fcr den Nachmittag in Laufenselden erwartet hatte. Nachdem der Schlepptermin ganz knapp zustande kam (nur 4 Flieger waren letztendlich da), waren die Bedingungen vor Ort aber nicht mehr so berauschend. \u00c4hnlich\u2026","rel":"","context":"In &quot;Allgemein&quot;","img":{"alt_text":"","src":"","width":0,"height":0},"classes":[]},{"id":946,"url":"https:\/\/fliegerblog.rjs.de\/?p=946","url_meta":{"origin":962,"position":4},"title":"Schleppen vor der Front","date":"Juni 12, 2015","format":false,"excerpt":"Heute war wieder so ein elend hei\u00dfer und schw\u00fcler Tag, an dem man selbst im Schatten fast verlaufen ist. In Laufenselden fand aber den ganzen Tag \u00fcber in Kooperation mit meinem Taunussteiner Gleitschirmverein ein Windenkurs statt, bei dem wir Freiflieger uns wieder ab dem sp\u00e4teren Nachmittag einklinken konnten. Obwohl ich\u2026","rel":"","context":"In &quot;Allgemein&quot;","img":{"alt_text":"","src":"","width":0,"height":0},"classes":[]},{"id":1165,"url":"https:\/\/fliegerblog.rjs.de\/?p=1165","url_meta":{"origin":962,"position":5},"title":"Recht ergiebiger Schlepp-Samstag","date":"Juli 16, 2016","format":false,"excerpt":"Ich hatte mich schon fr\u00fch in der Woche zum Schleppen in Wallertheim angemeldet. Nur ist der Schlepptermin heute leider nicht zustande gekommen. Vollkommen \u00fcberraschend hat aber mein Gleitschirmverein f\u00fcr heute ebenfalls einen Schlepptermin angesetzt. Ganz kurzfristig. Normalerweise k\u00f6nnen wir am Wochenende nicht auf dem Flugplatz in Laufenselden schleppen, weil da\u2026","rel":"","context":"\u00c4hnlicher Beitrag","img":{"alt_text":"","src":"","width":0,"height":0},"classes":[]}],"_links":{"self":[{"href":"https:\/\/fliegerblog.rjs.de\/index.php?rest_route=\/wp\/v2\/posts\/962","targetHints":{"allow":["GET"]}}],"collection":[{"href":"https:\/\/fliegerblog.rjs.de\/index.php?rest_route=\/wp\/v2\/posts"}],"about":[{"href":"https:\/\/fliegerblog.rjs.de\/index.php?rest_route=\/wp\/v2\/types\/post"}],"author":[{"embeddable":true,"href":"https:\/\/fliegerblog.rjs.de\/index.php?rest_route=\/wp\/v2\/users\/1"}],"replies":[{"embeddable":true,"href":"https:\/\/fliegerblog.rjs.de\/index.php?rest_route=%2Fwp%2Fv2%2Fcomments&post=962"}],"version-history":[{"count":0,"href":"https:\/\/fliegerblog.rjs.de\/index.php?rest_route=\/wp\/v2\/posts\/962\/revisions"}],"wp:attachment":[{"href":"https:\/\/fliegerblog.rjs.de\/index.php?rest_route=%2Fwp%2Fv2%2Fmedia&parent=962"}],"wp:term":[{"taxonomy":"category","embeddable":true,"href":"https:\/\/fliegerblog.rjs.de\/index.php?rest_route=%2Fwp%2Fv2%2Fcategories&post=962"},{"taxonomy":"post_tag","embeddable":true,"href":"https:\/\/fliegerblog.rjs.de\/index.php?rest_route=%2Fwp%2Fv2%2Ftags&post=962"}],"curies":[{"name":"wp","href":"https:\/\/api.w.org\/{rel}","templated":true}]}}