{"id":954,"date":"2009-03-14T19:16:00","date_gmt":"2009-03-14T19:16:00","guid":{"rendered":"http:\/\/www.rjs.de\/fliegerblog\/?p=1"},"modified":"2009-03-14T19:16:00","modified_gmt":"2009-03-14T19:16:00","slug":"nonultra-und-keiner-da","status":"publish","type":"post","link":"https:\/\/fliegerblog.rjs.de\/?p=954","title":{"rendered":"Non+ultra &#8211; und keiner da"},"content":{"rendered":"<p>Hatte nur wenige Zeit, war aber heute zumindest mal f\u00fcr 2,5 Stunden in Reichenbach. Und davon \u00fcber ne Stunde alleine am Hang. Dann kam noch ein Flieger. Unverst\u00e4ndlich &#8211; es waren insbesondere am Anfang absolut die perfekten Bedingungen f\u00fcr den Hang. Besser geht es m.E. nicht ohne, dass es schon wieder kritisch wird. 2 Schritte und ab in die Luft. Auch vom mittleren Hang aus. Trotzdem der Wind eigentlich etwas zu viel Ost drin hatte. Interessanter Weise haben die Messstationen rundrum eher zu viel West gemeldet. Egal &#8211; da haben die anderen heute was verpasst.<\/p>\n<div class=\"blogger-post-footer\"><script type=\"text\/javascript\"><!--\ngoogle_ad_client = \"pub-4702984279656494\";\ngoogle_ad_width = 468;\ngoogle_ad_height = 60;\ngoogle_ad_format = \"468x60_as_rimg\";\ngoogle_cpa_choice = \"CAAQlNHphwIaCFxy_-mnISvEKNDv6n4\";\ngoogle_ad_channel = \"0174140724\";\n\/\/--><\/script><br \/>\n<script type=\"text\/javascript\" src=\"http:\/\/pagead2.googlesyndication.com\/pagead\/show_ads.js\">\n<\/script><\/div>\n","protected":false},"excerpt":{"rendered":"<p>Hatte nur wenige Zeit, war aber heute zumindest mal f\u00fcr 2,5 Stunden in Reichenbach. Und davon \u00fcber ne Stunde alleine am Hang. Dann kam noch ein Flieger. Unverst\u00e4ndlich &#8211; es waren insbesondere am Anfang absolut die perfekten Bedingungen f\u00fcr den Hang. Besser geht es m.E. nicht ohne, dass es schon wieder kritisch wird. 2 Schritte &hellip; <a href=\"https:\/\/fliegerblog.rjs.de\/?p=954\" class=\"more-link\"><span class=\"screen-reader-text\">\u201eNon+ultra &#8211; und keiner da\u201c<\/span> weiterlesen<\/a><\/p>\n","protected":false},"author":1,"featured_media":0,"comment_status":"open","ping_status":"open","sticky":false,"template":"","format":"standard","meta":{"jetpack_post_was_ever_published":false,"footnotes":"","jetpack_publicize_message":"","jetpack_is_tweetstorm":false,"jetpack_publicize_feature_enabled":true,"jetpack_social_options":[]},"categories":[2],"tags":[],"class_list":["post-954","post","type-post","status-publish","format-standard","hentry","category-allgemein"],"jetpack_publicize_connections":[],"jetpack_featured_media_url":"","jetpack_shortlink":"https:\/\/wp.me\/p788kK-fo","jetpack-related-posts":[{"id":1505,"url":"https:\/\/fliegerblog.rjs.de\/?p=1505","url_meta":{"origin":954,"position":0},"title":"Goldiger Oktober","date":"Oktober 5, 2018","format":false,"excerpt":"Der Oktober gibt nochmal alles. Leider war es gestern definitiv zu schwachwindig, aber f\u00fcr heute waren die Prognosen nicht schlecht. Eigentlich wollte ich unbedingt mal wieder auf die Wasserkuppe, denn obwohl ich da meine Ausbildung gemacht hatte, bin ich als Freiflieger kaum noch auf der Waku gewesen. Und die Aussichten\u2026","rel":"","context":"\u00c4hnlicher Beitrag","img":{"alt_text":"","src":"https:\/\/i0.wp.com\/1.bp.blogspot.com\/-VZfha2s8Gag\/W7egVtuJh6I\/AAAAAAAAEJY\/OqW7OgY-d0sYbBVrzHvQj-w7MCDXR1qDgCLcBGAs\/s400\/IMG_20181005_122130.jpg?resize=350%2C200&ssl=1","width":350,"height":200},"classes":[]},{"id":907,"url":"https:\/\/fliegerblog.rjs.de\/?p=907","url_meta":{"origin":954,"position":1},"title":"Gegrounded und cheated","date":"April 5, 2015","format":false,"excerpt":"Letzte Woche war ich mit der Familie in Norderney zum Urlaub. Das habe ich zum Anlass genommen, um den dringend notwendigen Check meiner Wildcat machen zu lassen. Die vergangene Woche h\u00e4tte ich den Schirm sowieso nicht nutzen k\u00f6nnen. Der Nachteil ist aber, dass ich das gesamte Osterwochenende ohne Schirm bin,\u2026","rel":"","context":"In &quot;Allgemein&quot;","img":{"alt_text":"","src":"","width":0,"height":0},"classes":[]},{"id":1216,"url":"https:\/\/fliegerblog.rjs.de\/?p=1216","url_meta":{"origin":954,"position":2},"title":"Besser als Zahnarzt &#8211; viel besser :-)","date":"Januar 5, 2017","format":false,"excerpt":"Bei mir war f\u00fcr heute Nachmittag eine Routineuntersuchung beim Zahnarzt angesetzt. Aber da es schon Anfang der Woche abzusehen war, dass es f\u00fcr den heutigen Donnerstag eine Chance auf Nordwind gab, habe ich den Termin verschoben. Kaum etwas ist \u00e4rgerlicher als wenn man einen guten Flugtag wegen nicht unbedingt notwendiger\u2026","rel":"","context":"\u00c4hnlicher Beitrag","img":{"alt_text":"","src":"https:\/\/i0.wp.com\/3.bp.blogspot.com\/-aYbRij_R0gU\/WG6WWaOvDmI\/AAAAAAAADP8\/-LD5WtacnBQVod0z1vEblrqOHDxTQnPcwCLcB\/s640\/GOPR0712.JPG?resize=350%2C200&ssl=1","width":350,"height":200},"classes":[]},{"id":968,"url":"https:\/\/fliegerblog.rjs.de\/?p=968","url_meta":{"origin":954,"position":3},"title":"Kurz vor dem Hitzschlag","date":"August 7, 2015","format":false,"excerpt":"Man, war das heute wieder hei\u00df. In einigen Regionen hier wurden vermutlich die 40 Grad im Schatten geknackt und am Hang in Eschbach gab es wenig von diesem Schatten. Ich war gegen 12:45 Uhr am Hang und bin bis 17:00 Uhr geblieben. Zwischenzeitlich ist unser DGLC-Vorsitzender mal verschwunden und mit\u2026","rel":"","context":"In &quot;Allgemein&quot;","img":{"alt_text":"","src":"","width":0,"height":0},"classes":[]},{"id":1551,"url":"https:\/\/fliegerblog.rjs.de\/?p=1551","url_meta":{"origin":954,"position":4},"title":"Heute mal 15 Grad+","date":"Februar 16, 2019","format":false,"excerpt":"Nachdem ich gestern f\u00fcr den Tripp auf die Waku doch ein paar Kilometer runtergeschrubbt und zudem wegen dem super Wetter einen riesigen Andrang (Flieger, aber auch Touris und Skifahrer) erwartet hatte, wollte ich heute in der N\u00e4he bleiben und eine eher ruhige Location nutzen. Ich musste sowieso in den Taunus\u2026","rel":"","context":"\u00c4hnlicher Beitrag","img":{"alt_text":"","src":"https:\/\/i0.wp.com\/3.bp.blogspot.com\/-Ng2SIIPdG70\/XGhrOzAh5BI\/AAAAAAAAEbg\/cFPfGhTGM5glfQ8OqqAlNWwXEsLjAnQFACLcBGAs\/s320\/GOPR6004.JPG?resize=350%2C200&ssl=1","width":350,"height":200},"classes":[]},{"id":393,"url":"https:\/\/fliegerblog.rjs.de\/?p=393","url_meta":{"origin":954,"position":5},"title":"Sonnenfliegen mit geliehenem Schirm","date":"Januar 17, 2011","format":false,"excerpt":"Seit Samstag ist es trocken und S\u00fcdwestwind angesagt. Und mein Schirm beim Check:-( Am Samstag war es mir allerdings sowieso zu kr\u00e4ftig, obwohl zwei Flieger in Reichenbach was gemacht haben. Aber am Sonntag war es sch\u00f6n sonnig und eher wenig Wind. Und ich bekam sogar ein Angebot f\u00fcr einen Schirm.\u2026","rel":"","context":"In &quot;Allgemein&quot;","img":{"alt_text":"","src":"","width":0,"height":0},"classes":[]}],"_links":{"self":[{"href":"https:\/\/fliegerblog.rjs.de\/index.php?rest_route=\/wp\/v2\/posts\/954","targetHints":{"allow":["GET"]}}],"collection":[{"href":"https:\/\/fliegerblog.rjs.de\/index.php?rest_route=\/wp\/v2\/posts"}],"about":[{"href":"https:\/\/fliegerblog.rjs.de\/index.php?rest_route=\/wp\/v2\/types\/post"}],"author":[{"embeddable":true,"href":"https:\/\/fliegerblog.rjs.de\/index.php?rest_route=\/wp\/v2\/users\/1"}],"replies":[{"embeddable":true,"href":"https:\/\/fliegerblog.rjs.de\/index.php?rest_route=%2Fwp%2Fv2%2Fcomments&post=954"}],"version-history":[{"count":0,"href":"https:\/\/fliegerblog.rjs.de\/index.php?rest_route=\/wp\/v2\/posts\/954\/revisions"}],"wp:attachment":[{"href":"https:\/\/fliegerblog.rjs.de\/index.php?rest_route=%2Fwp%2Fv2%2Fmedia&parent=954"}],"wp:term":[{"taxonomy":"category","embeddable":true,"href":"https:\/\/fliegerblog.rjs.de\/index.php?rest_route=%2Fwp%2Fv2%2Fcategories&post=954"},{"taxonomy":"post_tag","embeddable":true,"href":"https:\/\/fliegerblog.rjs.de\/index.php?rest_route=%2Fwp%2Fv2%2Ftags&post=954"}],"curies":[{"name":"wp","href":"https:\/\/api.w.org\/{rel}","templated":true}]}}