{"id":953,"date":"2009-02-25T16:51:00","date_gmt":"2009-02-25T16:51:00","guid":{"rendered":"http:\/\/www.rjs.de\/fliegerblog\/?p=4"},"modified":"2009-02-25T16:51:00","modified_gmt":"2009-02-25T16:51:00","slug":"trostpflaster","status":"publish","type":"post","link":"https:\/\/fliegerblog.rjs.de\/?p=953","title":{"rendered":"Trostpflaster"},"content":{"rendered":"<p>Gestern gab es Topbedingungen f\u00fcr unseren Nordhang. Die wenigen, die da waren, konnten stundenlang fliegen und selbst thermikkreisen. Und ich hatte meinen Jungs versprochen auf einen Faschingsumzug mit ihnen zu gehen. Aber da ging nix. Notl\u00fcgen aller Art sind ja legitim, wenn es ums Fliegen geht ;-). Aber ein Versprechen an meine Kidds breche ich selbst f\u00fcrs Fliegen nicht. Trotzdem &#8211; was ich da verpasst habe, ist schon gewaltig.  <\/p>\n<p>Heute war schwacher SW angesagt und ich konnte mir am Nachmittag etwas Zeit nehmen. Waren mit 4 Leuten in Reichenbach. Ging von den Bedingungen so lala. Wind war recht schwach mit viel Westeinschlag. Aber ein paar ganz gute Abgleiter kamen raus. Kleines Trostpflaster in Bezug auf gestern.<\/p>\n<div class=\"blogger-post-footer\"><script type=\"text\/javascript\"><!--\ngoogle_ad_client = \"pub-4702984279656494\";\ngoogle_ad_width = 468;\ngoogle_ad_height = 60;\ngoogle_ad_format = \"468x60_as_rimg\";\ngoogle_cpa_choice = \"CAAQlNHphwIaCFxy_-mnISvEKNDv6n4\";\ngoogle_ad_channel = \"0174140724\";\n\/\/--><\/script><br \/>\n<script type=\"text\/javascript\" src=\"http:\/\/pagead2.googlesyndication.com\/pagead\/show_ads.js\">\n<\/script><\/div>\n","protected":false},"excerpt":{"rendered":"<p>Gestern gab es Topbedingungen f\u00fcr unseren Nordhang. Die wenigen, die da waren, konnten stundenlang fliegen und selbst thermikkreisen. Und ich hatte meinen Jungs versprochen auf einen Faschingsumzug mit ihnen zu gehen. Aber da ging nix. Notl\u00fcgen aller Art sind ja legitim, wenn es ums Fliegen geht ;-). Aber ein Versprechen an meine Kidds breche ich &hellip; <a href=\"https:\/\/fliegerblog.rjs.de\/?p=953\" class=\"more-link\"><span class=\"screen-reader-text\">\u201eTrostpflaster\u201c<\/span> weiterlesen<\/a><\/p>\n","protected":false},"author":1,"featured_media":0,"comment_status":"open","ping_status":"open","sticky":false,"template":"","format":"standard","meta":{"jetpack_post_was_ever_published":false,"footnotes":"","jetpack_publicize_message":"","jetpack_is_tweetstorm":false,"jetpack_publicize_feature_enabled":true,"jetpack_social_options":[]},"categories":[2],"tags":[],"class_list":["post-953","post","type-post","status-publish","format-standard","hentry","category-allgemein"],"jetpack_publicize_connections":[],"jetpack_featured_media_url":"","jetpack_shortlink":"https:\/\/wp.me\/p788kK-fn","jetpack-related-posts":[{"id":38,"url":"https:\/\/fliegerblog.rjs.de\/?p=38","url_meta":{"origin":953,"position":0},"title":"Fliegerfest Lasserg","date":"August 16, 2008","format":false,"excerpt":"F\u00fcr Sonntag haben wir einen Schlepp geplant, aber nachdem dort aus dem Nichts ein J\u00e4gerhochsitz in die Schleppstrecke gebaut wurde (das past zu dem Scheuchenjahr 2008 :-( ), f\u00e4llt die Sache morgen wohl wieder aus.Aus lauter Frust bin ich auf das Fliegerfest nach Lasserg an der Mosel (da war ich\u2026","rel":"","context":"In &quot;Allgemein&quot;","img":{"alt_text":"","src":"https:\/\/i0.wp.com\/img.youtube.com\/vi\/IxAmzzp8kCc\/0.jpg?resize=350%2C200","width":350,"height":200},"classes":[]},{"id":301,"url":"https:\/\/fliegerblog.rjs.de\/?p=301","url_meta":{"origin":953,"position":1},"title":"Seit langer Zeit mal wieder Nordwind","date":"M\u00e4rz 5, 2010","format":false,"excerpt":"Fast w\u00e4re ich gestern schon am Hang gewesen, da 7 Sonnen am Himmel standen und Nordwind anstand. Nur bin ich am Tag zuvor auf der Cebit und damit 22 Stunden am St\u00fcck auf den Beinen gewesen. Von daher habe ich es gestern wegen akuter M\u00fcdigkeit gelassen (und zudem war der\u2026","rel":"","context":"In &quot;Allgemein&quot;","img":{"alt_text":"","src":"","width":0,"height":0},"classes":[]},{"id":977,"url":"https:\/\/fliegerblog.rjs.de\/?p=977","url_meta":{"origin":953,"position":2},"title":"Der Hang tut im \u00f6fter so als w\u00e4re er ein Flughang","date":"August 30, 2015","format":false,"excerpt":"Ich bin gestern aus dem Urlaub in den Alpen zur\u00fcck gekommen. Aber da ich mit der Familie Urlaub gemacht hatte, hatte ich keinen Schirm dabei. Von daher muss ich zum Fliegen mit den M\u00f6glichkeiten vorlieb nehmen, die sich hier in der Gegend bieten. Nach der langen Autofahrt gestern wollte ich\u2026","rel":"","context":"In &quot;Allgemein&quot;","img":{"alt_text":"","src":"","width":0,"height":0},"classes":[]},{"id":292,"url":"https:\/\/fliegerblog.rjs.de\/?p=292","url_meta":{"origin":953,"position":3},"title":"Und nochmal Reichenbach","date":"Februar 21, 2010","format":false,"excerpt":"Bin heute morgen ins Krafttraining, da es \u00fcber Nacht wieder geschneit und mich das nasse, windstille und neblige Wetter wirklich nicht zum Fliegen motiviert hatte. Aber Clemens ist an den Hang und nachdem ich vom Training aus angerufen habe, hat er mich doch zum erneuten Tripp nach Reichenbach motiviert. War\u2026","rel":"","context":"In &quot;Allgemein&quot;","img":{"alt_text":"","src":"","width":0,"height":0},"classes":[]},{"id":310,"url":"https:\/\/fliegerblog.rjs.de\/?p=310","url_meta":{"origin":953,"position":4},"title":"Gut war es","date":"April 9, 2010","format":false,"excerpt":"Seit gestern ist Nordwind angesagt. Und wie ich mitbekommen habe, ging es auch gestern schon nett zu fliegen. War da aber anderweitig unterwegs. Aber heute waren wir gegen 13:15 Uhr am Hang in MF. Im Vorfeld wurde in der Diskussion zu heute vermutet, dass der Wind recht schwach w\u00fcrde. In\u2026","rel":"","context":"In &quot;Allgemein&quot;","img":{"alt_text":"","src":"","width":0,"height":0},"classes":[]},{"id":264,"url":"https:\/\/fliegerblog.rjs.de\/?p=264","url_meta":{"origin":953,"position":5},"title":"Fliegen statt Arbeiten","date":"November 19, 2009","format":false,"excerpt":"Gestern habe ich mich ein bisschen ge\u00e4rgert, dass aus organisatorischen Gr\u00fcnden meine Schulung unterbrochen und 2 Tage auf die n\u00e4chste Woche verschoben werden mussten. Das hat sich heute relativiert, denn es gab strahlenden Sonnenschein und milde Temperaturen. Und S\u00fcdwind. So war ich um 13:00 Uhr am Hang in Reichenbach. Vor\u2026","rel":"","context":"In &quot;Allgemein&quot;","img":{"alt_text":"","src":"","width":0,"height":0},"classes":[]}],"_links":{"self":[{"href":"https:\/\/fliegerblog.rjs.de\/index.php?rest_route=\/wp\/v2\/posts\/953","targetHints":{"allow":["GET"]}}],"collection":[{"href":"https:\/\/fliegerblog.rjs.de\/index.php?rest_route=\/wp\/v2\/posts"}],"about":[{"href":"https:\/\/fliegerblog.rjs.de\/index.php?rest_route=\/wp\/v2\/types\/post"}],"author":[{"embeddable":true,"href":"https:\/\/fliegerblog.rjs.de\/index.php?rest_route=\/wp\/v2\/users\/1"}],"replies":[{"embeddable":true,"href":"https:\/\/fliegerblog.rjs.de\/index.php?rest_route=%2Fwp%2Fv2%2Fcomments&post=953"}],"version-history":[{"count":0,"href":"https:\/\/fliegerblog.rjs.de\/index.php?rest_route=\/wp\/v2\/posts\/953\/revisions"}],"wp:attachment":[{"href":"https:\/\/fliegerblog.rjs.de\/index.php?rest_route=%2Fwp%2Fv2%2Fmedia&parent=953"}],"wp:term":[{"taxonomy":"category","embeddable":true,"href":"https:\/\/fliegerblog.rjs.de\/index.php?rest_route=%2Fwp%2Fv2%2Fcategories&post=953"},{"taxonomy":"post_tag","embeddable":true,"href":"https:\/\/fliegerblog.rjs.de\/index.php?rest_route=%2Fwp%2Fv2%2Ftags&post=953"}],"curies":[{"name":"wp","href":"https:\/\/api.w.org\/{rel}","templated":true}]}}