{"id":939,"date":"2015-06-05T17:32:35","date_gmt":"2015-06-05T16:32:35","guid":{"rendered":"http:\/\/www.rjs.de\/fliegerblog\/?p=939"},"modified":"2015-06-05T17:32:35","modified_gmt":"2015-06-05T16:32:35","slug":"heisser-brueckentag","status":"publish","type":"post","link":"https:\/\/fliegerblog.rjs.de\/?p=939","title":{"rendered":"Hei\u00dfer Br\u00fcckentag"},"content":{"rendered":"<div class=\"separator\" style=\"clear: both; text-align: center;\"><a style=\"clear: left; float: left; margin-bottom: 1em; margin-right: 1em;\" href=\"https:\/\/i0.wp.com\/2.bp.blogspot.com\/-L24a--O8a40\/VXHNOgouJvI\/AAAAAAAACf0\/rjGA_-9vktQ\/s1600\/IMG_20150605_121604%255B1%255D.jpg\"><img loading=\"lazy\" decoding=\"async\" src=\"https:\/\/i0.wp.com\/2.bp.blogspot.com\/-L24a--O8a40\/VXHNOgouJvI\/AAAAAAAACf0\/rjGA_-9vktQ\/s320\/IMG_20150605_121604%255B1%255D.jpg?resize=320%2C240\" alt=\"\" width=\"320\" height=\"240\" border=\"0\" data-recalc-dims=\"1\" \/><\/a><\/div>\n<p>Als ich das letzte Mal in Eschbach dieses Jahr war, waren die \u00c4ste vereist. Muss also schon ein paar Tage her sein. Heute hingegen waren es im Schatten schon \u00fcber 30 Grad. Die bl\u00f6den Dummschw\u00e4tzer im Radio frohlocken, ach wie sch\u00f6n das w\u00e4re. Nur f\u00fcr mich gilt die Gleichung &#8222;Hitze = Geil&#8220; nicht.<\/p>\n<p>Ich mag es schon warm, aber so hei\u00df wie heute ist einfach elend. Da auch die Prognosen f\u00fcr heute Nachmittag ziemlich heftige Bedingungen erwarten lie\u00dfen, bin ich schon ultrafr\u00fch an den Hang.<\/p>\n<div class=\"separator\" style=\"clear: both; text-align: center;\"><a style=\"clear: right; float: right; margin-bottom: 1em; margin-left: 1em;\" href=\"https:\/\/i0.wp.com\/3.bp.blogspot.com\/-fbLrYVvEd9I\/VXHNkJOlaTI\/AAAAAAAACf8\/kNsDCTDIEmg\/s1600\/IMG_20150605_121627%255B1%255D.jpg\"><img loading=\"lazy\" decoding=\"async\" src=\"https:\/\/i0.wp.com\/3.bp.blogspot.com\/-fbLrYVvEd9I\/VXHNkJOlaTI\/AAAAAAAACf8\/kNsDCTDIEmg\/s320\/IMG_20150605_121627%255B1%255D.jpg?resize=320%2C240\" alt=\"\" width=\"320\" height=\"240\" border=\"0\" data-recalc-dims=\"1\" \/><\/a><\/div>\n<p>So gegen 9:45 Uhr war ich als erster Flieger am Start, aber es hat sich nach und nach gef\u00fcllt. Ein weiteres Argument f\u00fcr mich, dass ich fr\u00fch dasein und eher fr\u00fcher wieder gehen wollte.<\/p>\n<p>Die ersten Versuche waren mau, denn der Wind war schwach und thermisch ging wieder erwarten gar nichts.<\/p>\n<p>So wurde es \u00fcber die Zeit immer voller am Hang und hei\u00dfer, aber es wollte einfach nicht tragen.<\/p>\n<div class=\"separator\" style=\"clear: both; text-align: center;\"><a style=\"clear: left; float: left; margin-bottom: 1em; margin-right: 1em;\" href=\"https:\/\/i0.wp.com\/1.bp.blogspot.com\/-upGzIcyROY0\/VXHOkyF3EPI\/AAAAAAAACgE\/k2j1C1v4-k0\/s1600\/IMG_20150605_142516%255B1%255D.jpg\"><img loading=\"lazy\" decoding=\"async\" src=\"https:\/\/i0.wp.com\/1.bp.blogspot.com\/-upGzIcyROY0\/VXHOkyF3EPI\/AAAAAAAACgE\/k2j1C1v4-k0\/s320\/IMG_20150605_142516%255B1%255D.jpg?resize=320%2C240\" alt=\"\" width=\"320\" height=\"240\" border=\"0\" data-recalc-dims=\"1\" \/><\/a><\/div>\n<p>Um 14:00 Uhr hat sich dann jedoch innerhalb von 5 Minuten der Schalter umgelegt und es hat gekachelt, dass nur noch ganz wenige Flieger raus sind.<\/p>\n<p>Mir wurde es zu heftig und da ich am Abend sowieso noch einen Termin hatte, bin ich kurz nach 15:00 Uhr weg.<\/p>\n<p>Das war heute f\u00fcr mich ein eher entt\u00e4uschender Flugtag. Ich hoffe auf bald wieder niedrigere Temperaturen und moderaten Wind.<br \/>\n<a href=\"https:\/\/i0.wp.com\/3.bp.blogspot.com\/-JuzVUjCFoK8\/VXKq75IA4XI\/AAAAAAAACgY\/hM-QBGegN1Q\/s1600\/11402290_10206520363877812_1692915414909718014_o.jpg\"><img decoding=\"async\" src=\"https:\/\/i0.wp.com\/3.bp.blogspot.com\/-JuzVUjCFoK8\/VXKq75IA4XI\/AAAAAAAACgY\/hM-QBGegN1Q\/s640\/11402290_10206520363877812_1692915414909718014_o.jpg?w=540\" alt=\"\" border=\"0\" data-recalc-dims=\"1\" \/><\/a><\/p>\n","protected":false},"excerpt":{"rendered":"<p>Als ich das letzte Mal in Eschbach dieses Jahr war, waren die \u00c4ste vereist. Muss also schon ein paar Tage her sein. Heute hingegen waren es im Schatten schon \u00fcber 30 Grad. Die bl\u00f6den Dummschw\u00e4tzer im Radio frohlocken, ach wie sch\u00f6n das w\u00e4re. Nur f\u00fcr mich gilt die Gleichung &#8222;Hitze = Geil&#8220; nicht. Ich mag &hellip; <a href=\"https:\/\/fliegerblog.rjs.de\/?p=939\" class=\"more-link\"><span class=\"screen-reader-text\">\u201eHei\u00dfer Br\u00fcckentag\u201c<\/span> weiterlesen<\/a><\/p>\n","protected":false},"author":1,"featured_media":0,"comment_status":"open","ping_status":"open","sticky":false,"template":"","format":"standard","meta":{"jetpack_post_was_ever_published":false,"footnotes":"","jetpack_publicize_message":"","jetpack_is_tweetstorm":false,"jetpack_publicize_feature_enabled":true,"jetpack_social_options":[]},"categories":[2],"tags":[],"class_list":["post-939","post","type-post","status-publish","format-standard","hentry","category-allgemein"],"jetpack_publicize_connections":[],"jetpack_featured_media_url":"","jetpack_shortlink":"https:\/\/wp.me\/p788kK-f9","jetpack-related-posts":[{"id":1515,"url":"https:\/\/fliegerblog.rjs.de\/?p=1515","url_meta":{"origin":939,"position":0},"title":"Fast schon kitschig sch\u00f6ne Licht- und Wetterverh\u00e4ltnisse","date":"Oktober 21, 2018","format":false,"excerpt":"\ufeff Ich war gestern noch unsicher, ob ich heute nochmal nach Singhofen fahren sollte. Denn heute war gemeinsames Schleppen von Freifliegern und einem Windenkurs angesetzt. Und da zieht sich die Sache immer ziemlich zwischen den Fl\u00fcgen und man kommt nur auf wenige Fl\u00fcge \u00fcber den Tag. Zumal ich gestern ja\u2026","rel":"","context":"\u00c4hnlicher Beitrag","img":{"alt_text":"","src":"https:\/\/i0.wp.com\/3.bp.blogspot.com\/-u0rNTSaClLA\/W8zH4xD-McI\/AAAAAAAAEOs\/Z6MVtQ1hy-ce9_u0FGZu1vPhYyHemRneACLcBGAs\/s320\/GOPR4573.JPG?resize=350%2C200&ssl=1","width":350,"height":200},"classes":[]},{"id":1855,"url":"https:\/\/fliegerblog.rjs.de\/?p=1855","url_meta":{"origin":939,"position":1},"title":"Erst ist der Hammer geflogen, dann ich","date":"September 25, 2021","format":false,"excerpt":"Heute musste ich mich wieder zwischen Wallertheim und Singhofen entscheiden. An beiden Locations wurde geschleppt. Aber die Entscheidung war recht einfach, denn ich hatte mich f\u00fcr 10:00 Uhr in Niederselters zum Hammerwerfen gemeldet und wenn man schon in die Richtung unterwegs ist, macht es Sinn, dann nach Singhofen zu gehen.\u2026","rel":"","context":"\u00c4hnlicher Beitrag","img":{"alt_text":"","src":"https:\/\/i0.wp.com\/1.bp.blogspot.com\/-KcmP8jGODLE\/YU9IGr4R5HI\/AAAAAAAAGVQ\/vDaOkJaPtIg_qtx9T9oat7la6qyNYef-QCLcBGAsYHQ\/w400-h300\/GOPR0089.JPG?resize=350%2C200&ssl=1","width":350,"height":200},"classes":[]},{"id":936,"url":"https:\/\/fliegerblog.rjs.de\/?p=936","url_meta":{"origin":939,"position":2},"title":"The first and the last","date":"Mai 22, 2015","format":false,"excerpt":"Heute beim Windenfliegen in Laufenselden habe ich den Dummy gemacht und bin als Erster raus. Ich habe aber auch den letzten Flug des Tages und den Deckel f\u00fcr den Flugtag zu gemacht. Um 15:00 Uhr ging es los und \u00fcber den Nachmittag waren sogar recht viele Flieger da. Obwohl sich\u2026","rel":"","context":"In &quot;Allgemein&quot;","img":{"alt_text":"","src":"https:\/\/i0.wp.com\/1.bp.blogspot.com\/-T-65hlAC4Rs\/VV-AWE8zeYI\/AAAAAAAACes\/LUwpaMNOREM\/s320\/GOPR1104.JPG?resize=350%2C200","width":350,"height":200},"classes":[]},{"id":1594,"url":"https:\/\/fliegerblog.rjs.de\/?p=1594","url_meta":{"origin":939,"position":3},"title":"So ganz sicher bin ich nicht, wie ich das heute werten soll","date":"Mai 12, 2019","format":false,"excerpt":"Die letzten Tage hatten viel f\u00fcr heute versprochen. Direkter Nordwind. Nur sah es heute morgen nach ziemlich viel Wind aus. Zumindest war es die letzten Male am Hang immer zu heftig, wenn man diese Vorhersagen hatte. Aber man muss einfach hinfahren. Ich war sowieso schon in Eppstein und nach vielen\u2026","rel":"","context":"\u00c4hnlicher Beitrag","img":{"alt_text":"","src":"https:\/\/i0.wp.com\/3.bp.blogspot.com\/-O677hnOF1y8\/XNhtOIHYXgI\/AAAAAAAAEt4\/I9wFkC2wNDM6aYO-ghM_PBV80AEye2ZggCLcBGAs\/s320\/WhatsApp%2BImage%2B2019-05-12%2Bat%2B19.02.37.jpeg?resize=350%2C200&ssl=1","width":350,"height":200},"classes":[]},{"id":1676,"url":"https:\/\/fliegerblog.rjs.de\/?p=1676","url_meta":{"origin":939,"position":4},"title":"Was eine Nebelsuppe","date":"November 10, 2019","format":false,"excerpt":"F\u00fcr heute war bei meinem Verein GFT Schleppen in Singhofen angesetzt. Zusammen mit einem Windenkurs. An so Tagen kommt man dann zwar kaum in die Luft und muss froh sein, wenn man 2 bis 3 Fl\u00fcge hinbekommt. Aber zum Ende der Saison muss man nehmen was man kriegt. Ich hatte\u2026","rel":"","context":"\u00c4hnlicher Beitrag","img":{"alt_text":"","src":"https:\/\/i0.wp.com\/1.bp.blogspot.com\/-CXs5YvHsgkM\/Xcgnw2mH4sI\/AAAAAAAAFIc\/WZWOA9cKUtcg1eszPB3MZn9CSV4vFP8kgCLcBGAsYHQ\/s320\/IMG_20191110_101159_5.jpg?resize=350%2C200&ssl=1","width":350,"height":200},"classes":[]},{"id":1759,"url":"https:\/\/fliegerblog.rjs.de\/?p=1759","url_meta":{"origin":939,"position":5},"title":"Luftspr\u00fcnge im November","date":"November 18, 2020","format":false,"excerpt":"Endlich war ich mal wieder in Reichenbach. So wenig wie dieses Jahr hat es mich noch in keinem Flugjahr an den Hang gebracht. Ich glaube, das war heute erst das 2. Mal in 2020. Unglaublich. Am letzten Samstag wollte ich schon nach Reichenbach und hatte das bereits am Freitag in\u2026","rel":"","context":"\u00c4hnlicher Beitrag","img":{"alt_text":"","src":"","width":0,"height":0},"classes":[]}],"_links":{"self":[{"href":"https:\/\/fliegerblog.rjs.de\/index.php?rest_route=\/wp\/v2\/posts\/939","targetHints":{"allow":["GET"]}}],"collection":[{"href":"https:\/\/fliegerblog.rjs.de\/index.php?rest_route=\/wp\/v2\/posts"}],"about":[{"href":"https:\/\/fliegerblog.rjs.de\/index.php?rest_route=\/wp\/v2\/types\/post"}],"author":[{"embeddable":true,"href":"https:\/\/fliegerblog.rjs.de\/index.php?rest_route=\/wp\/v2\/users\/1"}],"replies":[{"embeddable":true,"href":"https:\/\/fliegerblog.rjs.de\/index.php?rest_route=%2Fwp%2Fv2%2Fcomments&post=939"}],"version-history":[{"count":0,"href":"https:\/\/fliegerblog.rjs.de\/index.php?rest_route=\/wp\/v2\/posts\/939\/revisions"}],"wp:attachment":[{"href":"https:\/\/fliegerblog.rjs.de\/index.php?rest_route=%2Fwp%2Fv2%2Fmedia&parent=939"}],"wp:term":[{"taxonomy":"category","embeddable":true,"href":"https:\/\/fliegerblog.rjs.de\/index.php?rest_route=%2Fwp%2Fv2%2Fcategories&post=939"},{"taxonomy":"post_tag","embeddable":true,"href":"https:\/\/fliegerblog.rjs.de\/index.php?rest_route=%2Fwp%2Fv2%2Ftags&post=939"}],"curies":[{"name":"wp","href":"https:\/\/api.w.org\/{rel}","templated":true}]}}