{"id":936,"date":"2015-05-22T20:28:53","date_gmt":"2015-05-22T19:28:53","guid":{"rendered":"http:\/\/www.rjs.de\/fliegerblog\/?p=936"},"modified":"2015-05-22T20:28:53","modified_gmt":"2015-05-22T19:28:53","slug":"the-first-and-the-last","status":"publish","type":"post","link":"https:\/\/fliegerblog.rjs.de\/?p=936","title":{"rendered":"The first and the last"},"content":{"rendered":"<div class=\"separator\" style=\"clear: both; text-align: center;\">\n<a href=\"https:\/\/i0.wp.com\/1.bp.blogspot.com\/-T-65hlAC4Rs\/VV-AWE8zeYI\/AAAAAAAACes\/LUwpaMNOREM\/s1600\/GOPR1104.JPG\" imageanchor=\"1\" style=\"clear: left; float: left; margin-bottom: 1em; margin-right: 1em;\"><img loading=\"lazy\" decoding=\"async\" border=\"0\" height=\"240\" src=\"https:\/\/i0.wp.com\/1.bp.blogspot.com\/-T-65hlAC4Rs\/VV-AWE8zeYI\/AAAAAAAACes\/LUwpaMNOREM\/s320\/GOPR1104.JPG?resize=320%2C240\" width=\"320\" data-recalc-dims=\"1\" \/><\/a><\/div>\n<p>Heute beim Windenfliegen in Laufenselden habe ich den Dummy gemacht und bin als Erster raus. Ich habe aber auch den letzten Flug des Tages und den Deckel f\u00fcr den Flugtag zu gemacht.<\/p>\n<div class=\"separator\" style=\"clear: both; text-align: center;\">\n<a href=\"https:\/\/i0.wp.com\/3.bp.blogspot.com\/-EIi8r7OPE7I\/VV-AVGJpudI\/AAAAAAAACek\/O8CGCQ9FK8Q\/s1600\/GOPR1177.JPG\" imageanchor=\"1\" style=\"clear: right; float: right; margin-bottom: 1em; margin-left: 1em;\"><img loading=\"lazy\" decoding=\"async\" border=\"0\" height=\"240\" src=\"https:\/\/i0.wp.com\/3.bp.blogspot.com\/-EIi8r7OPE7I\/VV-AVGJpudI\/AAAAAAAACek\/O8CGCQ9FK8Q\/s320\/GOPR1177.JPG?resize=320%2C240\" width=\"320\" data-recalc-dims=\"1\" \/><\/a><\/div>\n<p>Um 15:00 Uhr ging es los und \u00fcber den Nachmittag waren sogar recht viele Flieger da. Obwohl sich \u00fcber Doodle nur 5 angemeldet hatten.<\/p>\n<div class=\"separator\" style=\"clear: both; text-align: center;\">\n<a href=\"https:\/\/i0.wp.com\/1.bp.blogspot.com\/-_FXMHQxQKtc\/VV-AWdm0-RI\/AAAAAAAACew\/h-eGr--_DDs\/s1600\/GOPR1290.JPG\" imageanchor=\"1\" style=\"clear: left; float: left; margin-bottom: 1em; margin-right: 1em;\"><img loading=\"lazy\" decoding=\"async\" border=\"0\" height=\"240\" src=\"https:\/\/i0.wp.com\/1.bp.blogspot.com\/-_FXMHQxQKtc\/VV-AWdm0-RI\/AAAAAAAACew\/h-eGr--_DDs\/s320\/GOPR1290.JPG?resize=320%2C240\" width=\"320\" data-recalc-dims=\"1\" \/><\/a><\/div>\n<p>Thermisch war der Tag ziemlich schwach, aber das ist mir lieber als wenn es so kachelt wie einige Flugtage zuvor dieses Jahr.<\/p>\n<div class=\"separator\" style=\"clear: both; text-align: center;\">\n<a href=\"https:\/\/i0.wp.com\/4.bp.blogspot.com\/-Yx9DvIP3EYg\/VV-Agtm79FI\/AAAAAAAACfA\/ZBbz0pM0igY\/s1600\/GOPR1372.JPG\" imageanchor=\"1\" style=\"clear: right; float: right; margin-bottom: 1em; margin-left: 1em;\"><img loading=\"lazy\" decoding=\"async\" border=\"0\" height=\"240\" src=\"https:\/\/i0.wp.com\/4.bp.blogspot.com\/-Yx9DvIP3EYg\/VV-Agtm79FI\/AAAAAAAACfA\/ZBbz0pM0igY\/s320\/GOPR1372.JPG?resize=320%2C240\" width=\"320\" data-recalc-dims=\"1\" \/><\/a><\/div>\n<p>Ich war heute mit 5 Fl\u00fcgen dabei und soviele Windenstarts an einem Tag hatte ich lange nicht mehr. Die Fl\u00fcge an sich waren aber recht kurz.<\/p>\n<div class=\"separator\" style=\"clear: both; text-align: center;\">\n<a href=\"https:\/\/i0.wp.com\/2.bp.blogspot.com\/-qt0VURzTP0k\/VV-AgRJNWKI\/AAAAAAAACe8\/X8a40GBah_U\/s1600\/GOPR1534.JPG\" imageanchor=\"1\" style=\"clear: left; float: left; margin-bottom: 1em; margin-right: 1em;\"><img loading=\"lazy\" decoding=\"async\" border=\"0\" height=\"240\" src=\"https:\/\/i0.wp.com\/2.bp.blogspot.com\/-qt0VURzTP0k\/VV-AgRJNWKI\/AAAAAAAACe8\/X8a40GBah_U\/s320\/GOPR1534.JPG?resize=320%2C240\" width=\"320\" data-recalc-dims=\"1\" \/><\/a><\/div>\n<p>Am Anfang haben wir vom Wald Richtung Ort geschleppt und ich habe da auch schon 2 Fl\u00fcge gemacht. Nur haben wir dann die Schlepprichtung gedreht, denn der Wind kam eher von hinten und die Ausklinkh\u00f6hen waren sehr mau.<br \/>\nDer Wind war heute sowieso extrem schwach und es war von den Vorhersagen nicht eindeutig, welche Richtung besser ist. Im Grunde kam der Wind f\u00fcr beide Ausrichtungen heute quer. Aber da er wirklich schwach war, waren die Schlepps im Grund problemlos. <\/p>\n<div class=\"separator\" style=\"clear: both; text-align: center;\">\n<a href=\"https:\/\/i0.wp.com\/2.bp.blogspot.com\/-FG7b7vy-E_8\/VV-AhHCDdpI\/AAAAAAAACfE\/jYaU3Nny-s8\/s1600\/GOPR1543.JPG\" imageanchor=\"1\" style=\"clear: left; float: left; margin-bottom: 1em; margin-right: 1em;\"><img loading=\"lazy\" decoding=\"async\" border=\"0\" height=\"240\" src=\"https:\/\/i0.wp.com\/2.bp.blogspot.com\/-FG7b7vy-E_8\/VV-AhHCDdpI\/AAAAAAAACfE\/jYaU3Nny-s8\/s320\/GOPR1543.JPG?resize=320%2C240\" width=\"320\" data-recalc-dims=\"1\" \/><\/a><\/div>\n<p>Was nicht bedeutet, dass nicht gleich bei ein paar Fliegern mit wohl eher geringerer<br \/>\nSchlepperfahrung mehrere Starts mit Austesten der Logout-Grenzen angesagt waren.<\/p>\n<p>Ansonsten waren die Ausklinkh\u00f6hen nach dem Wechsel der Schlepprichtung deutlich besser, aber da es dann schon recht sp\u00e4t war, war dann thermisch nichts mehr drin. <\/p>\n<p>Trotzdem hat mir heute der Schlepptag richtig Spass gemacht.<\/p>\n","protected":false},"excerpt":{"rendered":"<p>Heute beim Windenfliegen in Laufenselden habe ich den Dummy gemacht und bin als Erster raus. Ich habe aber auch den letzten Flug des Tages und den Deckel f\u00fcr den Flugtag zu gemacht. Um 15:00 Uhr ging es los und \u00fcber den Nachmittag waren sogar recht viele Flieger da. Obwohl sich \u00fcber Doodle nur 5 angemeldet &hellip; <a href=\"https:\/\/fliegerblog.rjs.de\/?p=936\" class=\"more-link\"><span class=\"screen-reader-text\">\u201eThe first and the last\u201c<\/span> weiterlesen<\/a><\/p>\n","protected":false},"author":1,"featured_media":0,"comment_status":"open","ping_status":"open","sticky":false,"template":"","format":"standard","meta":{"jetpack_post_was_ever_published":false,"footnotes":"","jetpack_publicize_message":"","jetpack_is_tweetstorm":false,"jetpack_publicize_feature_enabled":true,"jetpack_social_options":[]},"categories":[2],"tags":[],"class_list":["post-936","post","type-post","status-publish","format-standard","hentry","category-allgemein"],"jetpack_publicize_connections":[],"jetpack_featured_media_url":"","jetpack_shortlink":"https:\/\/wp.me\/p788kK-f6","jetpack-related-posts":[{"id":2019,"url":"https:\/\/fliegerblog.rjs.de\/?p=2019","url_meta":{"origin":936,"position":0},"title":"Alternativprogramm und Starkwindhandling","date":"Juli 25, 2023","format":false,"excerpt":"Der Wind war heute extrem stramm und deshalb war Alternativprogramm \u00fcber den Tag angesagt. Ich habe meine To-Do-Liste abgearbeitet und bin Rad durch die D\u00fcnen (nat\u00fcrlich auf den Wegen) gefahren, hab Salzlakritz besorgt und war im Meer baden. Aber tats\u00e4chlich haben wir uns gegen 18:00 Uhr nochmal an den Strand\u2026","rel":"","context":"\u00c4hnlicher Beitrag","img":{"alt_text":"","src":"","width":0,"height":0},"classes":[]},{"id":601,"url":"https:\/\/fliegerblog.rjs.de\/?p=601","url_meta":{"origin":936,"position":1},"title":"Spass gemacht","date":"Oktober 7, 2012","format":false,"excerpt":"Man, war das heute voll am MFK. Als ich gegen 11:30 Uhr ankam, waren wir zu 5., aber \u00fcber den Nachmittag waren vielleicht 20 Flieger da. Es gab auch teils sehr gute Bedingungen. Bevor ich kam wohl schon, dann die erste Zeit auch noch, um dann aber nachzulassen als es\u2026","rel":"","context":"In &quot;Allgemein&quot;","img":{"alt_text":"","src":"","width":0,"height":0},"classes":[]},{"id":1601,"url":"https:\/\/fliegerblog.rjs.de\/?p=1601","url_meta":{"origin":936,"position":2},"title":"GFT, SGRH oder MF?","date":"Mai 25, 2019","format":false,"excerpt":"Heute gab es f\u00fcr mich wieder einmal mehrer Optionen, wo es zum Fliegen hingehen sollte. Erstmal hat sich die grunds\u00e4tzliche Frage gestellt, ob an den Hang (MF) oder zum Schleppen? Und beim Schleppen nach Singhofen oder Wallertheim? F\u00fcr alle Optionen gab es f\u00fcr mich gute Argumente, aber auch alle drei\u2026","rel":"","context":"\u00c4hnlicher Beitrag","img":{"alt_text":"","src":"https:\/\/i0.wp.com\/1.bp.blogspot.com\/--vFR0Y-JY8I\/XOljmbyVS3I\/AAAAAAAAEyU\/SoDU1V6JuWAA0GpAnLnLa1tNSFaC_UkFQCEwYBhgL\/s320\/GOPR8515.JPG?resize=350%2C200&ssl=1","width":350,"height":200},"classes":[]},{"id":2142,"url":"https:\/\/fliegerblog.rjs.de\/?p=2142","url_meta":{"origin":936,"position":3},"title":"Andr(H)ang","date":"April 12, 2025","format":false,"excerpt":"\u00a0 Heute war ich das erste Mal f\u00fcr dieses Jahr wieder in Eschbach. Ich hatte den Schirm, seit er vom Zwischen-Check zur\u00fcck ist, noch nicht \"angeschlossen\", wollte auf jeden Fall meine Ausr\u00fcstung fertig machen und etwas Flugpraxis aufbauen, bevor ich im Mai wieder zum K\u00fcstenfliegen gehe. Leider sind meine Flugtage\u2026","rel":"","context":"\u00c4hnlicher Beitrag","img":{"alt_text":"","src":"https:\/\/i0.wp.com\/blogger.googleusercontent.com\/img\/b\/R29vZ2xl\/AVvXsEhBWqjZOzk9XEtE05Dn6qr-5GqMz1Vv0OcmygjYdv1ZS1eiTi3oKuXjMB5rwkO8Wy1Jl2enp0EZ31P_phsnKoax5aeQ3mCNdUO_i_tKEy_LZSsLqR9E8NogcvW7htclG6avPHHLovzh7o3wtdMnWR1PQhsqVJdZOs72TmbMO5rwdrqWMmc072s6iavWC5p3\/w400-h300\/WhatsApp%20Image%202025-04-12%20at%2015.28.29.jpeg?resize=350%2C200&ssl=1","width":350,"height":200},"classes":[]},{"id":1767,"url":"https:\/\/fliegerblog.rjs.de\/?p=1767","url_meta":{"origin":936,"position":4},"title":"MF-Weihnachtsgeschenk","date":"Dezember 25, 2020","format":false,"excerpt":"\u00a0 Den Weihnachtsbraten gab es heute am Hang. Nur als ich gegen 13:00 Uhr ankam, waren mir die Bedingungen zu heftig. Die anderen sind teils ziemlich hoch geflogen, aber ich hatte den Fehler gemacht und die Prognosen f\u00fcr den Wind in der H\u00f6he angesehen. Deshalb bin ich \u00e4usserst vorsichtig auf\u2026","rel":"","context":"\u00c4hnlicher Beitrag","img":{"alt_text":"","src":"https:\/\/i0.wp.com\/1.bp.blogspot.com\/-DAYwLPq71o0\/X-YN8r7Y7EI\/AAAAAAAAF0M\/Tesm1EH1C14ieD6LO_Kc8Z9MMoFg0gFLgCLcBGAsYHQ\/w454-h213\/Zwischenablage01.png?resize=350%2C200&ssl=1","width":350,"height":200},"classes":[]},{"id":1759,"url":"https:\/\/fliegerblog.rjs.de\/?p=1759","url_meta":{"origin":936,"position":5},"title":"Luftspr\u00fcnge im November","date":"November 18, 2020","format":false,"excerpt":"Endlich war ich mal wieder in Reichenbach. So wenig wie dieses Jahr hat es mich noch in keinem Flugjahr an den Hang gebracht. Ich glaube, das war heute erst das 2. Mal in 2020. Unglaublich. Am letzten Samstag wollte ich schon nach Reichenbach und hatte das bereits am Freitag in\u2026","rel":"","context":"\u00c4hnlicher Beitrag","img":{"alt_text":"","src":"","width":0,"height":0},"classes":[]}],"_links":{"self":[{"href":"https:\/\/fliegerblog.rjs.de\/index.php?rest_route=\/wp\/v2\/posts\/936","targetHints":{"allow":["GET"]}}],"collection":[{"href":"https:\/\/fliegerblog.rjs.de\/index.php?rest_route=\/wp\/v2\/posts"}],"about":[{"href":"https:\/\/fliegerblog.rjs.de\/index.php?rest_route=\/wp\/v2\/types\/post"}],"author":[{"embeddable":true,"href":"https:\/\/fliegerblog.rjs.de\/index.php?rest_route=\/wp\/v2\/users\/1"}],"replies":[{"embeddable":true,"href":"https:\/\/fliegerblog.rjs.de\/index.php?rest_route=%2Fwp%2Fv2%2Fcomments&post=936"}],"version-history":[{"count":0,"href":"https:\/\/fliegerblog.rjs.de\/index.php?rest_route=\/wp\/v2\/posts\/936\/revisions"}],"wp:attachment":[{"href":"https:\/\/fliegerblog.rjs.de\/index.php?rest_route=%2Fwp%2Fv2%2Fmedia&parent=936"}],"wp:term":[{"taxonomy":"category","embeddable":true,"href":"https:\/\/fliegerblog.rjs.de\/index.php?rest_route=%2Fwp%2Fv2%2Fcategories&post=936"},{"taxonomy":"post_tag","embeddable":true,"href":"https:\/\/fliegerblog.rjs.de\/index.php?rest_route=%2Fwp%2Fv2%2Ftags&post=936"}],"curies":[{"name":"wp","href":"https:\/\/api.w.org\/{rel}","templated":true}]}}