{"id":932,"date":"2015-05-11T19:51:11","date_gmt":"2015-05-11T18:51:11","guid":{"rendered":"http:\/\/www.rjs.de\/fliegerblog\/?p=932"},"modified":"2015-05-11T19:51:11","modified_gmt":"2015-05-11T18:51:11","slug":"fun-am-hang","status":"publish","type":"post","link":"https:\/\/fliegerblog.rjs.de\/?p=932","title":{"rendered":"Fun am Hang :-)"},"content":{"rendered":"<div class=\"separator\" style=\"clear: both; text-align: center;\">\n<a href=\"https:\/\/i0.wp.com\/3.bp.blogspot.com\/-9TvFx6bXWqM\/VVD5vB0tLSI\/AAAAAAAACeQ\/5jD5lDpAnnI\/s1600\/rb_11_05_2015.png\" imageanchor=\"1\" style=\"clear: left; float: left; margin-bottom: 1em; margin-right: 1em;\"><img decoding=\"async\" border=\"0\" src=\"https:\/\/i0.wp.com\/3.bp.blogspot.com\/-9TvFx6bXWqM\/VVD5vB0tLSI\/AAAAAAAACeQ\/5jD5lDpAnnI\/s400\/rb_11_05_2015.png?w=840\" data-recalc-dims=\"1\" \/><\/a><\/div>\n<p>Das war heute ein klasse Flugnachmittag in Reichenbach. Ich war zwar erst um 16 Uhr am Hang, aber davor war es wohl sowieso zu heftig. Hatte ich nach den Messwerten und Prognosen auch erwartet und deshalb bin ich erst relativ sp\u00e4t hin.<br \/>\nDie Ankunftszeit war perfekt. Wind und thermische Abl\u00f6sungen hatten gen\u00fcgend nachgelassen und immer noch sch\u00f6n getragen. Bis kurz vor 19:00 Uhr ging es so richtig, richtig gut mit spielen. Und mehr, denn ich war 2x \u00fcber den B\u00e4umen, aber auch sonst ziemlich hoch f\u00fcr den Hang. Nat\u00fcrlich nicht so hoch wie in Eschbach, wo sie gleichzeitig geflogen sind, wie ich in Fratzenbuch gesehen habe.<br \/>\nAber ich mag das Soaren auf H\u00f6he der Baumkronen und B\u00fcsche und das permanente Starten und Landen und gleich wieder starten sowieso mehr. Au\u00dferdem hat man in Reichenbach Platz und kann starten wie man will.<br \/>\nF\u00fcr mich war das heute einer der besten Flugtage dieses Jahres :-).<\/p>\n<hr \/>\n<p><iframe loading=\"lazy\" width=\"560\" height=\"315\" src=\"https:\/\/www.youtube.com\/embed\/e5_tK7jlRRI\" frameborder=\"0\" allowfullscreen><\/iframe><\/p>\n","protected":false},"excerpt":{"rendered":"<p>Das war heute ein klasse Flugnachmittag in Reichenbach. Ich war zwar erst um 16 Uhr am Hang, aber davor war es wohl sowieso zu heftig. Hatte ich nach den Messwerten und Prognosen auch erwartet und deshalb bin ich erst relativ sp\u00e4t hin. Die Ankunftszeit war perfekt. Wind und thermische Abl\u00f6sungen hatten gen\u00fcgend nachgelassen und immer &hellip; <a href=\"https:\/\/fliegerblog.rjs.de\/?p=932\" class=\"more-link\"><span class=\"screen-reader-text\">\u201eFun am Hang :-)\u201c<\/span> weiterlesen<\/a><\/p>\n","protected":false},"author":1,"featured_media":0,"comment_status":"open","ping_status":"open","sticky":false,"template":"","format":"standard","meta":{"jetpack_post_was_ever_published":false,"footnotes":"","jetpack_publicize_message":"","jetpack_is_tweetstorm":false,"jetpack_publicize_feature_enabled":true,"jetpack_social_options":[]},"categories":[2],"tags":[],"class_list":["post-932","post","type-post","status-publish","format-standard","hentry","category-allgemein"],"jetpack_publicize_connections":[],"jetpack_featured_media_url":"","jetpack_shortlink":"https:\/\/wp.me\/p788kK-f2","jetpack-related-posts":[{"id":694,"url":"https:\/\/fliegerblog.rjs.de\/?p=694","url_meta":{"origin":932,"position":0},"title":"Top-(Lande-)Bedingungen am MFK","date":"September 1, 2013","format":false,"excerpt":"Heute morgen musste ich mit der Familie an einem Wohlt\u00e4tigkeitslauf teilnehmen. Zwar nur Walking, aber ich war dennoch gebunden. Und das bei super Aussichten f\u00fcr den MFK. So kam ich erst um 14:00 Uhr am Hang an. Schon bei der Anfahrt habe ich Schirme hoch \u00fcber dem Kopf gesehen und\u2026","rel":"","context":"In &quot;Allgemein&quot;","img":{"alt_text":"","src":"","width":0,"height":0},"classes":[]},{"id":927,"url":"https:\/\/fliegerblog.rjs.de\/?p=927","url_meta":{"origin":932,"position":1},"title":"Feierabendfliegen bei teils recht knackigen Bedinungen","date":"Mai 4, 2015","format":false,"excerpt":"Heute bin ich gegen 15:45 Uhr in Reichenbach am Hang gewesen. Den ganzen Tag \u00fcber gab es schon S\u00fcdwind, aber auf unserer Messstation im Tal waren teilweise Messwerte von 25 Km\/h zu sehen. Allgemein halten wir es mit der Regel, dass Windgeschwindigkeiten im zweistelligen Bereich an der Station schon leicht\u2026","rel":"","context":"In &quot;Allgemein&quot;","img":{"alt_text":"","src":"","width":0,"height":0},"classes":[]},{"id":808,"url":"https:\/\/fliegerblog.rjs.de\/?p=808","url_meta":{"origin":932,"position":2},"title":"Hei\u00dfe Airtime","date":"Juli 18, 2014","format":false,"excerpt":"Die elende Hitzewelle ist wieder am Rollen und am Wochenende soll das mit \u00fcber 35 Grad in die \u00fcblichen Unwetter m\u00fcnden. Heute war ich schon kurz nach 10:00 Uhr in Eschbach am Hang, um vor der gr\u00f6\u00dften Hitze (und der vermuteten \u00dcberf\u00fcllung des Hangs am Nachmittag) ein bisschen Airtime zu\u2026","rel":"","context":"In &quot;Allgemein&quot;","img":{"alt_text":"","src":"","width":0,"height":0},"classes":[]},{"id":1731,"url":"https:\/\/fliegerblog.rjs.de\/?p=1731","url_meta":{"origin":932,"position":3},"title":"Erst f\u00fcr mich zu bockig, aber dann genial","date":"Juli 20, 2020","format":false,"excerpt":"Ich war heute lange unentschieden, ob ich an den Hang in MF gehen sollte. Die Richtung sah im Vorfeld gut aus, aber einige Prognosen haben B\u00f6en bis 40 km\/h vorhergesagt. Und nach meinen Erfahrungen der letzten Zeit wird es bei den Prognosen am Hang auch heftig. Nach l\u00e4ngerer Diskussion in\u2026","rel":"","context":"\u00c4hnlicher Beitrag","img":{"alt_text":"","src":"https:\/\/i0.wp.com\/1.bp.blogspot.com\/-q2TuBiPoZW4\/XxX8BnWHimI\/AAAAAAAAFh4\/VooJR0b7MVk8PVFr7mnAL9LmCGFzgVd0gCLcBGAsYHQ\/s320\/GOPR5416.JPG?resize=350%2C200&ssl=1","width":350,"height":200},"classes":[]},{"id":2142,"url":"https:\/\/fliegerblog.rjs.de\/?p=2142","url_meta":{"origin":932,"position":4},"title":"Andr(H)ang","date":"April 12, 2025","format":false,"excerpt":"\u00a0 Heute war ich das erste Mal f\u00fcr dieses Jahr wieder in Eschbach. Ich hatte den Schirm, seit er vom Zwischen-Check zur\u00fcck ist, noch nicht \"angeschlossen\", wollte auf jeden Fall meine Ausr\u00fcstung fertig machen und etwas Flugpraxis aufbauen, bevor ich im Mai wieder zum K\u00fcstenfliegen gehe. Leider sind meine Flugtage\u2026","rel":"","context":"\u00c4hnlicher Beitrag","img":{"alt_text":"","src":"https:\/\/i0.wp.com\/blogger.googleusercontent.com\/img\/b\/R29vZ2xl\/AVvXsEhBWqjZOzk9XEtE05Dn6qr-5GqMz1Vv0OcmygjYdv1ZS1eiTi3oKuXjMB5rwkO8Wy1Jl2enp0EZ31P_phsnKoax5aeQ3mCNdUO_i_tKEy_LZSsLqR9E8NogcvW7htclG6avPHHLovzh7o3wtdMnWR1PQhsqVJdZOs72TmbMO5rwdrqWMmc072s6iavWC5p3\/w400-h300\/WhatsApp%20Image%202025-04-12%20at%2015.28.29.jpeg?resize=350%2C200&ssl=1","width":350,"height":200},"classes":[]},{"id":1960,"url":"https:\/\/fliegerblog.rjs.de\/?p=1960","url_meta":{"origin":932,"position":5},"title":"Feierabendspielereien mit Praxistest vom neuen Gurtzeug","date":"September 30, 2022","format":false,"excerpt":"Das war heute mal wieder ein Lichtblick in meinem sonst ziemlich tr\u00fcben Flugjahr. Ich konnte halbwegs fr\u00fchzeitig Feierabend machen und da ich heute in Eppstein gearbeitet hatte, war ich so gegen 15:30 Uhr in Reichenbach am Hang. Es waren zu der Zeit schon 4 Flieger vor Ort und der Wind\u2026","rel":"","context":"\u00c4hnlicher Beitrag","img":{"alt_text":"","src":"https:\/\/i0.wp.com\/blogger.googleusercontent.com\/img\/b\/R29vZ2xl\/AVvXsEiozZuGK0r3Qllz5oj1YfbI-NXuR4pAquEv1N48FOh81sk1pGGUTORFNTtBYGZIBVHxktZ6g04yzBwYq9Qpe4Nls0uXCYp-toPmz8P64buMSObAg99Pzgu9bGzESJCw0zNGbDauOb5WHYymYB30XRHMigeVOZ7frjkEPctmvsgzh2dWf4CtTJE089f1uw\/s320\/reichenbach1664550721.052112.jpg?resize=350%2C200&ssl=1","width":350,"height":200},"classes":[]}],"_links":{"self":[{"href":"https:\/\/fliegerblog.rjs.de\/index.php?rest_route=\/wp\/v2\/posts\/932","targetHints":{"allow":["GET"]}}],"collection":[{"href":"https:\/\/fliegerblog.rjs.de\/index.php?rest_route=\/wp\/v2\/posts"}],"about":[{"href":"https:\/\/fliegerblog.rjs.de\/index.php?rest_route=\/wp\/v2\/types\/post"}],"author":[{"embeddable":true,"href":"https:\/\/fliegerblog.rjs.de\/index.php?rest_route=\/wp\/v2\/users\/1"}],"replies":[{"embeddable":true,"href":"https:\/\/fliegerblog.rjs.de\/index.php?rest_route=%2Fwp%2Fv2%2Fcomments&post=932"}],"version-history":[{"count":0,"href":"https:\/\/fliegerblog.rjs.de\/index.php?rest_route=\/wp\/v2\/posts\/932\/revisions"}],"wp:attachment":[{"href":"https:\/\/fliegerblog.rjs.de\/index.php?rest_route=%2Fwp%2Fv2%2Fmedia&parent=932"}],"wp:term":[{"taxonomy":"category","embeddable":true,"href":"https:\/\/fliegerblog.rjs.de\/index.php?rest_route=%2Fwp%2Fv2%2Fcategories&post=932"},{"taxonomy":"post_tag","embeddable":true,"href":"https:\/\/fliegerblog.rjs.de\/index.php?rest_route=%2Fwp%2Fv2%2Ftags&post=932"}],"curies":[{"name":"wp","href":"https:\/\/api.w.org\/{rel}","templated":true}]}}