{"id":929,"date":"2015-05-08T19:14:32","date_gmt":"2015-05-08T18:14:32","guid":{"rendered":"http:\/\/www.rjs.de\/fliegerblog\/?p=929"},"modified":"2015-05-08T19:14:32","modified_gmt":"2015-05-08T18:14:32","slug":"muehsam-ernaehrt-sich-das-flughoernchen","status":"publish","type":"post","link":"https:\/\/fliegerblog.rjs.de\/?p=929","title":{"rendered":"M\u00fchsam ern\u00e4hrt sich das Flugh\u00f6rnchen"},"content":{"rendered":"<div class=\"separator\" style=\"clear: both; text-align: center;\">\n<a href=\"https:\/\/i0.wp.com\/2.bp.blogspot.com\/-UcO4HnS2t9A\/VUz542SvEfI\/AAAAAAAACcs\/T5BTBL2C0VA\/s1600\/GOPR0905.JPG\" imageanchor=\"1\" style=\"clear: left; float: left; margin-bottom: 1em; margin-right: 1em;\"><img loading=\"lazy\" decoding=\"async\" border=\"0\" height=\"240\" src=\"https:\/\/i0.wp.com\/2.bp.blogspot.com\/-UcO4HnS2t9A\/VUz542SvEfI\/AAAAAAAACcs\/T5BTBL2C0VA\/s320\/GOPR0905.JPG?resize=320%2C240\" width=\"320\" data-recalc-dims=\"1\" \/><\/a><\/div>\n<p>&nbsp;Obwohl ich dieses Jahr schon 4x oder 5x beim Schleppen war, komme ich nur m\u00fchsam auf meine Fl\u00fcge.<\/p>\n<div class=\"separator\" style=\"clear: both; text-align: center;\">\n<a href=\"https:\/\/i0.wp.com\/3.bp.blogspot.com\/-OuhEYliTSsQ\/VUz56WeCVCI\/AAAAAAAACc4\/UHuC5tbtkJw\/s1600\/GOPR0906.JPG\" imageanchor=\"1\" style=\"clear: right; float: right; margin-bottom: 1em; margin-left: 1em;\"><img loading=\"lazy\" decoding=\"async\" border=\"0\" height=\"240\" src=\"https:\/\/i0.wp.com\/3.bp.blogspot.com\/-OuhEYliTSsQ\/VUz56WeCVCI\/AAAAAAAACc4\/UHuC5tbtkJw\/s320\/GOPR0906.JPG?resize=320%2C240\" width=\"320\" data-recalc-dims=\"1\" \/><\/a><\/div>\n<p>Auch heute hatte ich in Laufenselden nur 2 Starts.<\/p>\n<div class=\"separator\" style=\"clear: both; text-align: center;\">\n<a href=\"https:\/\/i0.wp.com\/3.bp.blogspot.com\/-zubTLkJ_Vr4\/VUz56PTFOII\/AAAAAAAACc0\/dJWEtyvZTNs\/s1600\/GOPR0909.JPG\" imageanchor=\"1\" style=\"clear: left; float: left; margin-bottom: 1em; margin-right: 1em;\"><img loading=\"lazy\" decoding=\"async\" border=\"0\" height=\"240\" src=\"https:\/\/i0.wp.com\/3.bp.blogspot.com\/-zubTLkJ_Vr4\/VUz56PTFOII\/AAAAAAAACc0\/dJWEtyvZTNs\/s320\/GOPR0909.JPG?resize=320%2C240\" width=\"320\" data-recalc-dims=\"1\" \/><\/a><\/div>\n<p>Aber das hatte ich so auch erwartet, denn mein Verein hatte wieder einmal die Winde und die Windenfahrer f\u00fcr einen Windenkurs gestellt.<\/p>\n<div class=\"separator\" style=\"clear: both; text-align: center;\">\n<a href=\"https:\/\/i0.wp.com\/4.bp.blogspot.com\/-8n-SG5z-vB4\/VUz6DqiwOLI\/AAAAAAAACdE\/t1Ui_t-Z44g\/s1600\/GOPR0910.JPG\" imageanchor=\"1\" style=\"clear: right; float: right; margin-bottom: 1em; margin-left: 1em;\"><img loading=\"lazy\" decoding=\"async\" border=\"0\" height=\"240\" src=\"https:\/\/i0.wp.com\/4.bp.blogspot.com\/-8n-SG5z-vB4\/VUz6DqiwOLI\/AAAAAAAACdE\/t1Ui_t-Z44g\/s320\/GOPR0910.JPG?resize=320%2C240\" width=\"320\" data-recalc-dims=\"1\" \/><\/a><\/div>\n<p>Das macht der Verein h\u00e4ufiger und in der Regel k\u00f6nnen Freiflieger vom Verein Nachmittags dazu sto\u00dfen, wenn der Kurs \u00fcber den ganzen Tag geht.<\/p>\n<div class=\"separator\" style=\"clear: both; text-align: center;\">\n<a href=\"https:\/\/i0.wp.com\/1.bp.blogspot.com\/-t-ozJx6bjSA\/VUz6FKJPsnI\/AAAAAAAACdQ\/ifVsokp2xQY\/s1600\/GOPR0989.JPG\" imageanchor=\"1\" style=\"clear: left; float: left; margin-bottom: 1em; margin-right: 1em;\"><img loading=\"lazy\" decoding=\"async\" border=\"0\" height=\"240\" src=\"https:\/\/i0.wp.com\/1.bp.blogspot.com\/-t-ozJx6bjSA\/VUz6FKJPsnI\/AAAAAAAACdQ\/ifVsokp2xQY\/s320\/GOPR0989.JPG?resize=320%2C240\" width=\"320\" data-recalc-dims=\"1\" \/><\/a><\/div>\n<p>Das hatte ich schon ein paar mal genutzt und nat\u00fcrlich kommt man da nicht auf so viele Fl\u00fcge als wenn erfahrene Piloten am Start sind.<\/p>\n<div class=\"separator\" style=\"clear: both; text-align: center;\">\n<a href=\"https:\/\/i0.wp.com\/1.bp.blogspot.com\/-iO3hCYL39Aw\/VUz6E_EF2II\/AAAAAAAACdM\/t2xXuSyPLPE\/s1600\/GOPR0991.JPG\" imageanchor=\"1\" style=\"clear: right; float: right; margin-bottom: 1em; margin-left: 1em;\"><img loading=\"lazy\" decoding=\"async\" border=\"0\" height=\"240\" src=\"https:\/\/i0.wp.com\/1.bp.blogspot.com\/-iO3hCYL39Aw\/VUz6E_EF2II\/AAAAAAAACdM\/t2xXuSyPLPE\/s320\/GOPR0991.JPG?resize=320%2C240\" width=\"320\" data-recalc-dims=\"1\" \/><\/a><\/div>\n<p>Dazu waren es auch \u00fcber 10 Windensch\u00fcler und wir waren 5 Freiflieger. <\/p>\n<div class=\"separator\" style=\"clear: both; text-align: center;\">\n<a href=\"https:\/\/i0.wp.com\/2.bp.blogspot.com\/-CgPrVvbrFyg\/VUz6MqeZ2CI\/AAAAAAAACdc\/iq5BqbTaXOI\/s1600\/GOPR1005.JPG\" imageanchor=\"1\" style=\"clear: left; float: left; margin-bottom: 1em; margin-right: 1em;\"><img loading=\"lazy\" decoding=\"async\" border=\"0\" height=\"240\" src=\"https:\/\/i0.wp.com\/2.bp.blogspot.com\/-CgPrVvbrFyg\/VUz6MqeZ2CI\/AAAAAAAACdc\/iq5BqbTaXOI\/s320\/GOPR1005.JPG?resize=320%2C240\" width=\"320\" data-recalc-dims=\"1\" \/><\/a><\/div>\n<p>War schon ok.Wir d\u00fcrfen ja auch den Kurs nicht zu sehr behindern. Die Flugsch\u00fcler brauchen ja ihre Fl\u00fcge f\u00fcr den Schein.<\/p>\n<div class=\"separator\" style=\"clear: both; text-align: center;\">\n<a href=\"https:\/\/i0.wp.com\/2.bp.blogspot.com\/-KGIvo_PL8rA\/VUz6RQwWBfI\/AAAAAAAACdk\/Frk9r1j4HM4\/s1600\/GOPR1009.JPG\" imageanchor=\"1\" style=\"clear: right; float: right; margin-bottom: 1em; margin-left: 1em;\"><img loading=\"lazy\" decoding=\"async\" border=\"0\" height=\"240\" src=\"https:\/\/i0.wp.com\/2.bp.blogspot.com\/-KGIvo_PL8rA\/VUz6RQwWBfI\/AAAAAAAACdk\/Frk9r1j4HM4\/s320\/GOPR1009.JPG?resize=320%2C240\" width=\"320\" data-recalc-dims=\"1\" \/><\/a><\/div>\n<p>Um ca 15:30 Uhr war ich auf dem Platz und die beiden Fl\u00fcge heute waren nicht sonderlich lang. <\/p>\n<div class=\"separator\" style=\"clear: both; text-align: center;\">\n<a href=\"https:\/\/i0.wp.com\/1.bp.blogspot.com\/-5OUocjKTpMY\/VUz6TWwH4rI\/AAAAAAAACds\/h1PvymbDB1M\/s1600\/GOPR1011.JPG\" imageanchor=\"1\" style=\"clear: left; float: left; margin-bottom: 1em; margin-right: 1em;\"><img loading=\"lazy\" decoding=\"async\" border=\"0\" height=\"240\" src=\"https:\/\/i0.wp.com\/1.bp.blogspot.com\/-5OUocjKTpMY\/VUz6TWwH4rI\/AAAAAAAACds\/h1PvymbDB1M\/s320\/GOPR1011.JPG?resize=320%2C240\" width=\"320\" data-recalc-dims=\"1\" \/><\/a><\/div>\n<p>Obwohl die Ausklinkh\u00f6he bei beiden nicht schlecht war, ging es nach dem Ausklinken recht schnell wieder an die Landung.<\/p>\n<div class=\"separator\" style=\"clear: both; text-align: center;\">\n<a href=\"https:\/\/i0.wp.com\/1.bp.blogspot.com\/-tsu36_iZj0o\/VUz6VxKeJkI\/AAAAAAAACd0\/PlHtmqWnz4o\/s1600\/GOPR1012.JPG\" imageanchor=\"1\" style=\"clear: right; float: right; margin-bottom: 1em; margin-left: 1em;\"><img loading=\"lazy\" decoding=\"async\" border=\"0\" height=\"240\" src=\"https:\/\/i0.wp.com\/1.bp.blogspot.com\/-tsu36_iZj0o\/VUz6VxKeJkI\/AAAAAAAACd0\/PlHtmqWnz4o\/s320\/GOPR1012.JPG?resize=320%2C240\" width=\"320\" data-recalc-dims=\"1\" \/><\/a><\/div>\n<p>&nbsp;Die Fl\u00fcge haben aber trotzdem Spass gemacht.<\/p>\n<div class=\"separator\" style=\"clear: both; text-align: center;\">\n<a href=\"https:\/\/i0.wp.com\/2.bp.blogspot.com\/-_ydLPYEkU3A\/VUz6X1ClzTI\/AAAAAAAACd8\/UmTqvYdtt8U\/s1600\/GOPR1013.JPG\" imageanchor=\"1\" style=\"clear: left; float: left; margin-bottom: 1em; margin-right: 1em;\"><img loading=\"lazy\" decoding=\"async\" border=\"0\" height=\"240\" src=\"https:\/\/i0.wp.com\/2.bp.blogspot.com\/-_ydLPYEkU3A\/VUz6X1ClzTI\/AAAAAAAACd8\/UmTqvYdtt8U\/s320\/GOPR1013.JPG?resize=320%2C240\" width=\"320\" data-recalc-dims=\"1\" \/><\/a><\/div>\n<p>Bei meinem zweiten Flug hat es leicht gefusselt (hab mich \u00fcber das Ger\u00e4usch am Helm erst gewundert) und gegen 18:00 Uhr hat es schlagartig angefangen zu regnen. Das hat dann die Veranstaltung zu einem unmittelbaren Ende gebracht. Ich habe meinen Schirm sogar nicht mehr zusammenlegen k\u00f6nnen, so schnell und \u00fcberraschend war der Regen dann da.<br \/>\nWie gut, dass ich einen gro\u00dfen Kofferraum bei meinem Forester habe :-).<\/p>\n","protected":false},"excerpt":{"rendered":"<p>&nbsp;Obwohl ich dieses Jahr schon 4x oder 5x beim Schleppen war, komme ich nur m\u00fchsam auf meine Fl\u00fcge. Auch heute hatte ich in Laufenselden nur 2 Starts. Aber das hatte ich so auch erwartet, denn mein Verein hatte wieder einmal die Winde und die Windenfahrer f\u00fcr einen Windenkurs gestellt. Das macht der Verein h\u00e4ufiger und &hellip; <a href=\"https:\/\/fliegerblog.rjs.de\/?p=929\" class=\"more-link\"><span class=\"screen-reader-text\">\u201eM\u00fchsam ern\u00e4hrt sich das Flugh\u00f6rnchen\u201c<\/span> weiterlesen<\/a><\/p>\n","protected":false},"author":1,"featured_media":0,"comment_status":"open","ping_status":"open","sticky":false,"template":"","format":"standard","meta":{"jetpack_post_was_ever_published":false,"footnotes":"","jetpack_publicize_message":"","jetpack_is_tweetstorm":false,"jetpack_publicize_feature_enabled":true,"jetpack_social_options":[]},"categories":[2],"tags":[],"class_list":["post-929","post","type-post","status-publish","format-standard","hentry","category-allgemein"],"jetpack_publicize_connections":[],"jetpack_featured_media_url":"","jetpack_shortlink":"https:\/\/wp.me\/p788kK-eZ","jetpack-related-posts":[{"id":579,"url":"https:\/\/fliegerblog.rjs.de\/?p=579","url_meta":{"origin":929,"position":0},"title":"Bisschen m\u00fcder Schleppnachmittag","date":"September 6, 2012","format":false,"excerpt":"Irgendwie war ich heute noch zu satt von dem genialen Tag am Hang gestern in MF. Dazu hatte ich mich da b\u00f6s erkl\u00e4ltet und von daher war ich nicht richtig hungrig auf die Fl\u00fcge an der Winde in Neu-Anspach. Es schien mir, als waren aber auch die anderen Flieger heute\u2026","rel":"","context":"In &quot;Allgemein&quot;","img":{"alt_text":"","src":"","width":0,"height":0},"classes":[]},{"id":849,"url":"https:\/\/fliegerblog.rjs.de\/?p=849","url_meta":{"origin":929,"position":1},"title":"Und gleich noch ein weiterer Versuch in Reichenbach","date":"Oktober 15, 2014","format":false,"excerpt":"Nachdem das gestern doch sehr nett in Reichenbach war, habe ich heute gleich den n\u00e4chsten Versuch dort hinterher gejagt. Wer wei\u00df was die n\u00e4chsten Tag noch bringen. Die graue Jahreszeit r\u00fcckt ja n\u00e4her. Heute war es nur umgekehrt wie gestern. Leicht bessere Prognosen wie gestern, zuhause bereits Sonne und auf\u2026","rel":"","context":"In &quot;Allgemein&quot;","img":{"alt_text":"","src":"","width":0,"height":0},"classes":[]},{"id":408,"url":"https:\/\/fliegerblog.rjs.de\/?p=408","url_meta":{"origin":929,"position":2},"title":"Naja &#8211; MFK im Mittelma\u00df","date":"M\u00e4rz 5, 2011","format":false,"excerpt":"War heute am MFK. So voll habe ich das selten erlebt. Vielleicht 20 Flieger da gewesen. Aber ich kann nicht sagen, ob es sich heute gelohnt hat oder nicht. Ich kam gegen 11:00 Uhr an. Da war so gut wie kein Wind. Die Sonne hat zwar geschienen, aber nicht ganz\u2026","rel":"","context":"In &quot;Allgemein&quot;","img":{"alt_text":"","src":"","width":0,"height":0},"classes":[]},{"id":624,"url":"https:\/\/fliegerblog.rjs.de\/?p=624","url_meta":{"origin":929,"position":3},"title":"Fast 3 Monate &#8230;","date":"M\u00e4rz 15, 2013","format":false,"excerpt":"bin ich nicht mehr richtig in die Luft gekommen. Seit ich Gleitschirm fliege, war kein Winter so d\u00fcrftig. Am Mittwoch war Wind aus NW und eigentlich hatten wir den MFK angepeilt. Aber der Donnerstag schien vielversprechender und von daher wollten wir da dann gehen. Und dann kam Schneefall. Ich hatte\u2026","rel":"","context":"In &quot;Allgemein&quot;","img":{"alt_text":"","src":"","width":0,"height":0},"classes":[]},{"id":156,"url":"https:\/\/fliegerblog.rjs.de\/?p=156","url_meta":{"origin":929,"position":4},"title":"Fazit der Nordwindwoche","date":"M\u00e4rz 22, 2009","format":false,"excerpt":"Heute war ich um 12:00 Uhr in MF am Hang. Waren zuerst nur zu 4. da. Erst war Nullwind, dann kam er leicht von West und selbst der Abgleiter war m\u00fchsam. Aber von etwa 12:45 bis 13:30 Uhr sind wir 4 richtig gut geflogen. Um dann erst mal abzubrechen, denn\u2026","rel":"","context":"In &quot;Allgemein&quot;","img":{"alt_text":"","src":"","width":0,"height":0},"classes":[]},{"id":1005,"url":"https:\/\/fliegerblog.rjs.de\/?p=1005","url_meta":{"origin":929,"position":5},"title":"One of the best :-)","date":"Oktober 30, 2015","format":false,"excerpt":"Das war heute einer der besten Flugtage des Jahres f\u00fcr mich. Definitiv. Die Prognosen hatten zwar \u00fcberwiegend Ost angesagt, aber ein paar kleine Chancen auf SO waren da. Nach meiner Einsch\u00e4tzung vor allen Dingen fr\u00fcher am Tag. Deshalb war ich schon kurz vor 11:00 Uhr am Hang. Und es ging\u2026","rel":"","context":"In &quot;Allgemein&quot;","img":{"alt_text":"","src":"","width":0,"height":0},"classes":[]}],"_links":{"self":[{"href":"https:\/\/fliegerblog.rjs.de\/index.php?rest_route=\/wp\/v2\/posts\/929","targetHints":{"allow":["GET"]}}],"collection":[{"href":"https:\/\/fliegerblog.rjs.de\/index.php?rest_route=\/wp\/v2\/posts"}],"about":[{"href":"https:\/\/fliegerblog.rjs.de\/index.php?rest_route=\/wp\/v2\/types\/post"}],"author":[{"embeddable":true,"href":"https:\/\/fliegerblog.rjs.de\/index.php?rest_route=\/wp\/v2\/users\/1"}],"replies":[{"embeddable":true,"href":"https:\/\/fliegerblog.rjs.de\/index.php?rest_route=%2Fwp%2Fv2%2Fcomments&post=929"}],"version-history":[{"count":0,"href":"https:\/\/fliegerblog.rjs.de\/index.php?rest_route=\/wp\/v2\/posts\/929\/revisions"}],"wp:attachment":[{"href":"https:\/\/fliegerblog.rjs.de\/index.php?rest_route=%2Fwp%2Fv2%2Fmedia&parent=929"}],"wp:term":[{"taxonomy":"category","embeddable":true,"href":"https:\/\/fliegerblog.rjs.de\/index.php?rest_route=%2Fwp%2Fv2%2Fcategories&post=929"},{"taxonomy":"post_tag","embeddable":true,"href":"https:\/\/fliegerblog.rjs.de\/index.php?rest_route=%2Fwp%2Fv2%2Ftags&post=929"}],"curies":[{"name":"wp","href":"https:\/\/api.w.org\/{rel}","templated":true}]}}