{"id":927,"date":"2015-05-04T20:13:25","date_gmt":"2015-05-04T19:13:25","guid":{"rendered":"http:\/\/www.rjs.de\/fliegerblog\/?p=927"},"modified":"2015-05-04T20:13:25","modified_gmt":"2015-05-04T19:13:25","slug":"feierabendfliegen-bei-teils-recht-knackigen-bedinungen","status":"publish","type":"post","link":"https:\/\/fliegerblog.rjs.de\/?p=927","title":{"rendered":"Feierabendfliegen bei teils recht knackigen Bedinungen"},"content":{"rendered":"<div class=\"separator\" style=\"clear: both; text-align: center;\">\n<a href=\"https:\/\/i0.wp.com\/1.bp.blogspot.com\/-aMDGwdnPJMo\/VUe-E_dp9SI\/AAAAAAAACbI\/HkVz_zzAFCc\/s1600\/t1430751121.jpg\" imageanchor=\"1\" style=\"clear: left; float: left; margin-bottom: 1em; margin-right: 1em;\"><img decoding=\"async\" border=\"0\" src=\"https:\/\/i0.wp.com\/1.bp.blogspot.com\/-aMDGwdnPJMo\/VUe-E_dp9SI\/AAAAAAAACbI\/HkVz_zzAFCc\/s200\/t1430751121.jpg?w=840\" data-recalc-dims=\"1\" \/><\/a><\/div>\n<p>Heute bin ich gegen 15:45 Uhr in Reichenbach am Hang gewesen. Den ganzen Tag \u00fcber gab es schon S\u00fcdwind, aber auf unserer Messstation im Tal waren teilweise Messwerte von 25 Km\/h zu sehen. Allgemein halten wir es mit der Regel, dass Windgeschwindigkeiten im zweistelligen Bereich an der Station schon leicht zu viel am Hang sein kann. Und jenseits von 20 Km\/h kachelt das am Hang dann wie Bolle. Nix f\u00fcr mich.<\/p>\n<div class=\"separator\" style=\"clear: both; text-align: center;\">\n<a href=\"https:\/\/i0.wp.com\/1.bp.blogspot.com\/-ccnl2oW454k\/VUe-E-zdBvI\/AAAAAAAACbQ\/ndkAoJAweM8\/s1600\/t1430751482.jpg\" imageanchor=\"1\" style=\"clear: left; float: left; margin-bottom: 1em; margin-right: 1em;\"><img decoding=\"async\" border=\"0\" src=\"https:\/\/i0.wp.com\/1.bp.blogspot.com\/-ccnl2oW454k\/VUe-E-zdBvI\/AAAAAAAACbQ\/ndkAoJAweM8\/s200\/t1430751482.jpg?w=840\" data-recalc-dims=\"1\" \/><\/a><\/div>\n<p>Die letzten Wochen ist es sowieso stark thermisch gewesen und Reichenbach ist dann nicht ohne.<\/p>\n<div class=\"separator\" style=\"clear: both; text-align: center;\">\n<a href=\"https:\/\/i0.wp.com\/4.bp.blogspot.com\/-3vP2ACkVi40\/VUe-E6vYSOI\/AAAAAAAACbE\/Ph5H7F2SFEQ\/s1600\/t1430752922.jpg\" imageanchor=\"1\" style=\"clear: left; float: left; margin-bottom: 1em; margin-right: 1em;\"><img decoding=\"async\" border=\"0\" src=\"https:\/\/i0.wp.com\/4.bp.blogspot.com\/-3vP2ACkVi40\/VUe-E6vYSOI\/AAAAAAAACbE\/Ph5H7F2SFEQ\/s200\/t1430752922.jpg?w=840\" data-recalc-dims=\"1\" \/><\/a><\/div>\n<p>Auch heute war es uns sogar um die sp\u00e4te Zeit am Tag erst einmal zu bockig. Es war aber absehbar, dass Wind und Thermik gegen sp\u00e4teren Nachmittag nachlassen sollten.<br \/>\n<\/p>\n<div class=\"separator\" style=\"clear: both; text-align: center;\">\n<a href=\"https:\/\/i0.wp.com\/4.bp.blogspot.com\/-kKOF7gIjI64\/VUe-bbsKnLI\/AAAAAAAACbk\/6xLfg7lUgnI\/s1600\/GOPR0564.JPG\" imageanchor=\"1\" style=\"clear: right; float: right; margin-bottom: 1em; margin-left: 1em;\"><img decoding=\"async\" border=\"0\" src=\"https:\/\/i0.wp.com\/4.bp.blogspot.com\/-kKOF7gIjI64\/VUe-bbsKnLI\/AAAAAAAACbk\/6xLfg7lUgnI\/s320\/GOPR0564.JPG?w=840\" data-recalc-dims=\"1\" \/><\/a><\/div>\n<p>Die kurze Wartezeit konnte ich gut nutzen und meine besch\u00e4digten Leinen austauschen. Die Austauschleinen sind gestern mit der Post gekommen und ich musste die geflickten Leinen damit nicht testen.<\/p>\n<div class=\"separator\" style=\"clear: both; text-align: center;\">\n<a href=\"https:\/\/i0.wp.com\/3.bp.blogspot.com\/-XGG1U8LM9Gg\/VUe-ZuF0AQI\/AAAAAAAACbc\/RwDYh7EGDIw\/s1600\/GOPR0574.JPG\" imageanchor=\"1\" style=\"clear: right; float: right; margin-bottom: 1em; margin-left: 1em;\"><img decoding=\"async\" border=\"0\" src=\"https:\/\/i0.wp.com\/3.bp.blogspot.com\/-XGG1U8LM9Gg\/VUe-ZuF0AQI\/AAAAAAAACbc\/RwDYh7EGDIw\/s320\/GOPR0574.JPG?w=840\" data-recalc-dims=\"1\" \/><\/a><\/div>\n<p>Gegen 16:30 Uhr haben wir uns dann &#8211; mit Vorsicht &#8211; rausgehauen.<br \/>\n<\/p>\n<div class=\"separator\" style=\"clear: both; text-align: center;\">\n<a href=\"https:\/\/i0.wp.com\/4.bp.blogspot.com\/--U96Ewparas\/VUe-bnQu1mI\/AAAAAAAACbo\/O3lZ9HqTOs4\/s1600\/GOPR0591.JPG\" imageanchor=\"1\" style=\"clear: right; float: right; margin-bottom: 1em; margin-left: 1em;\"><img decoding=\"async\" border=\"0\" src=\"https:\/\/i0.wp.com\/4.bp.blogspot.com\/--U96Ewparas\/VUe-bnQu1mI\/AAAAAAAACbo\/O3lZ9HqTOs4\/s320\/GOPR0591.JPG?w=840\" data-recalc-dims=\"1\" \/><\/a><\/div>\n<p>Es hat auch richtig gut getragen, wobei es am Anfang immer noch unangenehm bockig war. Aus dem Stand oder mit einem Schritt ging es teils im Aufzug hoch. Nicht richtig hoch, aber doch einige Meter.<\/p>\n<div class=\"separator\" style=\"clear: both; text-align: center;\">\n<a href=\"https:\/\/i0.wp.com\/3.bp.blogspot.com\/-UioGxcH1lgk\/VUe-jR-ZPHI\/AAAAAAAACb0\/q80lTe3V0tI\/s1600\/GOPR0680.JPG\" imageanchor=\"1\" style=\"clear: right; float: right; margin-bottom: 1em; margin-left: 1em;\"><img decoding=\"async\" border=\"0\" src=\"https:\/\/i0.wp.com\/3.bp.blogspot.com\/-UioGxcH1lgk\/VUe-jR-ZPHI\/AAAAAAAACb0\/q80lTe3V0tI\/s320\/GOPR0680.JPG?w=840\" data-recalc-dims=\"1\" \/><\/a><\/div>\n<p>Der Hang in Reichenbach hat ja bei viele &#8222;Profis&#8220; den Ruf, dass man da gar nicht fliegen, sondern nur handlen und h\u00fcpfen kann.<\/p>\n<p>Ich bin eigentlich ob diese Irrglaubens gar nicht so ungl\u00fccklich, weil es dann da nicht so voll wird. Aber ich fasse es dennoch nicht, wie oft man in diesem Jahr an dem Hang schon richtig fliegen konnte (zumindest in dem Sinn, wie ich das verstehe).<br \/>\n<\/p>\n<div class=\"separator\" style=\"clear: both; text-align: center;\">\n<a href=\"https:\/\/i0.wp.com\/2.bp.blogspot.com\/-jo610k4DJ5k\/VUe-na5IgQI\/AAAAAAAACcE\/p8kxRKkVcP0\/s1600\/GOPR0684.JPG\" imageanchor=\"1\" style=\"clear: right; float: right; margin-bottom: 1em; margin-left: 1em;\"><img decoding=\"async\" border=\"0\" src=\"https:\/\/i0.wp.com\/2.bp.blogspot.com\/-jo610k4DJ5k\/VUe-na5IgQI\/AAAAAAAACcE\/p8kxRKkVcP0\/s320\/GOPR0684.JPG?w=840\" data-recalc-dims=\"1\" \/><\/a><\/div>\n<p>Ich kann mich t\u00e4uschen, aber aus irgendeinem Grund wird der Hang mehr und mehr zu einem richtigen Soaringhang. Ich kann mich nicht erinnern, dass das in fr\u00fcheren Jahren da auch der Fall war. Und ich gehe mittlerweile seit fast 10 Jahren ziemlich oft dahin.<br \/>\n<\/p>\n<div class=\"separator\" style=\"clear: both; text-align: center;\">\n<a href=\"https:\/\/i0.wp.com\/2.bp.blogspot.com\/-x2giSIlsy4Y\/VUe-lNbtADI\/AAAAAAAACb8\/TihiiiOVWVU\/s1600\/GOPR0685.JPG\" imageanchor=\"1\" style=\"clear: right; float: right; margin-bottom: 1em; margin-left: 1em;\"><img decoding=\"async\" border=\"0\" src=\"https:\/\/i0.wp.com\/2.bp.blogspot.com\/-x2giSIlsy4Y\/VUe-lNbtADI\/AAAAAAAACb8\/TihiiiOVWVU\/s320\/GOPR0685.JPG?w=840\" data-recalc-dims=\"1\" \/><\/a><\/div>\n<p>Heute ging es etwa bis 18:30 Uhr, aber wie erwartet hat der Wind gegen Abend nachgelassen und nat\u00fcrlich ist auch die Thermik dann verschwunden.<br \/>\n<\/p>\n<div class=\"separator\" style=\"clear: both; text-align: center;\">\n<a href=\"https:\/\/i0.wp.com\/3.bp.blogspot.com\/-ugxByl42A6A\/VUe-srvDxqI\/AAAAAAAACcM\/Yt1Fcb1GzNo\/s1600\/GOPR0686.JPG\" imageanchor=\"1\" style=\"clear: right; float: right; margin-bottom: 1em; margin-left: 1em;\"><img decoding=\"async\" border=\"0\" src=\"https:\/\/i0.wp.com\/3.bp.blogspot.com\/-ugxByl42A6A\/VUe-srvDxqI\/AAAAAAAACcM\/Yt1Fcb1GzNo\/s320\/GOPR0686.JPG?w=840\" data-recalc-dims=\"1\" \/><\/a><\/div>\n<div class=\"separator\" style=\"clear: both; text-align: center;\">\n<a href=\"https:\/\/i0.wp.com\/4.bp.blogspot.com\/-15P13cCdgsE\/VUe-tKPd9hI\/AAAAAAAACcQ\/SrQ_F6u_438\/s1600\/GOPR0698.JPG\" imageanchor=\"1\" style=\"clear: right; float: right; margin-bottom: 1em; margin-left: 1em;\"><img decoding=\"async\" border=\"0\" src=\"https:\/\/i0.wp.com\/4.bp.blogspot.com\/-15P13cCdgsE\/VUe-tKPd9hI\/AAAAAAAACcQ\/SrQ_F6u_438\/s320\/GOPR0698.JPG?w=840\" data-recalc-dims=\"1\" \/><\/a><\/div>\n<p>Es war aber trotzdem heute ein netter, kurzer Einsatz am Hang und wenn die Prognosen recht haben, wird die restliche Woche eher mau f\u00fcr&#8217;s Fliegen. So habe ich heute zumindest meine w\u00f6chentliche Mindestdosis an Airtime angeh\u00e4uft.<\/p>\n","protected":false},"excerpt":{"rendered":"<p>Heute bin ich gegen 15:45 Uhr in Reichenbach am Hang gewesen. Den ganzen Tag \u00fcber gab es schon S\u00fcdwind, aber auf unserer Messstation im Tal waren teilweise Messwerte von 25 Km\/h zu sehen. Allgemein halten wir es mit der Regel, dass Windgeschwindigkeiten im zweistelligen Bereich an der Station schon leicht zu viel am Hang sein &hellip; <a href=\"https:\/\/fliegerblog.rjs.de\/?p=927\" class=\"more-link\"><span class=\"screen-reader-text\">\u201eFeierabendfliegen bei teils recht knackigen Bedinungen\u201c<\/span> weiterlesen<\/a><\/p>\n","protected":false},"author":1,"featured_media":0,"comment_status":"open","ping_status":"open","sticky":false,"template":"","format":"standard","meta":{"jetpack_post_was_ever_published":false,"footnotes":"","jetpack_publicize_message":"","jetpack_is_tweetstorm":false,"jetpack_publicize_feature_enabled":true,"jetpack_social_options":[]},"categories":[2],"tags":[],"class_list":["post-927","post","type-post","status-publish","format-standard","hentry","category-allgemein"],"jetpack_publicize_connections":[],"jetpack_featured_media_url":"","jetpack_shortlink":"https:\/\/wp.me\/p788kK-eX","jetpack-related-posts":[{"id":1257,"url":"https:\/\/fliegerblog.rjs.de\/?p=1257","url_meta":{"origin":927,"position":0},"title":"Sportlich und kurz","date":"Mai 17, 2017","format":false,"excerpt":"Der Wind kam heute aus SO und es war angek\u00fcndigt, dass er \u00fcber den Tag zunehmen sollte. Auch waren die angek\u00fcndigten B\u00f6en nicht ohne und \u00a0die sollten im Laufe des Tages nicht nachlassen, sondern eher sogar zunehmen. Ich war deshalb schon 11:30 Uhr in Eschbach am Hang. Der Wind stand\u2026","rel":"","context":"\u00c4hnlicher Beitrag","img":{"alt_text":"","src":"https:\/\/i0.wp.com\/1.bp.blogspot.com\/-n1p3mMWmRkI\/WRxqZbqIBFI\/AAAAAAAADaQ\/iR-IlpGE9UA2cuykm7RKxTYWC8HVChJCgCLcB\/s400\/GOPR2727.JPG?resize=350%2C200&ssl=1","width":350,"height":200},"classes":[]},{"id":1731,"url":"https:\/\/fliegerblog.rjs.de\/?p=1731","url_meta":{"origin":927,"position":1},"title":"Erst f\u00fcr mich zu bockig, aber dann genial","date":"Juli 20, 2020","format":false,"excerpt":"Ich war heute lange unentschieden, ob ich an den Hang in MF gehen sollte. Die Richtung sah im Vorfeld gut aus, aber einige Prognosen haben B\u00f6en bis 40 km\/h vorhergesagt. Und nach meinen Erfahrungen der letzten Zeit wird es bei den Prognosen am Hang auch heftig. Nach l\u00e4ngerer Diskussion in\u2026","rel":"","context":"\u00c4hnlicher Beitrag","img":{"alt_text":"","src":"https:\/\/i0.wp.com\/1.bp.blogspot.com\/-q2TuBiPoZW4\/XxX8BnWHimI\/AAAAAAAAFh4\/VooJR0b7MVk8PVFr7mnAL9LmCGFzgVd0gCLcBGAsYHQ\/s320\/GOPR5416.JPG?resize=350%2C200&ssl=1","width":350,"height":200},"classes":[]},{"id":89,"url":"https:\/\/fliegerblog.rjs.de\/?p=89","url_meta":{"origin":927,"position":2},"title":"Fehlentscheidung oder nicht?","date":"August 18, 2007","format":false,"excerpt":"Irgendwie kann ich f\u00fcr den heutigen Flugtag kein befriedigendes Fazit finden. Es gibt in unserer Fliegergruppe 2 Fraktionen. Die einen fahren zu einem m\u00f6glichst guten Flugberg (auch gerne weiter) und die anderen (zu denen ich mich in der Regel z\u00e4hle) versuchen m\u00f6glichst in der N\u00e4he was zu finden, wenn es\u2026","rel":"","context":"In &quot;Allgemein&quot;","img":{"alt_text":"","src":"","width":0,"height":0},"classes":[]},{"id":87,"url":"https:\/\/fliegerblog.rjs.de\/?p=87","url_meta":{"origin":927,"position":3},"title":"Unverhoft kommt oft","date":"August 26, 2007","format":false,"excerpt":"Eigentlich wollte ich den Beitrag \"Das Wochenende der Fehlentscheidungen\" oder \"Au\u00dfer Spesen nix gewesen\" nennen. Freitag ging schon nix und als ein paar am Samstag auf die Wassserkuppe fahren wollten, habe ich das nicht mitgemacht. Wollte nicht den ganzen Tag weg und zudem war Schleppen angek\u00fcndigt. Am Samstag kam dann\u2026","rel":"","context":"In &quot;Allgemein&quot;","img":{"alt_text":"","src":"","width":0,"height":0},"classes":[]},{"id":280,"url":"https:\/\/fliegerblog.rjs.de\/?p=280","url_meta":{"origin":927,"position":4},"title":"X war&#8217;s","date":"Januar 23, 2010","format":false,"excerpt":"Ne, zurzeit ist kein Flugwetter. Immer wieder Schnee und tr\u00fcbe. Dazu kein guter Wind. Heute wollten wir es zwingen und sind gegen 13:00 Uhr trotz schlechter Prognosen an den SW-Hang in Reichenbach. Prognosen sagten zwar eher Ost voraus, aber unter \u00e4hnlichen Voraussagen ging es schon mehrfach trotzdem. Heute hat die\u2026","rel":"","context":"In &quot;Allgemein&quot;","img":{"alt_text":"","src":"","width":0,"height":0},"classes":[]},{"id":112,"url":"https:\/\/fliegerblog.rjs.de\/?p=112","url_meta":{"origin":927,"position":5},"title":"Schneisenflug im Urlaub","date":"April 6, 2007","format":false,"excerpt":"Irgendwie war wohl die ganze Woche super Flugwetter im Taunus und \u00fcber Ostern sind ein paar von uns ab in die Alpen. Und in bin in Familienurlaub im Fichtelgebirge :-(. Ist zwar auch sch\u00f6n - da will ich gar nix sagen, aber wenn alle anderen fliegen, wird man schon neidisch.\u2026","rel":"","context":"In &quot;Allgemein&quot;","img":{"alt_text":"","src":"","width":0,"height":0},"classes":[]}],"_links":{"self":[{"href":"https:\/\/fliegerblog.rjs.de\/index.php?rest_route=\/wp\/v2\/posts\/927","targetHints":{"allow":["GET"]}}],"collection":[{"href":"https:\/\/fliegerblog.rjs.de\/index.php?rest_route=\/wp\/v2\/posts"}],"about":[{"href":"https:\/\/fliegerblog.rjs.de\/index.php?rest_route=\/wp\/v2\/types\/post"}],"author":[{"embeddable":true,"href":"https:\/\/fliegerblog.rjs.de\/index.php?rest_route=\/wp\/v2\/users\/1"}],"replies":[{"embeddable":true,"href":"https:\/\/fliegerblog.rjs.de\/index.php?rest_route=%2Fwp%2Fv2%2Fcomments&post=927"}],"version-history":[{"count":0,"href":"https:\/\/fliegerblog.rjs.de\/index.php?rest_route=\/wp\/v2\/posts\/927\/revisions"}],"wp:attachment":[{"href":"https:\/\/fliegerblog.rjs.de\/index.php?rest_route=%2Fwp%2Fv2%2Fmedia&parent=927"}],"wp:term":[{"taxonomy":"category","embeddable":true,"href":"https:\/\/fliegerblog.rjs.de\/index.php?rest_route=%2Fwp%2Fv2%2Fcategories&post=927"},{"taxonomy":"post_tag","embeddable":true,"href":"https:\/\/fliegerblog.rjs.de\/index.php?rest_route=%2Fwp%2Fv2%2Ftags&post=927"}],"curies":[{"name":"wp","href":"https:\/\/api.w.org\/{rel}","templated":true}]}}