{"id":90,"date":"2007-07-11T20:36:00","date_gmt":"2007-07-11T20:36:00","guid":{"rendered":"http:\/\/www.rjs.de\/fliegerblog\/?p=90"},"modified":"2007-07-11T20:36:00","modified_gmt":"2007-07-11T20:36:00","slug":"ja-ja-jaaaa","status":"publish","type":"post","link":"https:\/\/fliegerblog.rjs.de\/?p=90","title":{"rendered":"Ja, Ja, Jaaaa"},"content":{"rendered":"<p>Deshalb bin ich hier :-). Man war das heute geil. Das hat die letzten 3 Tage entschaedigt. 10,5 Stunden am Strand und auf der Duene. Sonne, halbwegs guter Wind. Erst Groundhandlen am Strand, dann mehrfach auf die Duene hochziehen lassen und abgleiten. Dann sogar richtig gesoart. <br \/><a onblur=\"try {parent.deselectBloggerImageGracefully();} catch(e) {}\" href=\"https:\/\/i0.wp.com\/bp0.blogger.com\/_lY4VOIwoBZk\/RpiijP-qAhI\/AAAAAAAAAAU\/8d5nKWqmqj4\/s1600-h\/PICT0019.JPG\"><img decoding=\"async\" style=\"float:right; margin:0 0 10px 10px;cursor:pointer; cursor:hand;\" src=\"https:\/\/i0.wp.com\/bp0.blogger.com\/_lY4VOIwoBZk\/RpiijP-qAhI\/AAAAAAAAAAU\/8d5nKWqmqj4\/s320\/PICT0019.JPG?w=840\" border=\"0\" alt=\"\" id=\"BLOGGER_PHOTO_ID_5086994505583428114\" data-recalc-dims=\"1\" \/><\/a><\/p>\n<p>Gegen Abend dann am Leuchtturm in Lokken gestartet. <\/p>\n<p>Ueber 100 Meter hohe Sandduene und Richtung Lokken die Kueste lang geflogen (der Flieger auf dem Bild bin aber nicht ich). <\/p>\n<p><a onblur=\"try {parent.deselectBloggerImageGracefully();} catch(e) {}\" href=\"https:\/\/i0.wp.com\/bp3.blogger.com\/_lY4VOIwoBZk\/Rpiiu_-qAiI\/AAAAAAAAAAc\/KYMck4CJOVA\/s1600-h\/PICT0020.JPG\"><img decoding=\"async\" style=\"float:right; margin:0 0 10px 10px;cursor:pointer; cursor:hand;\" src=\"https:\/\/i0.wp.com\/bp3.blogger.com\/_lY4VOIwoBZk\/Rpiiu_-qAiI\/AAAAAAAAAAc\/KYMck4CJOVA\/s320\/PICT0020.JPG?w=840\" border=\"0\" alt=\"\" id=\"BLOGGER_PHOTO_ID_5086994707446891042\" data-recalc-dims=\"1\" \/><\/a>Leider auf halben Weg vom Leuchtturm zum Landeplatz auf einer sehr hohen Duene ne mehr oder weniger freiwillige Toplandung gemacht (ware nicht drueber gekommen und war zu bloed zum rumfliegen) und dann beim Startversuch den Schirm ins Gestrueb gelegt. Bis ich wieder frei war und eine bessere Startmoeglichkeit gefunden hatte, war der Wind eingeschlafen. Der Rest der Truppe hat die Gesamtstrecke ueberwiegend auch nicht geschafft, war aber am Strand gelandet und wurde mit dem Auto abgeholt. Ich musste zurueck laufen. Egal &#8211; das ist mir eine Lehre. Aber trotzdem &#8211; der Tag war geil, geil, geil. Ich hoffe auf die naechsten Tage.<\/p>\n<p><a onblur=\"try {parent.deselectBloggerImageGracefully();} catch(e) {}\" href=\"https:\/\/i0.wp.com\/bp0.blogger.com\/_lY4VOIwoBZk\/RsNKEgq51NI\/AAAAAAAAACk\/iKWe-EQ4j20\/s1600-h\/daenemark-flugwochen-2007+(13).jpg\"><img decoding=\"async\" style=\"float:right; margin:0 0 10px 10px;cursor:pointer; cursor:hand;\" src=\"https:\/\/i0.wp.com\/bp0.blogger.com\/_lY4VOIwoBZk\/RsNKEgq51NI\/AAAAAAAAACk\/iKWe-EQ4j20\/s200\/daenemark-flugwochen-2007+(13).jpg?w=840\" border=\"0\" alt=\"\" id=\"BLOGGER_PHOTO_ID_5099000644463350994\" data-recalc-dims=\"1\" \/><\/a><br \/><a onblur=\"try {parent.deselectBloggerImageGracefully();} catch(e) {}\" href=\"https:\/\/i0.wp.com\/bp0.blogger.com\/_lY4VOIwoBZk\/RsNKEgq51OI\/AAAAAAAAACs\/H4Ut2-I7cug\/s1600-h\/daenemark-flugwochen-2007+(126).jpg\"><img decoding=\"async\" style=\"float:right; margin:0 0 10px 10px;cursor:pointer; cursor:hand;\" src=\"https:\/\/i0.wp.com\/bp0.blogger.com\/_lY4VOIwoBZk\/RsNKEgq51OI\/AAAAAAAAACs\/H4Ut2-I7cug\/s200\/daenemark-flugwochen-2007+(126).jpg?w=840\" border=\"0\" alt=\"\" id=\"BLOGGER_PHOTO_ID_5099000644463351010\" data-recalc-dims=\"1\" \/><\/a><br \/><a onblur=\"try {parent.deselectBloggerImageGracefully();} catch(e) {}\" href=\"https:\/\/i0.wp.com\/bp1.blogger.com\/_lY4VOIwoBZk\/RsNKEwq51PI\/AAAAAAAAAC0\/bhoQv3KpP_Y\/s1600-h\/daenemark-flugwochen-2007+(125).jpg\"><img decoding=\"async\" style=\"float:right; margin:0 0 10px 10px;cursor:pointer; cursor:hand;\" src=\"https:\/\/i0.wp.com\/bp1.blogger.com\/_lY4VOIwoBZk\/RsNKEwq51PI\/AAAAAAAAAC0\/bhoQv3KpP_Y\/s200\/daenemark-flugwochen-2007+(125).jpg?w=840\" border=\"0\" alt=\"\" id=\"BLOGGER_PHOTO_ID_5099000648758318322\" data-recalc-dims=\"1\" \/><\/a><br \/><a onblur=\"try {parent.deselectBloggerImageGracefully();} catch(e) {}\" href=\"https:\/\/i0.wp.com\/bp1.blogger.com\/_lY4VOIwoBZk\/RsNKEwq51QI\/AAAAAAAAAC8\/Ei9lWiZDKbM\/s1600-h\/daenemark-flugwochen-2007+(153).jpg\"><img decoding=\"async\" style=\"float:right; margin:0 0 10px 10px;cursor:pointer; cursor:hand;\" src=\"https:\/\/i0.wp.com\/bp1.blogger.com\/_lY4VOIwoBZk\/RsNKEwq51QI\/AAAAAAAAAC8\/Ei9lWiZDKbM\/s200\/daenemark-flugwochen-2007+(153).jpg?w=840\" border=\"0\" alt=\"\" id=\"BLOGGER_PHOTO_ID_5099000648758318338\" data-recalc-dims=\"1\" \/><\/a><\/p>\n<div class=\"blogger-post-footer\"><script type=\"text\/javascript\"><!--\ngoogle_ad_client = \"pub-4702984279656494\";\ngoogle_ad_width = 468;\ngoogle_ad_height = 60;\ngoogle_ad_format = \"468x60_as_rimg\";\ngoogle_cpa_choice = \"CAAQlNHphwIaCFxy_-mnISvEKNDv6n4\";\ngoogle_ad_channel = \"0174140724\";\n\/\/--><\/script><br \/>\n<script type=\"text\/javascript\" src=\"http:\/\/pagead2.googlesyndication.com\/pagead\/show_ads.js\">\n<\/script><\/div>\n","protected":false},"excerpt":{"rendered":"<p>Deshalb bin ich hier :-). Man war das heute geil. Das hat die letzten 3 Tage entschaedigt. 10,5 Stunden am Strand und auf der Duene. Sonne, halbwegs guter Wind. Erst Groundhandlen am Strand, dann mehrfach auf die Duene hochziehen lassen und abgleiten. Dann sogar richtig gesoart. Gegen Abend dann am Leuchtturm in Lokken gestartet. Ueber &hellip; <a href=\"https:\/\/fliegerblog.rjs.de\/?p=90\" class=\"more-link\"><span class=\"screen-reader-text\">\u201eJa, Ja, Jaaaa\u201c<\/span> weiterlesen<\/a><\/p>\n","protected":false},"author":1,"featured_media":0,"comment_status":"open","ping_status":"open","sticky":false,"template":"","format":"standard","meta":{"jetpack_post_was_ever_published":false,"footnotes":"","jetpack_publicize_message":"","jetpack_is_tweetstorm":false,"jetpack_publicize_feature_enabled":true,"jetpack_social_options":[]},"categories":[2],"tags":[],"class_list":["post-90","post","type-post","status-publish","format-standard","hentry","category-allgemein"],"jetpack_publicize_connections":[],"jetpack_featured_media_url":"","jetpack_shortlink":"https:\/\/wp.me\/p788kK-1s","jetpack-related-posts":[{"id":2010,"url":"https:\/\/fliegerblog.rjs.de\/?p=2010","url_meta":{"origin":90,"position":0},"title":"Endlich mal wieder auf Tour &#8211; K\u00fcstenfliegen","date":"Juli 22, 2023","format":false,"excerpt":"Die letzten Monate wird es bei mir immer weniger mit Airtime :-(. Teils meine Faulheit bzw. Bequemlichkeit, teils immer weiter eingeschr\u00e4nkte Optionen, teils das Wetter. Ein Teufelskreis. Aber nachdem ich mir Jahr f\u00fcr Jahr vorgenommen hatte, endlich mal wieder einen Flugurlaub zu machen, bin ich jetzt f\u00fcr eine Woche zum\u2026","rel":"","context":"\u00c4hnlicher Beitrag","img":{"alt_text":"","src":"https:\/\/i0.wp.com\/blogger.googleusercontent.com\/img\/b\/R29vZ2xl\/AVvXsEiXD8wOHbrmxKic4iL-W0Z9gUD7cJvPsUkFnl_vEJ0g6aM4zgV-4SHtRpQAamMRcG5Ms348wOB0ilM6T29aJ1U0NWH0O9BDh6H2kA4t0yjEAXjLT_pKGXwuUA9xLNPh2kg9znBAaz4SqL07tA5URWJKEFkPqCgGl_MlY6AoCBtyw-ut_dlsjmmFvQFhn11K\/w400-h300\/20230722_175323.jpg?resize=350%2C200&ssl=1","width":350,"height":200},"classes":[]},{"id":2147,"url":"https:\/\/fliegerblog.rjs.de\/?p=2147","url_meta":{"origin":90,"position":1},"title":"Deichspringen","date":"Mai 12, 2025","format":false,"excerpt":"In der Tat sieht die Windrichtung weiter so aus als w\u00e4re es die ganze Woche nix mit der gro\u00dfen D\u00fcne in Zoutelande, an der ich letztes Jahr zwei tolle Fl\u00fcge mit etwa einer Stunde Airtime jeweils gehabt habe. Aber es gibt ein paar Alternativen und eine haben wir heute ausprobiert.\u2026","rel":"","context":"\u00c4hnlicher Beitrag","img":{"alt_text":"","src":"https:\/\/i0.wp.com\/blogger.googleusercontent.com\/img\/b\/R29vZ2xl\/AVvXsEiQeYKmblJJfPYyiDl-Fu1tVbeIcQFrmzCCHcYeoSU0Jhp63ZD9bLbgIeLo83z-EDbw4Yqx48nkqu27gODk0Tch6jciV8KScf-pfXb9qFw4is6RDboB9kqn4ir47lAsNWAaX6NneKwcKm-aUQe_eTVgfz30V6UmodOqn5L5V3qkNa19adXBBfulrAJdMS_U\/s320\/25-05-12%2011-51-48%209160.jpg?resize=350%2C200&ssl=1","width":350,"height":200},"classes":[]},{"id":42,"url":"https:\/\/fliegerblog.rjs.de\/?p=42","url_meta":{"origin":90,"position":2},"title":"Reisebericht Husby, D\u00e4nemark","date":"Juni 29, 2008","format":false,"excerpt":"Flugtagebuch K\u00fcstensoaren in Husby - D\u00e4nemark im Juni 200821. JuniIch bin wieder zum K\u00fcstenfliegen in D\u00e4nemark. In Husby, etwa 150 Kilometer s\u00fcdlich von Loekken, wo ich letztes Jahr war. Nachdem der Trip letztes Jahr eigentlich ein Reinfall war und ich in einer Woche nur einen Tag zum Fliegen kam, wollte\u2026","rel":"","context":"In &quot;Allgemein&quot;","img":{"alt_text":"","src":"https:\/\/i0.wp.com\/img.youtube.com\/vi\/1PDZNyzILZw\/0.jpg?resize=350%2C200","width":350,"height":200},"classes":[]},{"id":2089,"url":"https:\/\/fliegerblog.rjs.de\/?p=2089","url_meta":{"origin":90,"position":3},"title":"Nebenaktion","date":"Mai 15, 2024","format":false,"excerpt":"Heute vormittag war komplett Regen angesagt. Zwar so wenig, dass ich mit dem Rad 2x ins Ort bzw. an den Strand gefahren bin, aber mit Fliegen war nix. Aber ich habe mir sowieso Arbeit mitgenommen, um solche Phasen produktiv zu nutzen. Ob ich zuhause oder hier arbeite, spielt ja in\u2026","rel":"","context":"\u00c4hnlicher Beitrag","img":{"alt_text":"","src":"https:\/\/i0.wp.com\/blogger.googleusercontent.com\/img\/b\/R29vZ2xl\/AVvXsEjIxsoqWKSGNZexkvg3v3jlj4d0za9UD7qru-e2_ELdA8AAZOS5z6CDOhuP-ECew2QTOwFKTPQzXpbnc37J99G4D9GKaPWXDBIPleWRam6qtrXgmaOo9qMEm0sRNW2kTQK_dItBvwvtSD1JjOVhQvpsmmAYn1vtDfU9amTSHY-3BFD-nGDEkNI1OnTLya-c\/s320\/WhatsApp%20Image%202024-05-15%20at%2014.43.15.jpeg?resize=350%2C200&ssl=1","width":350,"height":200},"classes":[]},{"id":98,"url":"https:\/\/fliegerblog.rjs.de\/?p=98","url_meta":{"origin":90,"position":4},"title":"Lokken &#8211; eine (Flieger-)Reise wert?","date":"Juli 14, 2007","format":false,"excerpt":"Bin wieder zur\u00fcck aus D\u00e4nemark. Nach dem Mittwoch ging doch nix mehr :-(. Zwar sch\u00f6nes Wetter, aber wieder zu viel Wind. Als Fazit stellt sich mir nun wirklich die Frage, ob sich so ein Aufwand gelohnt hat? Einerseits: der Mittwoch war einfach genial :-))). Es ist schon faszinierend an der\u2026","rel":"","context":"In &quot;Allgemein&quot;","img":{"alt_text":"","src":"","width":0,"height":0},"classes":[]},{"id":2091,"url":"https:\/\/fliegerblog.rjs.de\/?p=2091","url_meta":{"origin":90,"position":5},"title":"50 Minuten","date":"Mai 16, 2024","format":false,"excerpt":"Nach dem Ausfalltag gestern, bei dem au\u00dfer dem Einstellen des Gurtzeugs nichts hinsichtlich Gleitschirm gelaufen ist, hatten alle Prognosen f\u00fcr heute ein gro\u00dfes Regengebiet angek\u00fcndigt. So unterschiedlich die verschiedenen Dienste die Windrichtung und Windst\u00e4rke derzeit vorhersagen - da waren sie sich einig und hatten leider recht. Schon im Bett habe\u2026","rel":"","context":"\u00c4hnlicher Beitrag","img":{"alt_text":"","src":"https:\/\/i0.wp.com\/blogger.googleusercontent.com\/img\/b\/R29vZ2xl\/AVvXsEjBTRZZT13Q4pYCl7hgFh72WHTtTnH6u52O2xewJZlTGpvPS8CVAd7NJS__rJul5KOh4OXHKJAULBta1wy-H-zP6qcEvjfRYcJ_N-Top1dEfv9DaLAe64WEU89dziIDfef6wny84y2tpAgyQuXqyjNET2kL5QJNazuYkRRf65knnkg1bVhNAPWpIpFuN50P\/w640-h298\/WhatsApp%20Image%202024-05-16%20at%2021.07.10.jpeg?resize=350%2C200&ssl=1","width":350,"height":200},"classes":[]}],"_links":{"self":[{"href":"https:\/\/fliegerblog.rjs.de\/index.php?rest_route=\/wp\/v2\/posts\/90","targetHints":{"allow":["GET"]}}],"collection":[{"href":"https:\/\/fliegerblog.rjs.de\/index.php?rest_route=\/wp\/v2\/posts"}],"about":[{"href":"https:\/\/fliegerblog.rjs.de\/index.php?rest_route=\/wp\/v2\/types\/post"}],"author":[{"embeddable":true,"href":"https:\/\/fliegerblog.rjs.de\/index.php?rest_route=\/wp\/v2\/users\/1"}],"replies":[{"embeddable":true,"href":"https:\/\/fliegerblog.rjs.de\/index.php?rest_route=%2Fwp%2Fv2%2Fcomments&post=90"}],"version-history":[{"count":0,"href":"https:\/\/fliegerblog.rjs.de\/index.php?rest_route=\/wp\/v2\/posts\/90\/revisions"}],"wp:attachment":[{"href":"https:\/\/fliegerblog.rjs.de\/index.php?rest_route=%2Fwp%2Fv2%2Fmedia&parent=90"}],"wp:term":[{"taxonomy":"category","embeddable":true,"href":"https:\/\/fliegerblog.rjs.de\/index.php?rest_route=%2Fwp%2Fv2%2Fcategories&post=90"},{"taxonomy":"post_tag","embeddable":true,"href":"https:\/\/fliegerblog.rjs.de\/index.php?rest_route=%2Fwp%2Fv2%2Ftags&post=90"}],"curies":[{"name":"wp","href":"https:\/\/api.w.org\/{rel}","templated":true}]}}