{"id":81,"date":"2007-09-22T22:14:00","date_gmt":"2007-09-22T22:14:00","guid":{"rendered":"http:\/\/www.rjs.de\/fliegerblog\/?p=81"},"modified":"2007-09-22T22:14:00","modified_gmt":"2007-09-22T22:14:00","slug":"endlich-mal-wieder-wasserkuppe","status":"publish","type":"post","link":"https:\/\/fliegerblog.rjs.de\/?p=81","title":{"rendered":"Endlich mal wieder Wasserkuppe"},"content":{"rendered":"<p>Ich habe zwar meine Flugausbildung auf der Wasserkuppe gemacht, war aber au\u00dferhalb von Kursen oder Vorbereitung auf die Pr\u00fcfungen noch nie als Freiflieger auf der Wasserkuppe. Da heute hier im Taunus kaum Wind angesagt war und zudem die meisten Flieger aus meiner Truppe entweder keine Zeit hatten oder in S\u00fcdtirol sind (die hatten da wohl ziemlich heftige Bedingungen die letzten Tage, was sich so in deren Block lese), habe ich mich heute mit einem Bekannten aus der Ausbildungszeit auf der Wasserkuppe getroffen.<br \/>Der Ausflug war zwei schneidig. Auf der einen Seite war der Wind leider sehr schwach und kam zudem \u00fcberwiegend aus S\u00fcd bis S\u00fcdwest. Deshalb gingen am Anfang nur kleine H\u00fcpfer am S\u00fcdwesthang der Wasserkuppe. Dazu muss man nicht so weit fahren &#8211; das k\u00f6nnen wir hier im Taunus an manchen H\u00e4ngen auch wenn nicht besser. <br \/>Aber andererseits ist die Gegend da sehr sch\u00f6n und ich wollte unbedingt wieder einmal dahin. Dazu kam strahlender Sonnenschein und super Temperaturen. Und nicht zuletzt habe ich den sp\u00e4teren Nachmittag, als der Wind aus West gedreht hatte, doch noch einen sch\u00f6nen H\u00f6henflug am Westhang hin bekommen. Und entgegen meiner Erwartung war es \u00fcberhaupt nicht sonderlich voll. So gesehen war es ein sch\u00f6ner &#8222;Flug&#8220;-Ausflug.<\/p>\n<div class=\"blogger-post-footer\"><script type=\"text\/javascript\"><!--\ngoogle_ad_client = \"pub-4702984279656494\";\ngoogle_ad_width = 468;\ngoogle_ad_height = 60;\ngoogle_ad_format = \"468x60_as_rimg\";\ngoogle_cpa_choice = \"CAAQlNHphwIaCFxy_-mnISvEKNDv6n4\";\ngoogle_ad_channel = \"0174140724\";\n\/\/--><\/script><br \/>\n<script type=\"text\/javascript\" src=\"http:\/\/pagead2.googlesyndication.com\/pagead\/show_ads.js\">\n<\/script><\/div>\n","protected":false},"excerpt":{"rendered":"<p>Ich habe zwar meine Flugausbildung auf der Wasserkuppe gemacht, war aber au\u00dferhalb von Kursen oder Vorbereitung auf die Pr\u00fcfungen noch nie als Freiflieger auf der Wasserkuppe. Da heute hier im Taunus kaum Wind angesagt war und zudem die meisten Flieger aus meiner Truppe entweder keine Zeit hatten oder in S\u00fcdtirol sind (die hatten da wohl &hellip; <a href=\"https:\/\/fliegerblog.rjs.de\/?p=81\" class=\"more-link\"><span class=\"screen-reader-text\">\u201eEndlich mal wieder Wasserkuppe\u201c<\/span> weiterlesen<\/a><\/p>\n","protected":false},"author":1,"featured_media":0,"comment_status":"open","ping_status":"open","sticky":false,"template":"","format":"standard","meta":{"jetpack_post_was_ever_published":false,"footnotes":"","jetpack_publicize_message":"","jetpack_is_tweetstorm":false,"jetpack_publicize_feature_enabled":true,"jetpack_social_options":[]},"categories":[2],"tags":[],"class_list":["post-81","post","type-post","status-publish","format-standard","hentry","category-allgemein"],"jetpack_publicize_connections":[],"jetpack_featured_media_url":"","jetpack_shortlink":"https:\/\/wp.me\/p788kK-1j","jetpack-related-posts":[{"id":128,"url":"https:\/\/fliegerblog.rjs.de\/?p=128","url_meta":{"origin":81,"position":0},"title":"Wann, wo, warum, wielange","date":"Januar 6, 2007","format":false,"excerpt":"Ich fliege jetzt wie gesagt seit etwa 1,5 Jahren. Bin also noch ein ziemlicher Neuling in der Szene, aber kr\u00e4ftig am lernen und fliegen. Als ich angefangen habe, wollte ich nach jedem Kurs aufh\u00f6ren. Hab auf der Wasserkuppe gelernt. Nach dem Grundkurs dachte ich - sch\u00f6n war es, aber einmal\u2026","rel":"","context":"In &quot;Allgemein&quot;","img":{"alt_text":"","src":"","width":0,"height":0},"classes":[]},{"id":1547,"url":"https:\/\/fliegerblog.rjs.de\/?p=1547","url_meta":{"origin":81,"position":1},"title":"S\u00fcdhang Wasserkuppe","date":"Februar 15, 2019","format":false,"excerpt":"Dass ich auf die Wasserkuppe m\u00f6chte und es dann doch nicht mache, ist fast zu einem \"Running-Gag\" in meiner Fliegerkarriere geworden. Eigentlich kommt immer was dazwischen, wenn ich so einen Plan aufsetze oder ich gehe dann doch an einen anderen Hang. Obwohl ich auf der Wasserkuppe meine Ausbildung gemacht hatte,\u2026","rel":"","context":"\u00c4hnlicher Beitrag","img":{"alt_text":"","src":"https:\/\/i0.wp.com\/4.bp.blogspot.com\/-FjXKaPyIl4Q\/XGcKMTZLVtI\/AAAAAAAAEa0\/FNdjpWfYrSosc_MJ-nFZpsKjicPGKpQSQCLcBGAs\/s320\/WhatsApp%2BImage%2B2019-02-15%2Bat%2B14.08.22.jpeg?resize=350%2C200&ssl=1","width":350,"height":200},"classes":[]},{"id":59,"url":"https:\/\/fliegerblog.rjs.de\/?p=59","url_meta":{"origin":81,"position":2},"title":"Sonne, SO-Wind und ein bisschen Schnee","date":"Februar 3, 2008","format":false,"excerpt":"Wollte heute eigentlich auf die Wasserkuppe. Der Rundbrief der WK vom Donnerstag hat beste Bedingungen versprochen. Aber in unserem Gleitschirmforum wurde das derma\u00dfen angezweifelt, dass ich heute morgen auch nicht fr\u00fch genug aus dem Bett bin. Und die L\u00e4sterer hatten sogar recht. In den H\u00f6henlagen war der Wind unfliegbar. Aber\u2026","rel":"","context":"In &quot;Allgemein&quot;","img":{"alt_text":"","src":"https:\/\/i0.wp.com\/img.youtube.com\/vi\/IW71ReDsmfE\/0.jpg?resize=350%2C200","width":350,"height":200},"classes":[]},{"id":999,"url":"https:\/\/fliegerblog.rjs.de\/?p=999","url_meta":{"origin":81,"position":3},"title":"Sch\u00f6ner Schleppnachmittag bei der Windenschleppgemeinschaft Rheinhessen","date":"Oktober 3, 2015","format":false,"excerpt":"Heute waren wirklich f\u00fcr die Sp\u00e4tsaison Traumbedingungen. An so einem Tag muss man einfach in die Luft gehen. Sehr sch\u00f6ne Sonne, angenehm warm und recht wenig Wind aus s\u00fcdlichen Richtungen. Der Wind war mir etwas schwach f\u00fcr meine \u00fcblichen Hang-Locations wie Reichenbach, aber ich wollte heute sowieso mal wieder was\u2026","rel":"","context":"In &quot;Allgemein&quot;","img":{"alt_text":"","src":"","width":0,"height":0},"classes":[]},{"id":23,"url":"https:\/\/fliegerblog.rjs.de\/?p=23","url_meta":{"origin":81,"position":4},"title":"Schleppen bei Seitenwind","date":"Oktober 19, 2008","format":false,"excerpt":"Die Prognosen sahen f\u00fcr das Wochenende recht gut bzgl. Schleppen aus. Sonne und wenig Wind. Gestern h\u00e4tte ging hier nichts und ich w\u00e4re wohl am Besten auf die Wasserkuppe gefahren. Da war wohl \u00fcber den Tag guter SW-Wind. Aber egal - stattdessen an einem Leichtathletiksportfest teilgenommen und mal wieder das\u2026","rel":"","context":"In &quot;Allgemein&quot;","img":{"alt_text":"","src":"https:\/\/i0.wp.com\/img.youtube.com\/vi\/S-1HI1iKYV4\/0.jpg?resize=350%2C200","width":350,"height":200},"classes":[]},{"id":586,"url":"https:\/\/fliegerblog.rjs.de\/?p=586","url_meta":{"origin":81,"position":5},"title":"Erst mau, aber dann sch\u00f6n","date":"September 16, 2012","format":false,"excerpt":"Sch\u00f6ne Sp\u00e4tsommersonne und S\u00fcdwind haben heute gelockt. Ich hatte mir die Kreuznacher Ecke oder die Wasserkuppe vorgenommen, aber da ich niemand gefunden habe, der da hin ist, bin ich wieder nach Reichenbach. Ein paar Leute sind an die Mosel und da wohl auch sehr gut geflogen. Aber die Mosel ist\u2026","rel":"","context":"In &quot;Allgemein&quot;","img":{"alt_text":"","src":"","width":0,"height":0},"classes":[]}],"_links":{"self":[{"href":"https:\/\/fliegerblog.rjs.de\/index.php?rest_route=\/wp\/v2\/posts\/81","targetHints":{"allow":["GET"]}}],"collection":[{"href":"https:\/\/fliegerblog.rjs.de\/index.php?rest_route=\/wp\/v2\/posts"}],"about":[{"href":"https:\/\/fliegerblog.rjs.de\/index.php?rest_route=\/wp\/v2\/types\/post"}],"author":[{"embeddable":true,"href":"https:\/\/fliegerblog.rjs.de\/index.php?rest_route=\/wp\/v2\/users\/1"}],"replies":[{"embeddable":true,"href":"https:\/\/fliegerblog.rjs.de\/index.php?rest_route=%2Fwp%2Fv2%2Fcomments&post=81"}],"version-history":[{"count":0,"href":"https:\/\/fliegerblog.rjs.de\/index.php?rest_route=\/wp\/v2\/posts\/81\/revisions"}],"wp:attachment":[{"href":"https:\/\/fliegerblog.rjs.de\/index.php?rest_route=%2Fwp%2Fv2%2Fmedia&parent=81"}],"wp:term":[{"taxonomy":"category","embeddable":true,"href":"https:\/\/fliegerblog.rjs.de\/index.php?rest_route=%2Fwp%2Fv2%2Fcategories&post=81"},{"taxonomy":"post_tag","embeddable":true,"href":"https:\/\/fliegerblog.rjs.de\/index.php?rest_route=%2Fwp%2Fv2%2Ftags&post=81"}],"curies":[{"name":"wp","href":"https:\/\/api.w.org\/{rel}","templated":true}]}}