{"id":8,"date":"2009-01-28T10:45:00","date_gmt":"2009-01-28T10:45:00","guid":{"rendered":"http:\/\/www.rjs.de\/fliegerblog\/?p=8"},"modified":"2009-01-28T10:45:00","modified_gmt":"2009-01-28T10:45:00","slug":"massenverschieben-durch-die-luft","status":"publish","type":"post","link":"https:\/\/fliegerblog.rjs.de\/?p=8","title":{"rendered":"Massenverschieben durch die Luft"},"content":{"rendered":"<p>Es ist kein Flugwetter z.Z. Da hab ich den neuen Schirm und nix geht. Daf\u00fcr war ich mal wieder mit zig Leuten gleichzeitig in einer Stahlr\u00f6hre durch die Luft geschoben worden. Hatte mal wieder einige Tage in Graz zu tun und da geht es immer mit dem Flieger hin. Der R\u00fcckflug heute morgen war unmenschlich fr\u00fch. Schon um 6:20 Uhr. Und irgendwie wollen da ganz viele Leute nach Frankfurt. War ausnahmsweise mal ein etwas gr\u00f6\u00dferer Jet und im Gegensatz zu sonst nicht von Eurowings, sondern Lufthansa selbst. <\/p>\n<p>Aber dennoch &#8211; so ein Busfahren in der Luft ist kein Ersatz f\u00fcr richtiges Fliegen mit dem Gleitschirm. Ich hoffe mal, dass bald endlich wieder was geht.<\/p>\n<div class=\"blogger-post-footer\"><script type=\"text\/javascript\"><!--\ngoogle_ad_client = \"pub-4702984279656494\";\ngoogle_ad_width = 468;\ngoogle_ad_height = 60;\ngoogle_ad_format = \"468x60_as_rimg\";\ngoogle_cpa_choice = \"CAAQlNHphwIaCFxy_-mnISvEKNDv6n4\";\ngoogle_ad_channel = \"0174140724\";\n\/\/--><\/script><br \/>\n<script type=\"text\/javascript\" src=\"http:\/\/pagead2.googlesyndication.com\/pagead\/show_ads.js\">\n<\/script><\/div>\n","protected":false},"excerpt":{"rendered":"<p>Es ist kein Flugwetter z.Z. Da hab ich den neuen Schirm und nix geht. Daf\u00fcr war ich mal wieder mit zig Leuten gleichzeitig in einer Stahlr\u00f6hre durch die Luft geschoben worden. Hatte mal wieder einige Tage in Graz zu tun und da geht es immer mit dem Flieger hin. Der R\u00fcckflug heute morgen war unmenschlich &hellip; <a href=\"https:\/\/fliegerblog.rjs.de\/?p=8\" class=\"more-link\"><span class=\"screen-reader-text\">\u201eMassenverschieben durch die Luft\u201c<\/span> weiterlesen<\/a><\/p>\n","protected":false},"author":1,"featured_media":0,"comment_status":"open","ping_status":"open","sticky":false,"template":"","format":"standard","meta":{"jetpack_post_was_ever_published":false,"footnotes":"","jetpack_publicize_message":"","jetpack_is_tweetstorm":false,"jetpack_publicize_feature_enabled":true,"jetpack_social_options":[]},"categories":[2],"tags":[],"class_list":["post-8","post","type-post","status-publish","format-standard","hentry","category-allgemein"],"jetpack_publicize_connections":[],"jetpack_featured_media_url":"","jetpack_shortlink":"https:\/\/wp.me\/p788kK-8","jetpack-related-posts":[{"id":1982,"url":"https:\/\/fliegerblog.rjs.de\/?p=1982","url_meta":{"origin":8,"position":0},"title":"In die Luft geht es im Moment nur noch im Flieger :-(","date":"Dezember 23, 2022","format":false,"excerpt":"Es ist jedes Jahr \u00e4hnlich - um die Jahreszeit geht es fast nur noch mit dem Flieger in die Luft - was in 2021 wegen Corona aber weggebrochen war. Dieser Winter ist jedoch aus anderen Gr\u00fcnden definitiv schlechter als es fr\u00fcher war, denn sonst war ich um den Jahreswechsel h\u00e4ufiger\u2026","rel":"","context":"\u00c4hnlicher Beitrag","img":{"alt_text":"","src":"https:\/\/i0.wp.com\/fliegerblog.rjs.de\/wp-content\/uploads\/2022\/12\/WhatsApp-Image-2022-12-12-at-09.41.15-300x225.webp?resize=350%2C200&ssl=1","width":350,"height":200},"classes":[]},{"id":1553,"url":"https:\/\/fliegerblog.rjs.de\/?p=1553","url_meta":{"origin":8,"position":1},"title":"Mit dem Mopped zur Gel\u00e4ndeerprobung","date":"Februar 17, 2019","format":false,"excerpt":"Nachdem ich schon die letzten zwei Tage mit dem Schirm unterwegs war, wollte ich heute eigentlich nicht zum Fliegen raus. Mir stand der Sinn mehr nach Moppedfahren. Denn einmal musste die Batterie der W800 mal wieder geladen werden - das lange Stehen im Winter zollt Tribut. Und zudem bin ich\u2026","rel":"","context":"\u00c4hnlicher Beitrag","img":{"alt_text":"","src":"https:\/\/i0.wp.com\/2.bp.blogspot.com\/-An_D1bflYTM\/XGmD9sHcoFI\/AAAAAAAAEd0\/OaMIvhHhZ1UjOrj8e2Q_rqElq3pKks3ZQCLcBGAs\/s320\/GOPR6060.JPG?resize=350%2C200&ssl=1","width":350,"height":200},"classes":[]},{"id":665,"url":"https:\/\/fliegerblog.rjs.de\/?p=665","url_meta":{"origin":8,"position":2},"title":"Mit dem Mopped zum Fliegen","date":"Juli 6, 2013","format":false,"excerpt":"Heute hatte ich wegen eines dummen Problems kein Auto zur Verf\u00fcgung, wollte aber bei dem guten Wetter (\u00fcber 25 Grad und 7 Sonnen am Himmel) auf jeden Fall mal in die Luft. Von daher blieb mir nur das Motorrad, f\u00fcr das ich gl\u00fccklicher Weise seit vorgstern Abend wieder T\u00dcV habe.\u2026","rel":"","context":"In &quot;Allgemein&quot;","img":{"alt_text":"","src":"","width":0,"height":0},"classes":[]},{"id":2010,"url":"https:\/\/fliegerblog.rjs.de\/?p=2010","url_meta":{"origin":8,"position":3},"title":"Endlich mal wieder auf Tour &#8211; K\u00fcstenfliegen","date":"Juli 22, 2023","format":false,"excerpt":"Die letzten Monate wird es bei mir immer weniger mit Airtime :-(. Teils meine Faulheit bzw. Bequemlichkeit, teils immer weiter eingeschr\u00e4nkte Optionen, teils das Wetter. Ein Teufelskreis. Aber nachdem ich mir Jahr f\u00fcr Jahr vorgenommen hatte, endlich mal wieder einen Flugurlaub zu machen, bin ich jetzt f\u00fcr eine Woche zum\u2026","rel":"","context":"\u00c4hnlicher Beitrag","img":{"alt_text":"","src":"https:\/\/i0.wp.com\/blogger.googleusercontent.com\/img\/b\/R29vZ2xl\/AVvXsEiXD8wOHbrmxKic4iL-W0Z9gUD7cJvPsUkFnl_vEJ0g6aM4zgV-4SHtRpQAamMRcG5Ms348wOB0ilM6T29aJ1U0NWH0O9BDh6H2kA4t0yjEAXjLT_pKGXwuUA9xLNPh2kg9znBAaz4SqL07tA5URWJKEFkPqCgGl_MlY6AoCBtyw-ut_dlsjmmFvQFhn11K\/w400-h300\/20230722_175323.jpg?resize=350%2C200&ssl=1","width":350,"height":200},"classes":[]},{"id":609,"url":"https:\/\/fliegerblog.rjs.de\/?p=609","url_meta":{"origin":8,"position":4},"title":"Das m\u00fcsste der Jahresabschluss gewesen sein &#8211; und der war gar nicht so schlecht","date":"Dezember 29, 2012","format":false,"excerpt":"Oh man, ich war ja ewig nicht mehr richtig mit dem Schirm in der Luft. Am 1. Dezember habe ich kurz am Hang gespielt und Mitte Oktober gab es einen mittelschwachen Flugtag in Reichenbach. Anfang Oktober war somit der letzte richtige Flugtag f\u00fcr mich gewesen. Klar - die Sp\u00e4therbst- und\u2026","rel":"","context":"In &quot;Allgemein&quot;","img":{"alt_text":"","src":"https:\/\/i0.wp.com\/3.bp.blogspot.com\/-S4EYK47t1Ak\/UN8gmXksVCI\/AAAAAAAABPY\/WTG5msR9GaY\/s320\/20121229_121349.jpg?resize=350%2C200","width":350,"height":200},"classes":[]},{"id":630,"url":"https:\/\/fliegerblog.rjs.de\/?p=630","url_meta":{"origin":8,"position":5},"title":"Flug nach Graz","date":"M\u00e4rz 17, 2013","format":false,"excerpt":"\u00a0 Tja, wenn ich in die Luft gehe, ist das in den letzten Monaten fast mehr mit dem Linienflugzeug als mit dem Gleitschirm. Heute war es mal wieder soweit, dass ich meine Regelstrecke nach Graz geflogen bin. Ich nehme bei Video2Brain wieder ein neues Training auf, wobei ich am Donnerstag\u2026","rel":"","context":"In &quot;Allgemein&quot;","img":{"alt_text":"","src":"","width":0,"height":0},"classes":[]}],"_links":{"self":[{"href":"https:\/\/fliegerblog.rjs.de\/index.php?rest_route=\/wp\/v2\/posts\/8","targetHints":{"allow":["GET"]}}],"collection":[{"href":"https:\/\/fliegerblog.rjs.de\/index.php?rest_route=\/wp\/v2\/posts"}],"about":[{"href":"https:\/\/fliegerblog.rjs.de\/index.php?rest_route=\/wp\/v2\/types\/post"}],"author":[{"embeddable":true,"href":"https:\/\/fliegerblog.rjs.de\/index.php?rest_route=\/wp\/v2\/users\/1"}],"replies":[{"embeddable":true,"href":"https:\/\/fliegerblog.rjs.de\/index.php?rest_route=%2Fwp%2Fv2%2Fcomments&post=8"}],"version-history":[{"count":0,"href":"https:\/\/fliegerblog.rjs.de\/index.php?rest_route=\/wp\/v2\/posts\/8\/revisions"}],"wp:attachment":[{"href":"https:\/\/fliegerblog.rjs.de\/index.php?rest_route=%2Fwp%2Fv2%2Fmedia&parent=8"}],"wp:term":[{"taxonomy":"category","embeddable":true,"href":"https:\/\/fliegerblog.rjs.de\/index.php?rest_route=%2Fwp%2Fv2%2Fcategories&post=8"},{"taxonomy":"post_tag","embeddable":true,"href":"https:\/\/fliegerblog.rjs.de\/index.php?rest_route=%2Fwp%2Fv2%2Ftags&post=8"}],"curies":[{"name":"wp","href":"https:\/\/api.w.org\/{rel}","templated":true}]}}