{"id":75,"date":"2007-10-07T20:28:00","date_gmt":"2007-10-07T20:28:00","guid":{"rendered":"http:\/\/www.rjs.de\/fliegerblog\/?p=75"},"modified":"2007-10-07T20:28:00","modified_gmt":"2007-10-07T20:28:00","slug":"sonne-sonntag-strinz-und-schleppen","status":"publish","type":"post","link":"https:\/\/fliegerblog.rjs.de\/?p=75","title":{"rendered":"Sonne, Sonntag, Strinz und Schleppen"},"content":{"rendered":"<p>Ganz kurzfristig (erst nach 10:00 Uhr) hat es sich heute ergeben, dass wir um 12:30 Uh  in Strinz schleppen wollten. Dementsprechend waren wenige Flieger nur da (eine gr\u00f6\u00dfere Gruppe war schon fr\u00fcher in die Gegend von Bad KH gefahren). <br \/>Aber es hat sich heute durchaus gelohnt. Sehr sch\u00f6n sonnig und warm war es. Super Tag um an (und in \ud83d\ude09 ) die frische Luft zu gehen. Und ich habe 6 Fl\u00fcge hinbekommen. Nix besonderes, aber 2x konnte ich mich mit einigen Vollkreisen halbwegs halten. Der Wind kam leider nur sehr schwach und sogar teils von hinten. Meine letzten 2 Starts musste ich sogar mit R\u00fcckwind machen. Aber wenn schon das Schleppseil daliegt und niemand anders starten will &#8230; :-). Das waren dann kurze, aber sch\u00f6ne, ruhige Fl\u00fcge mit Rentnerthermik.<br \/>Den Vogel hat aber Rudi abgeschossen. Absoluter Gel\u00e4nderekord. 1:04 Stunden und weit \u00fcber 500 H\u00f6he. Er hat die wohl einzige ideale Phase des Tages erwischt und als einziger die &#8222;Sperrschicht&#8220; zur richtigen Thermik durchbrochen. Dort oben ging es wohl perfekt. Da kam kein anderer von uns auch nur ann\u00e4hernd hin.<br \/><div class=\"jetpack-video-wrapper\"><span class=\"embed-youtube\" style=\"text-align:center; display: block;\"><iframe loading=\"lazy\" class=\"youtube-player\" width=\"840\" height=\"473\" src=\"https:\/\/www.youtube.com\/embed\/gHLg8HfipCw?version=3&#038;rel=1&#038;showsearch=0&#038;showinfo=1&#038;iv_load_policy=1&#038;fs=1&#038;hl=de-DE&#038;autohide=2&#038;wmode=transparent\" allowfullscreen=\"true\" style=\"border:0;\" sandbox=\"allow-scripts allow-same-origin allow-popups allow-presentation\"><\/iframe><\/span><\/div><\/p>\n<div class=\"blogger-post-footer\"><script type=\"text\/javascript\"><!--\ngoogle_ad_client = \"pub-4702984279656494\";\ngoogle_ad_width = 468;\ngoogle_ad_height = 60;\ngoogle_ad_format = \"468x60_as_rimg\";\ngoogle_cpa_choice = \"CAAQlNHphwIaCFxy_-mnISvEKNDv6n4\";\ngoogle_ad_channel = \"0174140724\";\n\/\/--><\/script><br \/>\n<script type=\"text\/javascript\" src=\"http:\/\/pagead2.googlesyndication.com\/pagead\/show_ads.js\">\n<\/script><\/div>\n","protected":false},"excerpt":{"rendered":"<p>Ganz kurzfristig (erst nach 10:00 Uhr) hat es sich heute ergeben, dass wir um 12:30 Uh in Strinz schleppen wollten. Dementsprechend waren wenige Flieger nur da (eine gr\u00f6\u00dfere Gruppe war schon fr\u00fcher in die Gegend von Bad KH gefahren). Aber es hat sich heute durchaus gelohnt. Sehr sch\u00f6n sonnig und warm war es. Super Tag &hellip; <a href=\"https:\/\/fliegerblog.rjs.de\/?p=75\" class=\"more-link\"><span class=\"screen-reader-text\">\u201eSonne, Sonntag, Strinz und Schleppen\u201c<\/span> weiterlesen<\/a><\/p>\n","protected":false},"author":1,"featured_media":0,"comment_status":"open","ping_status":"open","sticky":false,"template":"","format":"standard","meta":{"jetpack_post_was_ever_published":false,"footnotes":"","jetpack_publicize_message":"","jetpack_is_tweetstorm":false,"jetpack_publicize_feature_enabled":true,"jetpack_social_options":[]},"categories":[2],"tags":[],"class_list":["post-75","post","type-post","status-publish","format-standard","hentry","category-allgemein"],"jetpack_publicize_connections":[],"jetpack_featured_media_url":"","jetpack_shortlink":"https:\/\/wp.me\/p788kK-1d","jetpack-related-posts":[{"id":78,"url":"https:\/\/fliegerblog.rjs.de\/?p=78","url_meta":{"origin":75,"position":0},"title":"Kleine Erfolgserlebnisse","date":"Juli 21, 2007","format":false,"excerpt":"Wieder einmal hat ein Tag sehr viel versprochen, aber nicht alles gehalten. F\u00fcr heute war so gut wie kein Wind angek\u00fcndigt, daf\u00fcr aber recht gute Thermik. Im Grunde ideale Bedingungen f\u00fcrs Schleppen. Die Kollegen von den RML haben im Vorfeld bereits f\u00fcr heute Ihre Pl\u00e4ne f\u00fcr Streckenfliegen angek\u00fcndigt, dann aber\u2026","rel":"","context":"In &quot;Allgemein&quot;","img":{"alt_text":"","src":"https:\/\/i0.wp.com\/img.youtube.com\/vi\/tFobyr9bUL8\/0.jpg?resize=350%2C200","width":350,"height":200},"classes":[]},{"id":35,"url":"https:\/\/fliegerblog.rjs.de\/?p=35","url_meta":{"origin":75,"position":1},"title":"Schlepp in Strinz","date":"August 30, 2008","format":false,"excerpt":"Endlich. Wir haben am 30. August die Schleppsaison im Verein er\u00f6ffnet. Und das am einzigen Tag rund um das Wochenende, wo ich kaum Zeit hatte. Waren heute Hessische Meisterschaften im Rasenkraftsport angesetzt und da musste ich in F\u00fcrth im Odenwald meine Titel verteidigen. Dementsprechend war ich erst um 15:30 Uhr\u2026","rel":"","context":"In &quot;Allgemein&quot;","img":{"alt_text":"","src":"","width":0,"height":0},"classes":[]},{"id":1750,"url":"https:\/\/fliegerblog.rjs.de\/?p=1750","url_meta":{"origin":75,"position":2},"title":"Vier gewinnt","date":"Oktober 17, 2020","format":false,"excerpt":"Wegen famili\u00e4rer Verpflichtungen war das Wochenende etwas unklar hinsichtlich Fliegen. Ich bin davon ausgegangen, dass ich heute nicht Fliegen gehen konnte und habe mich deshalb in Singhofen ab- und bei der Windenschleppgemeinschaft Rheinhessen in Wallertheim f\u00fcr Sonntag angemeldet. Aber wie es so ist - es kommt immer anders. Am Sonntag\u2026","rel":"","context":"\u00c4hnlicher Beitrag","img":{"alt_text":"","src":"","width":0,"height":0},"classes":[]},{"id":23,"url":"https:\/\/fliegerblog.rjs.de\/?p=23","url_meta":{"origin":75,"position":3},"title":"Schleppen bei Seitenwind","date":"Oktober 19, 2008","format":false,"excerpt":"Die Prognosen sahen f\u00fcr das Wochenende recht gut bzgl. Schleppen aus. Sonne und wenig Wind. Gestern h\u00e4tte ging hier nichts und ich w\u00e4re wohl am Besten auf die Wasserkuppe gefahren. Da war wohl \u00fcber den Tag guter SW-Wind. Aber egal - stattdessen an einem Leichtathletiksportfest teilgenommen und mal wieder das\u2026","rel":"","context":"In &quot;Allgemein&quot;","img":{"alt_text":"","src":"https:\/\/i0.wp.com\/img.youtube.com\/vi\/S-1HI1iKYV4\/0.jpg?resize=350%2C200","width":350,"height":200},"classes":[]},{"id":1589,"url":"https:\/\/fliegerblog.rjs.de\/?p=1589","url_meta":{"origin":75,"position":4},"title":"1. Mai und 1. Schleppen in Singhofen","date":"Mai 1, 2019","format":false,"excerpt":"Das war eine nette Er\u00f6ffnung der Schleppsaison heute in Singhofen. Zwar waren wir dieses Jahr schon mal am Platz, aber da war der Wind so quer gekommen, dass wir da nicht geschleppt hatten. Deshalb war es heute eben die Er\u00f6ffnung 2019 und f\u00fcr mich mein zweiter Schlepptag 2019. Dabei war\u2026","rel":"","context":"\u00c4hnlicher Beitrag","img":{"alt_text":"","src":"https:\/\/i0.wp.com\/2.bp.blogspot.com\/-Yc6tj0LvtbQ\/XMnBCNFRQoI\/AAAAAAAAEtY\/iahD0u-aIyUSvnib4ByGjWZiX_tKmL6IACEwYBhgL\/s320\/GOPR7778.JPG?resize=350%2C200&ssl=1","width":350,"height":200},"classes":[]},{"id":1609,"url":"https:\/\/fliegerblog.rjs.de\/?p=1609","url_meta":{"origin":75,"position":5},"title":"Und wieder Singhofen","date":"Juni 9, 2019","format":false,"excerpt":"Im Moment pendeln meine Flugtage zwischen Schleppen in Flonheim\/Wallertheim und Schleppen Singhofen. Mir fehlt echt das Fliegen am Hang, aber das Fliegen an der Winde hat nat\u00fcrlich auch einige Vorteile. Insbesondere geht es h\u00f6her hinaus als bei mir \u00fcblicherweise am Hang. Und man spart die Kraxelei den Hang hoch. Ich\u2026","rel":"","context":"\u00c4hnlicher Beitrag","img":{"alt_text":"","src":"https:\/\/i0.wp.com\/1.bp.blogspot.com\/-3oYlJC-QEDI\/XP37XKjGJ2I\/AAAAAAAAE0g\/vBSqo8V9ByQDqi7c7tST9JbQ7d_U1IfvwCLcBGAs\/s320\/GOPR8977.JPG?resize=350%2C200&ssl=1","width":350,"height":200},"classes":[]}],"_links":{"self":[{"href":"https:\/\/fliegerblog.rjs.de\/index.php?rest_route=\/wp\/v2\/posts\/75","targetHints":{"allow":["GET"]}}],"collection":[{"href":"https:\/\/fliegerblog.rjs.de\/index.php?rest_route=\/wp\/v2\/posts"}],"about":[{"href":"https:\/\/fliegerblog.rjs.de\/index.php?rest_route=\/wp\/v2\/types\/post"}],"author":[{"embeddable":true,"href":"https:\/\/fliegerblog.rjs.de\/index.php?rest_route=\/wp\/v2\/users\/1"}],"replies":[{"embeddable":true,"href":"https:\/\/fliegerblog.rjs.de\/index.php?rest_route=%2Fwp%2Fv2%2Fcomments&post=75"}],"version-history":[{"count":0,"href":"https:\/\/fliegerblog.rjs.de\/index.php?rest_route=\/wp\/v2\/posts\/75\/revisions"}],"wp:attachment":[{"href":"https:\/\/fliegerblog.rjs.de\/index.php?rest_route=%2Fwp%2Fv2%2Fmedia&parent=75"}],"wp:term":[{"taxonomy":"category","embeddable":true,"href":"https:\/\/fliegerblog.rjs.de\/index.php?rest_route=%2Fwp%2Fv2%2Fcategories&post=75"},{"taxonomy":"post_tag","embeddable":true,"href":"https:\/\/fliegerblog.rjs.de\/index.php?rest_route=%2Fwp%2Fv2%2Ftags&post=75"}],"curies":[{"name":"wp","href":"https:\/\/api.w.org\/{rel}","templated":true}]}}