{"id":73,"date":"2007-10-16T17:56:00","date_gmt":"2007-10-16T17:56:00","guid":{"rendered":"http:\/\/www.rjs.de\/fliegerblog\/?p=73"},"modified":"2007-10-16T17:56:00","modified_gmt":"2007-10-16T17:56:00","slug":"goldener-oktober-mit-unerwarteten-hohen","status":"publish","type":"post","link":"https:\/\/fliegerblog.rjs.de\/?p=73","title":{"rendered":"Goldener Oktober mit unerwarteten H\u00f6hen"},"content":{"rendered":"<p>Ab morgen soll das Wetter kippen, aber heute war noch mal so ein richtig goldener Oktober-Tag mit Sonne satt. Da ich die Woche wieder etwas mehr Zeit habe, bin ich mit Rudi gegen 11:00 Uhr f\u00fcr 2 Stunden an den Hang in Reichenbach (l\u00e4nger ging nicht wegen Kino &#8211; &#8222;gekochte Ratte&#8220; stand an). Hab eigentlich nix erwartet, da der Wind sehr schwach war. Und bin wieder einmal eines Besseren belehrt worden. Leichte Thermik und sanfter Wind genau auf dem Hang haben mir ungeahnte H\u00f6hen f\u00fcr den Minihang beschert. Waren richtig gute Fl\u00fcge dabei. Und ne Punktlandung auf einem Weg von 2 Meter Breite (bin richtig stolz drauf). M\u00fcssen ja leider auf unsere Landewiese verzichten, da zum Acker umfunktioniert, und aufpassen, wo wir runter kommen  (heute ging es aber im Grunde nochmal mit landen da, da noch nix am wachsen ist).<br \/>Meine M\u00e4use haben momentan Schulferien und sich als Kamerakidds bet\u00e4tigt. Mit mehr oder weniger Erfolg &#8211; viel den Boden gefilmt und den blauen Himmel &#8211; aber viel Spass an der Sache. Aber man kann die Fragmente ja schneiden \ud83d\ude09<\/p>\n<div class=\"jetpack-video-wrapper\"><span class=\"embed-youtube\" style=\"text-align:center; display: block;\"><iframe loading=\"lazy\" class=\"youtube-player\" width=\"840\" height=\"473\" src=\"https:\/\/www.youtube.com\/embed\/DuF5ixL77l8?version=3&#038;rel=1&#038;showsearch=0&#038;showinfo=1&#038;iv_load_policy=1&#038;fs=1&#038;hl=de-DE&#038;autohide=2&#038;wmode=transparent\" allowfullscreen=\"true\" style=\"border:0;\" sandbox=\"allow-scripts allow-same-origin allow-popups allow-presentation\"><\/iframe><\/span><\/div>\n<div class=\"blogger-post-footer\"><script type=\"text\/javascript\"><!--\ngoogle_ad_client = \"pub-4702984279656494\";\ngoogle_ad_width = 468;\ngoogle_ad_height = 60;\ngoogle_ad_format = \"468x60_as_rimg\";\ngoogle_cpa_choice = \"CAAQlNHphwIaCFxy_-mnISvEKNDv6n4\";\ngoogle_ad_channel = \"0174140724\";\n\/\/--><\/script><br \/>\n<script type=\"text\/javascript\" src=\"http:\/\/pagead2.googlesyndication.com\/pagead\/show_ads.js\">\n<\/script><\/div>\n","protected":false},"excerpt":{"rendered":"<p>Ab morgen soll das Wetter kippen, aber heute war noch mal so ein richtig goldener Oktober-Tag mit Sonne satt. Da ich die Woche wieder etwas mehr Zeit habe, bin ich mit Rudi gegen 11:00 Uhr f\u00fcr 2 Stunden an den Hang in Reichenbach (l\u00e4nger ging nicht wegen Kino &#8211; &#8222;gekochte Ratte&#8220; stand an). Hab eigentlich &hellip; <a href=\"https:\/\/fliegerblog.rjs.de\/?p=73\" class=\"more-link\"><span class=\"screen-reader-text\">\u201eGoldener Oktober mit unerwarteten H\u00f6hen\u201c<\/span> weiterlesen<\/a><\/p>\n","protected":false},"author":1,"featured_media":0,"comment_status":"open","ping_status":"open","sticky":false,"template":"","format":"standard","meta":{"jetpack_post_was_ever_published":false,"footnotes":"","jetpack_publicize_message":"","jetpack_is_tweetstorm":false,"jetpack_publicize_feature_enabled":true,"jetpack_social_options":[]},"categories":[2],"tags":[],"class_list":["post-73","post","type-post","status-publish","format-standard","hentry","category-allgemein"],"jetpack_publicize_connections":[],"jetpack_featured_media_url":"","jetpack_shortlink":"https:\/\/wp.me\/p788kK-1b","jetpack-related-posts":[{"id":1003,"url":"https:\/\/fliegerblog.rjs.de\/?p=1003","url_meta":{"origin":73,"position":0},"title":"Von wegen goldener Oktober :-(","date":"Oktober 24, 2015","format":false,"excerpt":"Dieses Jahr meint es nicht gut mit dem sogenannten Altweibersommer bzw. goldenen Oktober. Viel Nebel, wenig Wind, bereits erste Schneef\u00e4lle bis in die Niederungen. Mehr November als Oktober. Dementsprechend ging in dem Monat auch nur wenig mit dem Gleitschirm. Aber heute gab es mal wieder eine kleine Chance. Es war\u2026","rel":"","context":"In &quot;Allgemein&quot;","img":{"alt_text":"","src":"","width":0,"height":0},"classes":[]},{"id":609,"url":"https:\/\/fliegerblog.rjs.de\/?p=609","url_meta":{"origin":73,"position":1},"title":"Das m\u00fcsste der Jahresabschluss gewesen sein &#8211; und der war gar nicht so schlecht","date":"Dezember 29, 2012","format":false,"excerpt":"Oh man, ich war ja ewig nicht mehr richtig mit dem Schirm in der Luft. Am 1. Dezember habe ich kurz am Hang gespielt und Mitte Oktober gab es einen mittelschwachen Flugtag in Reichenbach. Anfang Oktober war somit der letzte richtige Flugtag f\u00fcr mich gewesen. Klar - die Sp\u00e4therbst- und\u2026","rel":"","context":"In &quot;Allgemein&quot;","img":{"alt_text":"","src":"https:\/\/i0.wp.com\/3.bp.blogspot.com\/-S4EYK47t1Ak\/UN8gmXksVCI\/AAAAAAAABPY\/WTG5msR9GaY\/s320\/20121229_121349.jpg?resize=350%2C200","width":350,"height":200},"classes":[]},{"id":301,"url":"https:\/\/fliegerblog.rjs.de\/?p=301","url_meta":{"origin":73,"position":2},"title":"Seit langer Zeit mal wieder Nordwind","date":"M\u00e4rz 5, 2010","format":false,"excerpt":"Fast w\u00e4re ich gestern schon am Hang gewesen, da 7 Sonnen am Himmel standen und Nordwind anstand. Nur bin ich am Tag zuvor auf der Cebit und damit 22 Stunden am St\u00fcck auf den Beinen gewesen. Von daher habe ich es gestern wegen akuter M\u00fcdigkeit gelassen (und zudem war der\u2026","rel":"","context":"In &quot;Allgemein&quot;","img":{"alt_text":"","src":"","width":0,"height":0},"classes":[]},{"id":736,"url":"https:\/\/fliegerblog.rjs.de\/?p=736","url_meta":{"origin":73,"position":3},"title":"Was ein geiler Flugtag &#8230;","date":"Februar 24, 2014","format":false,"excerpt":"war das heute :-). Finde ich zumindest. Nachdem ich auch gestern (Sonntag) wieder arbeiten musste (schon der 2. Sonntag hineinander, nur dieses Mal eine Schulung bei der VHS) und bei den Flugaktionen dementsprechend nicht dabei war, habe ich mir den heutigen Montagnachmittag frei genommen. Es sah nach strahlendem Sonnenschein und\u2026","rel":"","context":"In &quot;Allgemein&quot;","img":{"alt_text":"","src":"https:\/\/i0.wp.com\/1.bp.blogspot.com\/-SM1E4vx3HdY\/UwuftVJTWHI\/AAAAAAAABro\/haXeBK8oGc4\/s1600\/GOPR3006.JPG?resize=350%2C200","width":350,"height":200},"classes":[]},{"id":477,"url":"https:\/\/fliegerblog.rjs.de\/?p=477","url_meta":{"origin":73,"position":4},"title":"Superbedingugen und Rekordfl\u00fcge ;-)","date":"September 21, 2011","format":false,"excerpt":"Heute bin ich um 14:00 Uhr am Hang in Reichenbach aufgelaufen. Wind war zwar schwach vorhergesagt (5 - 7 Knoten), aber aus der richtigen Richtung. Und da es sonnig war, konnte man Thermik erwarten. Und in der Tat stand der Wind perfekt als ich kam. Ich war die ersten 20\u2026","rel":"","context":"In &quot;Allgemein&quot;","img":{"alt_text":"","src":"","width":0,"height":0},"classes":[]},{"id":42,"url":"https:\/\/fliegerblog.rjs.de\/?p=42","url_meta":{"origin":73,"position":5},"title":"Reisebericht Husby, D\u00e4nemark","date":"Juni 29, 2008","format":false,"excerpt":"Flugtagebuch K\u00fcstensoaren in Husby - D\u00e4nemark im Juni 200821. JuniIch bin wieder zum K\u00fcstenfliegen in D\u00e4nemark. In Husby, etwa 150 Kilometer s\u00fcdlich von Loekken, wo ich letztes Jahr war. Nachdem der Trip letztes Jahr eigentlich ein Reinfall war und ich in einer Woche nur einen Tag zum Fliegen kam, wollte\u2026","rel":"","context":"In &quot;Allgemein&quot;","img":{"alt_text":"","src":"https:\/\/i0.wp.com\/img.youtube.com\/vi\/1PDZNyzILZw\/0.jpg?resize=350%2C200","width":350,"height":200},"classes":[]}],"_links":{"self":[{"href":"https:\/\/fliegerblog.rjs.de\/index.php?rest_route=\/wp\/v2\/posts\/73","targetHints":{"allow":["GET"]}}],"collection":[{"href":"https:\/\/fliegerblog.rjs.de\/index.php?rest_route=\/wp\/v2\/posts"}],"about":[{"href":"https:\/\/fliegerblog.rjs.de\/index.php?rest_route=\/wp\/v2\/types\/post"}],"author":[{"embeddable":true,"href":"https:\/\/fliegerblog.rjs.de\/index.php?rest_route=\/wp\/v2\/users\/1"}],"replies":[{"embeddable":true,"href":"https:\/\/fliegerblog.rjs.de\/index.php?rest_route=%2Fwp%2Fv2%2Fcomments&post=73"}],"version-history":[{"count":0,"href":"https:\/\/fliegerblog.rjs.de\/index.php?rest_route=\/wp\/v2\/posts\/73\/revisions"}],"wp:attachment":[{"href":"https:\/\/fliegerblog.rjs.de\/index.php?rest_route=%2Fwp%2Fv2%2Fmedia&parent=73"}],"wp:term":[{"taxonomy":"category","embeddable":true,"href":"https:\/\/fliegerblog.rjs.de\/index.php?rest_route=%2Fwp%2Fv2%2Fcategories&post=73"},{"taxonomy":"post_tag","embeddable":true,"href":"https:\/\/fliegerblog.rjs.de\/index.php?rest_route=%2Fwp%2Fv2%2Ftags&post=73"}],"curies":[{"name":"wp","href":"https:\/\/api.w.org\/{rel}","templated":true}]}}