{"id":704,"date":"2013-09-28T18:22:54","date_gmt":"2013-09-28T17:22:54","guid":{"rendered":"http:\/\/www.rjs.de\/fliegerblog\/?p=704"},"modified":"2013-09-28T18:22:54","modified_gmt":"2013-09-28T17:22:54","slug":"weinbergfliegen-in-duchroth","status":"publish","type":"post","link":"https:\/\/fliegerblog.rjs.de\/?p=704","title":{"rendered":"Weinbergfliegen in Duchroth"},"content":{"rendered":"<p><iframe loading=\"lazy\" allowfullscreen=\"\" frameborder=\"0\" height=\"315\" src=\"\/\/www.youtube.com\/embed\/vCBodlUUqGQ\" width=\"420\"><\/iframe><\/p>\n<p>Heute hab ich es seit Ewigkeiten mal wieder in die Ecke von Bad Kreuznach geschafft. Obwohl das von mir aus gar nicht weit ist, komme ich irgendwie kaum dahin (zumindest nicht zum Fliegen). Aber heute sind wir un 12:00 Uhr gleich 7-Mann-hoch in Duchroth eingefallen.<\/p>\n<div class=\"separator\" style=\"clear: both; text-align: center;\">\n<a href=\"https:\/\/i0.wp.com\/3.bp.blogspot.com\/-Gtr6NFSiXMU\/UkcLV-DpcgI\/AAAAAAAABdE\/17nB0acIYcU\/s1600\/GOPR2693.JPG\" imageanchor=\"1\" style=\"clear: right; float: right; margin-bottom: 1em; margin-left: 1em;\"><img decoding=\"async\" border=\"0\" src=\"https:\/\/i0.wp.com\/3.bp.blogspot.com\/-Gtr6NFSiXMU\/UkcLV-DpcgI\/AAAAAAAABdE\/17nB0acIYcU\/s320\/GOPR2693.JPG?w=840\" data-recalc-dims=\"1\" \/><\/a><\/div>\n<div class=\"separator\" style=\"clear: both; text-align: center;\">\n<a href=\"https:\/\/i0.wp.com\/2.bp.blogspot.com\/-tyIbYarO6G4\/UkcLW_ejGhI\/AAAAAAAABdI\/NSHNwl35J9o\/s1600\/GOPR2694.JPG\" imageanchor=\"1\" style=\"clear: right; float: right; margin-bottom: 1em; margin-left: 1em;\"><img decoding=\"async\" border=\"0\" src=\"https:\/\/i0.wp.com\/2.bp.blogspot.com\/-tyIbYarO6G4\/UkcLW_ejGhI\/AAAAAAAABdI\/NSHNwl35J9o\/s320\/GOPR2694.JPG?w=840\" data-recalc-dims=\"1\" \/><\/a><\/div>\n<p>Den Hang habe ich bisher auch nicht gekannt, obwohl ich schon an mehreren H\u00e4ngen in der Ecke war. Und bei Ostwind gibt es da in der Gegend eine Menge Auswahl. Was heute wohl auch dazu gef\u00fchrt hat, dass sich die Flieger gut verteilt haben und wir mit unserer Truppe fast alleine am Hang waren. Insgesamt bin ich 4x gestartet und zwei Fl\u00fcge waren auch recht gut gewesen. Allerdings taste ich mich an neue H\u00e4nge immer erst vorsichtig heran.<br \/>\n<\/p>\n<div class=\"separator\" style=\"clear: both; text-align: center;\">\n<a href=\"https:\/\/i0.wp.com\/2.bp.blogspot.com\/-nYTLh2VavoA\/UkcLZasvKSI\/AAAAAAAABdU\/h6UCf_xf5lw\/s1600\/GOPR2699.JPG\" imageanchor=\"1\" style=\"clear: right; float: right; margin-bottom: 1em; margin-left: 1em;\"><img decoding=\"async\" border=\"0\" src=\"https:\/\/i0.wp.com\/2.bp.blogspot.com\/-nYTLh2VavoA\/UkcLZasvKSI\/AAAAAAAABdU\/h6UCf_xf5lw\/s320\/GOPR2699.JPG?w=840\" data-recalc-dims=\"1\" \/><\/a><\/div>\n<div class=\"separator\" style=\"clear: both; text-align: center;\">\n<a href=\"https:\/\/i0.wp.com\/3.bp.blogspot.com\/-pHvIQ6lkriw\/UkcLfvgKS8I\/AAAAAAAABdc\/MlS9uplpuuM\/s1600\/GOPR2700.JPG\" imageanchor=\"1\" style=\"clear: right; float: right; margin-bottom: 1em; margin-left: 1em;\"><img decoding=\"async\" border=\"0\" src=\"https:\/\/i0.wp.com\/3.bp.blogspot.com\/-pHvIQ6lkriw\/UkcLfvgKS8I\/AAAAAAAABdc\/MlS9uplpuuM\/s320\/GOPR2700.JPG?w=840\" data-recalc-dims=\"1\" \/><\/a><\/div>\n<div class=\"separator\" style=\"clear: both; text-align: center;\">\n<a href=\"https:\/\/i0.wp.com\/1.bp.blogspot.com\/-Kjj4g-cUFDI\/UkcLnh8IODI\/AAAAAAAABdk\/TblZaYb9tQ4\/s1600\/GOPR2701.JPG\" imageanchor=\"1\" style=\"clear: right; float: right; margin-bottom: 1em; margin-left: 1em;\"><img decoding=\"async\" border=\"0\" src=\"https:\/\/i0.wp.com\/1.bp.blogspot.com\/-Kjj4g-cUFDI\/UkcLnh8IODI\/AAAAAAAABdk\/TblZaYb9tQ4\/s320\/GOPR2701.JPG?w=840\" data-recalc-dims=\"1\" \/><\/a><\/div>\n<div class=\"separator\" style=\"clear: both; text-align: center;\">\nUnd gegen 15:30 Uhr bin ich nach dem 4. Flug auch heim, denn ich wollte meinen Kidds bei Ihrem Handballspiel zusehen. Musste schon sein, zumal ich die ganze Woche beruflich weg war und morgen auch schon wieder zu Videoaufnahmen nach Graz fliege. Der Rest der Mannschaft sollte aber noch eine Weile gute Bedingungen gehabt haben.<br \/>\n<a href=\"https:\/\/i0.wp.com\/2.bp.blogspot.com\/-DWGlJlC_nhU\/UkcLqm98XwI\/AAAAAAAABds\/2lgA6UNlKjo\/s1600\/GOPR2702.JPG\" imageanchor=\"1\" style=\"clear: right; float: right; margin-bottom: 1em; margin-left: 1em;\"><img decoding=\"async\" border=\"0\" src=\"https:\/\/i0.wp.com\/2.bp.blogspot.com\/-DWGlJlC_nhU\/UkcLqm98XwI\/AAAAAAAABds\/2lgA6UNlKjo\/s320\/GOPR2702.JPG?w=840\" data-recalc-dims=\"1\" \/><\/a><\/div>\n<div class=\"separator\" style=\"clear: both; text-align: center;\">\n<a href=\"https:\/\/i0.wp.com\/4.bp.blogspot.com\/-Cyw-P9ZEafw\/UkcLsfhiP8I\/AAAAAAAABd0\/XBcN8n8A0RI\/s1600\/GOPR2703.JPG\" imageanchor=\"1\" style=\"clear: right; float: right; margin-bottom: 1em; margin-left: 1em;\"><img decoding=\"async\" border=\"0\" src=\"https:\/\/i0.wp.com\/4.bp.blogspot.com\/-Cyw-P9ZEafw\/UkcLsfhiP8I\/AAAAAAAABd0\/XBcN8n8A0RI\/s320\/GOPR2703.JPG?w=840\" data-recalc-dims=\"1\" \/><\/a><\/div>\n<div class=\"separator\" style=\"clear: both; text-align: center;\">\n<a href=\"https:\/\/i0.wp.com\/1.bp.blogspot.com\/-Y9YFtqSAf4w\/UkcL2b3WSoI\/AAAAAAAABeE\/5nOh1bM5bTU\/s1600\/GOPR2704.JPG\" imageanchor=\"1\" style=\"clear: right; float: right; margin-bottom: 1em; margin-left: 1em;\"><img decoding=\"async\" border=\"0\" src=\"https:\/\/i0.wp.com\/1.bp.blogspot.com\/-Y9YFtqSAf4w\/UkcL2b3WSoI\/AAAAAAAABeE\/5nOh1bM5bTU\/s320\/GOPR2704.JPG?w=840\" data-recalc-dims=\"1\" \/><\/a><\/div>\n<div class=\"separator\" style=\"clear: both; text-align: center;\">\n<a href=\"https:\/\/i0.wp.com\/3.bp.blogspot.com\/-6vy561fsWRk\/UkcL16gQgRI\/AAAAAAAABd8\/fd6fLsDrV4E\/s1600\/GOPR2714.JPG\" imageanchor=\"1\" style=\"clear: right; float: right; margin-bottom: 1em; margin-left: 1em;\"><img decoding=\"async\" border=\"0\" src=\"https:\/\/i0.wp.com\/3.bp.blogspot.com\/-6vy561fsWRk\/UkcL16gQgRI\/AAAAAAAABd8\/fd6fLsDrV4E\/s320\/GOPR2714.JPG?w=840\" data-recalc-dims=\"1\" \/><\/a><\/div>\n<div class=\"separator\" style=\"clear: both; text-align: center;\">\n<a href=\"https:\/\/i0.wp.com\/2.bp.blogspot.com\/-CJz-WEl2GJw\/UkcL2SvUxzI\/AAAAAAAABeA\/lDBXX-Im7Uk\/s1600\/GOPR2715.JPG\" imageanchor=\"1\" style=\"clear: right; float: right; margin-bottom: 1em; margin-left: 1em;\"><img decoding=\"async\" border=\"0\" src=\"https:\/\/i0.wp.com\/2.bp.blogspot.com\/-CJz-WEl2GJw\/UkcL2SvUxzI\/AAAAAAAABeA\/lDBXX-Im7Uk\/s320\/GOPR2715.JPG?w=840\" data-recalc-dims=\"1\" \/><\/a><\/div>\n<div class=\"separator\" style=\"clear: both; text-align: center;\">\n<a href=\"https:\/\/i0.wp.com\/1.bp.blogspot.com\/-I46JhLGopNU\/UkcL61gEa-I\/AAAAAAAABeU\/1bKMDEvCnq8\/s1600\/GOPR2717.JPG\" imageanchor=\"1\" style=\"clear: right; float: right; margin-bottom: 1em; margin-left: 1em;\"><img decoding=\"async\" border=\"0\" src=\"https:\/\/i0.wp.com\/1.bp.blogspot.com\/-I46JhLGopNU\/UkcL61gEa-I\/AAAAAAAABeU\/1bKMDEvCnq8\/s320\/GOPR2717.JPG?w=840\" data-recalc-dims=\"1\" \/><\/a><\/div>\n","protected":false},"excerpt":{"rendered":"<p>Heute hab ich es seit Ewigkeiten mal wieder in die Ecke von Bad Kreuznach geschafft. Obwohl das von mir aus gar nicht weit ist, komme ich irgendwie kaum dahin (zumindest nicht zum Fliegen). Aber heute sind wir un 12:00 Uhr gleich 7-Mann-hoch in Duchroth eingefallen. Den Hang habe ich bisher auch nicht gekannt, obwohl ich &hellip; <a href=\"https:\/\/fliegerblog.rjs.de\/?p=704\" class=\"more-link\"><span class=\"screen-reader-text\">\u201eWeinbergfliegen in Duchroth\u201c<\/span> weiterlesen<\/a><\/p>\n","protected":false},"author":1,"featured_media":0,"comment_status":"open","ping_status":"open","sticky":false,"template":"","format":"standard","meta":{"jetpack_post_was_ever_published":false,"footnotes":"","jetpack_publicize_message":"","jetpack_is_tweetstorm":false,"jetpack_publicize_feature_enabled":true,"jetpack_social_options":[]},"categories":[2],"tags":[],"class_list":["post-704","post","type-post","status-publish","format-standard","hentry","category-allgemein"],"jetpack_publicize_connections":[],"jetpack_featured_media_url":"","jetpack_shortlink":"https:\/\/wp.me\/p788kK-bm","jetpack-related-posts":[{"id":906,"url":"https:\/\/fliegerblog.rjs.de\/?p=906","url_meta":{"origin":704,"position":0},"title":"Nicht gut","date":"April 9, 2015","format":false,"excerpt":"Ich habe vorhin mitbekommen, dass mein Schirm auf dem Weg von Check zur\u00fcck zu mir ist. Hat mir aber heute f\u00fcr das Schleppen in Neu-Anspach nichts genutzt. Da ich sowieso im Taunus unterwegs war, bin ich aber trotzdem hin, um mit einem geliehenen Schirm mein Gl\u00fcck zu versuchen. War keine\u2026","rel":"","context":"In &quot;Allgemein&quot;","img":{"alt_text":"","src":"","width":0,"height":0},"classes":[]},{"id":1562,"url":"https:\/\/fliegerblog.rjs.de\/?p=1562","url_meta":{"origin":704,"position":1},"title":"Touristischer Moseltripp","date":"Februar 27, 2019","format":false,"excerpt":"Ich hatte mich f\u00fcr die Woche auf Freitag bis Sonntag als gute Flugtage eingestellt. Freitag Nordwind und am Wochenende Schleppen mit dem GFT in Singhofen. Aber die Prognosen sagen ab morgen schon einen Wetterumschwung vorher. Mit starkem Wind und Regen. Wobei das heute auch extrem warm war - ein Local\u2026","rel":"","context":"\u00c4hnlicher Beitrag","img":{"alt_text":"","src":"https:\/\/i0.wp.com\/3.bp.blogspot.com\/-bil6H12YD8c\/XHbqsY_BCiI\/AAAAAAAAEgU\/Vm9ciwehbJwuAqOzx64W9rN23-hXCWWLACLcBGAs\/s320\/GOPR6417.JPG?resize=350%2C200&ssl=1","width":350,"height":200},"classes":[]},{"id":358,"url":"https:\/\/fliegerblog.rjs.de\/?p=358","url_meta":{"origin":704,"position":2},"title":"H\u00fcpfen &#038; Handlen","date":"August 1, 2010","format":false,"excerpt":"Reichenbach ist gem\u00e4ht und bis auf unsere alte Landewiese wieder offen. Gestern und heute war S\u00fcdwind angek\u00fcndigt und da wollte ich heute mal wieder hin. Z.Z. komme ich wenig an den Hang, da ich 1x viele Computerschulungen halte (auch ziemlich weit weg) und zudem umgezogen bin und da noch \u00e4tzend\u2026","rel":"","context":"In &quot;Allgemein&quot;","img":{"alt_text":"","src":"","width":0,"height":0},"classes":[]},{"id":758,"url":"https:\/\/fliegerblog.rjs.de\/?p=758","url_meta":{"origin":704,"position":3},"title":"Winde oder Hang?","date":"April 25, 2014","format":false,"excerpt":"Das war heute die Frage. Bei den Gleitschirmfreunden Taunusstein war in Laufenselden Schleppen angesetzt. Aber die Prognosen sahen nach Ost bis teils SO aus. Zudem sollte der Wind in B\u00f6en recht kr\u00e4ftig werden. Die Bahn ist nach NO ausgerichtet und von daher war ich nicht ganz \u00fcberzeugt, dass das eine\u2026","rel":"","context":"In &quot;Allgemein&quot;","img":{"alt_text":"","src":"","width":0,"height":0},"classes":[]},{"id":93,"url":"https:\/\/fliegerblog.rjs.de\/?p=93","url_meta":{"origin":704,"position":4},"title":"Ich bekomme das Grinsen nicht weg :-)","date":"August 3, 2007","format":false,"excerpt":"Unglaublich. Der dritte Flugtag der Woche hat alles getoppt! Heute hatte ich einen Flug, der konnte mit meinen Fl\u00fcgen in den Alpen mithalten. Die waren zwar zugegeben w\u00e4hrend der A-Schein-Ausbildung und nur Abgleiter von etwa 1000 Meter H\u00f6he, aber heute war ich bei einem Flug an userem Minih\u00fcgel in MF\u2026","rel":"","context":"In &quot;Allgemein&quot;","img":{"alt_text":"","src":"","width":0,"height":0},"classes":[]},{"id":962,"url":"https:\/\/fliegerblog.rjs.de\/?p=962","url_meta":{"origin":704,"position":5},"title":"Etwas schwierige Bedingungen heute","date":"Juli 24, 2015","format":false,"excerpt":"Ich war heute zum Fliegen an der Winde in Laufenselden. War ein Flugtag mit etwas schwierigen Bedingungen. Und zwar in mehrerer Hinsicht: Parallel zu dem Vereinsschleppen war wieder ein Windenkurs aktiv. Das verz\u00f6gert normalerweise die Sache ziemlich. Aber es waren recht wenige Windensch\u00fcler da, von den auch einige schon aufgeh\u00f6rt\u2026","rel":"","context":"In &quot;Allgemein&quot;","img":{"alt_text":"","src":"","width":0,"height":0},"classes":[]}],"_links":{"self":[{"href":"https:\/\/fliegerblog.rjs.de\/index.php?rest_route=\/wp\/v2\/posts\/704","targetHints":{"allow":["GET"]}}],"collection":[{"href":"https:\/\/fliegerblog.rjs.de\/index.php?rest_route=\/wp\/v2\/posts"}],"about":[{"href":"https:\/\/fliegerblog.rjs.de\/index.php?rest_route=\/wp\/v2\/types\/post"}],"author":[{"embeddable":true,"href":"https:\/\/fliegerblog.rjs.de\/index.php?rest_route=\/wp\/v2\/users\/1"}],"replies":[{"embeddable":true,"href":"https:\/\/fliegerblog.rjs.de\/index.php?rest_route=%2Fwp%2Fv2%2Fcomments&post=704"}],"version-history":[{"count":0,"href":"https:\/\/fliegerblog.rjs.de\/index.php?rest_route=\/wp\/v2\/posts\/704\/revisions"}],"wp:attachment":[{"href":"https:\/\/fliegerblog.rjs.de\/index.php?rest_route=%2Fwp%2Fv2%2Fmedia&parent=704"}],"wp:term":[{"taxonomy":"category","embeddable":true,"href":"https:\/\/fliegerblog.rjs.de\/index.php?rest_route=%2Fwp%2Fv2%2Fcategories&post=704"},{"taxonomy":"post_tag","embeddable":true,"href":"https:\/\/fliegerblog.rjs.de\/index.php?rest_route=%2Fwp%2Fv2%2Ftags&post=704"}],"curies":[{"name":"wp","href":"https:\/\/api.w.org\/{rel}","templated":true}]}}