{"id":701,"date":"2013-09-22T17:50:57","date_gmt":"2013-09-22T16:50:57","guid":{"rendered":"http:\/\/www.rjs.de\/fliegerblog\/?p=701"},"modified":"2013-09-22T17:50:57","modified_gmt":"2013-09-22T16:50:57","slug":"neues-schleppgelande-und-erstmals-an-der-abrollwinde","status":"publish","type":"post","link":"https:\/\/fliegerblog.rjs.de\/?p=701","title":{"rendered":"Neues Schleppgel\u00e4nde und erstmals an der Abrollwinde"},"content":{"rendered":"<p>Ich wollte schon seit Ende letzten Jahres bei <a href=\"http:\/\/www.rheinhessen-schlepp.de\/cms\/index.php?mact=News,cntnt01,detail,0&amp;cntnt01articleid=10&amp;cntnt01origid=59&amp;cntnt01returnid=72\">1. Windenschleppgemeinschaft Rheinhessen<\/a> vorbeischauen, denn deren Gel\u00e4nde sind von mir aus relativ nahe. N\u00e4her als meine anderen Locations zumindest, wenn ich nicht sowieso im Taunus was zu tun habe. Nur bisher hat es nie geklappt.<br \/>\nHeute aber war ich das erste Mal gegen 12:00 Uhr auf dem Gel\u00e4nde in Wallertheim. Sehr spannende Angelegeheit da. Geschleppt wird auf einem Feldweg mit einer Abrollwinde (bin bisher noch nie an so einer Windenart geflogen), die auf der Anh\u00e4ngerkupplung eines Autos montiert wird. Und damit geht es (zumindest bei der heutigen Windrichtung) gute 1200 Meter stramm auf eine Gruppe von Windr\u00e4dern zu. Alles recht abenteuerlich. Heute ging zwar thermisch nicht viel und meine zwei Fl\u00fcge waren auch nicht sonderlich lang. Hat aber Spa\u00df gemacht und die Location werde ich in meine Standardoptionen aufnehmen. Die Truppe dort ist echt in Ordnung und sehr r\u00fchig.<\/p>\n<p><iframe loading=\"lazy\" width=\"420\" height=\"315\" src=\"\/\/www.youtube.com\/embed\/coQYUo70LyQ\" frameborder=\"0\" allowfullscreen><\/iframe><br \/><\/p>\n","protected":false},"excerpt":{"rendered":"<p>Ich wollte schon seit Ende letzten Jahres bei 1. Windenschleppgemeinschaft Rheinhessen vorbeischauen, denn deren Gel\u00e4nde sind von mir aus relativ nahe. N\u00e4her als meine anderen Locations zumindest, wenn ich nicht sowieso im Taunus was zu tun habe. Nur bisher hat es nie geklappt. Heute aber war ich das erste Mal gegen 12:00 Uhr auf dem &hellip; <a href=\"https:\/\/fliegerblog.rjs.de\/?p=701\" class=\"more-link\"><span class=\"screen-reader-text\">\u201eNeues Schleppgel\u00e4nde und erstmals an der Abrollwinde\u201c<\/span> weiterlesen<\/a><\/p>\n","protected":false},"author":1,"featured_media":0,"comment_status":"open","ping_status":"open","sticky":false,"template":"","format":"standard","meta":{"jetpack_post_was_ever_published":false,"footnotes":"","jetpack_publicize_message":"","jetpack_is_tweetstorm":false,"jetpack_publicize_feature_enabled":true,"jetpack_social_options":[]},"categories":[2],"tags":[],"class_list":["post-701","post","type-post","status-publish","format-standard","hentry","category-allgemein"],"jetpack_publicize_connections":[],"jetpack_featured_media_url":"","jetpack_shortlink":"https:\/\/wp.me\/p788kK-bj","jetpack-related-posts":[{"id":1744,"url":"https:\/\/fliegerblog.rjs.de\/?p=1744","url_meta":{"origin":701,"position":0},"title":"Erste Fl\u00fcge in 2020 an der Abrollwinde","date":"September 19, 2020","format":false,"excerpt":"\u00a0 Nachdem mir die Windprognosen f\u00fcr Singhofen heute sowohl von der Richtung als auch St\u00e4rke nicht geheuer waren und zudem sowieso zu wenige Leute zusammen kamen, bin ich endlich mal wieder nach Wallertheim zur Windenschleppgemeinschaft RheinHessen. Da habe ich es dieses Jahr noch gar nicht hin geschafft (ich bin dieses\u2026","rel":"","context":"\u00c4hnlicher Beitrag","img":{"alt_text":"","src":"","width":0,"height":0},"classes":[]},{"id":1662,"url":"https:\/\/fliegerblog.rjs.de\/?p=1662","url_meta":{"origin":701,"position":1},"title":"Nicht Passeiertal, nicht Achensee, &#8230;","date":"August 31, 2019","format":false,"excerpt":"... sondern Rheinhessen. Klingt vielleicht komisch, aber ich war gerade \u00fcber 12 Tage auf Familienurlaub erst in S\u00fcd-Tirol und dann noch am Achensee. Also 2 Hotspots zum Gleitschirmfliegen. Aber ich hatte bewusst den Schirm nicht mitgenommen. Es passt f\u00fcr mich nicht zum Familienurlaub, wenn man permanent versucht die Aktivit\u00e4ten mit\u2026","rel":"","context":"\u00c4hnlicher Beitrag","img":{"alt_text":"","src":"https:\/\/i0.wp.com\/1.bp.blogspot.com\/-big42DdBoDM\/XWqvCCNEJ3I\/AAAAAAAAE-4\/m-gtNAm0aWAt0SQjtMIVMyKJm-MDpB2CACLcBGAs\/s320\/GOPR0955.JPG?resize=350%2C200&ssl=1","width":350,"height":200},"classes":[]},{"id":1482,"url":"https:\/\/fliegerblog.rjs.de\/?p=1482","url_meta":{"origin":701,"position":2},"title":"Probeschleppen in Oberems","date":"Juli 18, 2018","format":false,"excerpt":"Heute war ziemlich kurzfristig Probeschleppen auf dem Segelflugplatz in Oberems angesetzt worden. Das Gel\u00e4nde steht schon einige Jahre zur Diskussion, ob es nicht auch f\u00fcr Gleitschirmflieger freigegeben werden kann und m.W. sind auch mehrere Vereine da dran gewesen oder eben immer noch dran. Letztes Jahr gab es ein erstes Probeschleppen\u2026","rel":"","context":"\u00c4hnlicher Beitrag","img":{"alt_text":"","src":"https:\/\/i0.wp.com\/4.bp.blogspot.com\/-O2Nm1dQKGTs\/W13aZvgz5YI\/AAAAAAAAEC8\/0gnwZhm-43YRgsy_KpqsfIU_OSwalMpqwCLcBGAs\/s400\/IMG_20180718_140014.jpg?resize=350%2C200&ssl=1","width":350,"height":200},"classes":[]},{"id":1260,"url":"https:\/\/fliegerblog.rjs.de\/?p=1260","url_meta":{"origin":701,"position":3},"title":"Meine Schleppsaision kommt mit gebremstem Dampf in Gang","date":"Mai 21, 2017","format":false,"excerpt":"So richtig hat meine Schleppsaision 2017 noch nicht Fahrt aufgenommen. Ich war bisher nur 1x dieses Jahr an der Winde und da hatte ich auch nur einen Flug gemacht. Das war vor ein paar Wochen bei der 1. Windenschleppgemeinschaft Rheinhessen in Wallertheim und da habe ich heute auch meinen 2.\u2026","rel":"","context":"\u00c4hnlicher Beitrag","img":{"alt_text":"","src":"https:\/\/i0.wp.com\/1.bp.blogspot.com\/-W-cWHAo15jU\/WSHWfjymyFI\/AAAAAAAADaw\/U3QRJOzUdvYmSNIQ9bUiPCVe2dLJl3ZBgCLcB\/s400\/GOPR3192.JPG?resize=350%2C200&ssl=1","width":350,"height":200},"classes":[]},{"id":836,"url":"https:\/\/fliegerblog.rjs.de\/?p=836","url_meta":{"origin":701,"position":4},"title":"Abenteuerliche Fliegerei an der Abrollwinde zwischen Windr\u00e4dern","date":"September 28, 2014","format":false,"excerpt":"Vor gut einem Jahr war ich das erste (und bisher einzige) Mal bei der Windenschleppgemeinschaft Rheinhessen. Hat mir damals aber gut gefallen. Dort nutzen Sie zum Schleppen eine Abrollwinde, die einfach auf der Anh\u00e4ngerkupplung eines Autos montiert wird. Das d\u00fcst dann einen Feldweg lang und zieht den Schirm oder Drachen\u2026","rel":"","context":"In &quot;Allgemein&quot;","img":{"alt_text":"","src":"","width":0,"height":0},"classes":[]},{"id":999,"url":"https:\/\/fliegerblog.rjs.de\/?p=999","url_meta":{"origin":701,"position":5},"title":"Sch\u00f6ner Schleppnachmittag bei der Windenschleppgemeinschaft Rheinhessen","date":"Oktober 3, 2015","format":false,"excerpt":"Heute waren wirklich f\u00fcr die Sp\u00e4tsaison Traumbedingungen. An so einem Tag muss man einfach in die Luft gehen. Sehr sch\u00f6ne Sonne, angenehm warm und recht wenig Wind aus s\u00fcdlichen Richtungen. Der Wind war mir etwas schwach f\u00fcr meine \u00fcblichen Hang-Locations wie Reichenbach, aber ich wollte heute sowieso mal wieder was\u2026","rel":"","context":"In &quot;Allgemein&quot;","img":{"alt_text":"","src":"","width":0,"height":0},"classes":[]}],"_links":{"self":[{"href":"https:\/\/fliegerblog.rjs.de\/index.php?rest_route=\/wp\/v2\/posts\/701","targetHints":{"allow":["GET"]}}],"collection":[{"href":"https:\/\/fliegerblog.rjs.de\/index.php?rest_route=\/wp\/v2\/posts"}],"about":[{"href":"https:\/\/fliegerblog.rjs.de\/index.php?rest_route=\/wp\/v2\/types\/post"}],"author":[{"embeddable":true,"href":"https:\/\/fliegerblog.rjs.de\/index.php?rest_route=\/wp\/v2\/users\/1"}],"replies":[{"embeddable":true,"href":"https:\/\/fliegerblog.rjs.de\/index.php?rest_route=%2Fwp%2Fv2%2Fcomments&post=701"}],"version-history":[{"count":0,"href":"https:\/\/fliegerblog.rjs.de\/index.php?rest_route=\/wp\/v2\/posts\/701\/revisions"}],"wp:attachment":[{"href":"https:\/\/fliegerblog.rjs.de\/index.php?rest_route=%2Fwp%2Fv2%2Fmedia&parent=701"}],"wp:term":[{"taxonomy":"category","embeddable":true,"href":"https:\/\/fliegerblog.rjs.de\/index.php?rest_route=%2Fwp%2Fv2%2Fcategories&post=701"},{"taxonomy":"post_tag","embeddable":true,"href":"https:\/\/fliegerblog.rjs.de\/index.php?rest_route=%2Fwp%2Fv2%2Ftags&post=701"}],"curies":[{"name":"wp","href":"https:\/\/api.w.org\/{rel}","templated":true}]}}