{"id":700,"date":"2013-09-12T18:42:50","date_gmt":"2013-09-12T17:42:50","guid":{"rendered":"http:\/\/www.rjs.de\/fliegerblog\/?p=700"},"modified":"2013-09-12T18:42:50","modified_gmt":"2013-09-12T17:42:50","slug":"kein-highlight-aber-auch-nicht-umsonst","status":"publish","type":"post","link":"https:\/\/fliegerblog.rjs.de\/?p=700","title":{"rendered":"Kein Highlight, aber auch nicht umsonst"},"content":{"rendered":"<p>Heute stand Wind aus NW an und ich bin um 15:15 Uhr am MFK eingetroffen. Wir waren heute da nur zu 2. und der Wind kam ziemlich westlich. Starten von oben ging nicht vern\u00fcnftig, aber an der unteren Kante hat es nicht schlecht getragen. Konnte mich mehrfach ganz gut halten. Gegen 16:30 Uhr ist der Wind aber immer mehr auf West gedreht und um 17:00 Uhr sind wir heim. Es war von daher heute kein Supertag, aber bei den miesen Wetteraussichten f\u00fcr die n\u00e4chsten Tage bin ich zumindest vorher nochmal kurz in die Luft gekommen.<\/p>\n","protected":false},"excerpt":{"rendered":"<p>Heute stand Wind aus NW an und ich bin um 15:15 Uhr am MFK eingetroffen. Wir waren heute da nur zu 2. und der Wind kam ziemlich westlich. Starten von oben ging nicht vern\u00fcnftig, aber an der unteren Kante hat es nicht schlecht getragen. Konnte mich mehrfach ganz gut halten. Gegen 16:30 Uhr ist der &hellip; <a href=\"https:\/\/fliegerblog.rjs.de\/?p=700\" class=\"more-link\"><span class=\"screen-reader-text\">\u201eKein Highlight, aber auch nicht umsonst\u201c<\/span> weiterlesen<\/a><\/p>\n","protected":false},"author":1,"featured_media":0,"comment_status":"open","ping_status":"open","sticky":false,"template":"","format":"standard","meta":{"jetpack_post_was_ever_published":false,"footnotes":"","jetpack_publicize_message":"","jetpack_is_tweetstorm":false,"jetpack_publicize_feature_enabled":true,"jetpack_social_options":[]},"categories":[2],"tags":[],"class_list":["post-700","post","type-post","status-publish","format-standard","hentry","category-allgemein"],"jetpack_publicize_connections":[],"jetpack_featured_media_url":"","jetpack_shortlink":"https:\/\/wp.me\/p788kK-bi","jetpack-related-posts":[{"id":1225,"url":"https:\/\/fliegerblog.rjs.de\/?p=1225","url_meta":{"origin":700,"position":0},"title":"Eine erste Idee von Fr\u00fchling","date":"M\u00e4rz 10, 2017","format":false,"excerpt":"So ganz langsam l\u00e4sst sich Fr\u00fchling erahnen. Es wurde die letzten Tage immer w\u00e4rmer und heute kam noch sch\u00f6ne Sonne raus. Nachdem dazu noch Wind aus Nordwest angesagt war, bin ich mal wieder an den MFK. Die Prognosen sahen vor allen Dingen f\u00fcr Vormittag ganz gut aus. Aber gegen Nachmittag\u2026","rel":"","context":"\u00c4hnlicher Beitrag","img":{"alt_text":"","src":"https:\/\/i0.wp.com\/1.bp.blogspot.com\/-ulpCNEljXTs\/WMLqr-MNJ3I\/AAAAAAAADS0\/trwF7pRe1NsL0xMsk52iefvpg8OsFdsZACLcB\/s320\/GOPR0866.JPG?resize=350%2C200&ssl=1","width":350,"height":200},"classes":[]},{"id":2151,"url":"https:\/\/fliegerblog.rjs.de\/?p=2151","url_meta":{"origin":700,"position":1},"title":"D\u00fcnenspringen Vol 2","date":"Mai 14, 2025","format":false,"excerpt":"Wie geplant sind wir heute um 8:15 Uhr wieder nach Domburg. Am Anfang war der Wind moderat und kein Problem mit den eigenen Schirmen. Nur auch wieder von der Richtung suboptimal, aber eine bessere Location bei dem Wind ist nicht in Reichweite. Mir war der Wind sogar am Anfang etwas\u2026","rel":"","context":"\u00c4hnlicher Beitrag","img":{"alt_text":"","src":"https:\/\/i0.wp.com\/blogger.googleusercontent.com\/img\/b\/R29vZ2xl\/AVvXsEi-ZPQ4wQ9psI4MJdOZ44113OwiYxDnYjiQH5TzFEe_ZF3fhbushPw8PAJYhsVL0xXc1AClBg3mKXl2QAqjVoHlt_wfnhCovRSFbHqN0gAzhcASXH3fDss5t6apImSL3U9CLCmMOQI98sZnWWq5wcdtGLy9x62VjBHpCbH-47nwUK2PBzMICwtGlHGsEkJT\/s320\/25-05-14%2011-44-35%209270.jpg?resize=350%2C200&ssl=1","width":350,"height":200},"classes":[]},{"id":42,"url":"https:\/\/fliegerblog.rjs.de\/?p=42","url_meta":{"origin":700,"position":2},"title":"Reisebericht Husby, D\u00e4nemark","date":"Juni 29, 2008","format":false,"excerpt":"Flugtagebuch K\u00fcstensoaren in Husby - D\u00e4nemark im Juni 200821. JuniIch bin wieder zum K\u00fcstenfliegen in D\u00e4nemark. In Husby, etwa 150 Kilometer s\u00fcdlich von Loekken, wo ich letztes Jahr war. Nachdem der Trip letztes Jahr eigentlich ein Reinfall war und ich in einer Woche nur einen Tag zum Fliegen kam, wollte\u2026","rel":"","context":"In &quot;Allgemein&quot;","img":{"alt_text":"","src":"https:\/\/i0.wp.com\/img.youtube.com\/vi\/1PDZNyzILZw\/0.jpg?resize=350%2C200","width":350,"height":200},"classes":[]},{"id":1502,"url":"https:\/\/fliegerblog.rjs.de\/?p=1502","url_meta":{"origin":700,"position":3},"title":"Der Abschluss hat es gerettet","date":"September 28, 2018","format":false,"excerpt":"\u00a0 War ja klar - ich habe endlich mal einige Tage Zeit zum Fliegen und dann passen die Umst\u00e4nde nicht ;-(. Morgen wird das Schleppen mangels Interesse abgesagt und die n\u00e4chsten Tage sind wohl nicht wirklich berauschend hinsichtlich der Flugbedingungen. Aus dem Grund bin ich heute an den MFK, obwohl\u2026","rel":"","context":"\u00c4hnlicher Beitrag","img":{"alt_text":"","src":"https:\/\/i0.wp.com\/2.bp.blogspot.com\/-rdQPPNsTm6E\/W65QlVhICpI\/AAAAAAAAEIE\/TgTr_Mrh_JMu-BoajuQ--uxb0W7u3vUpgCLcBGAs\/s320\/GOPR3932.JPG?resize=350%2C200&ssl=1","width":350,"height":200},"classes":[]},{"id":826,"url":"https:\/\/fliegerblog.rjs.de\/?p=826","url_meta":{"origin":700,"position":4},"title":"Das sah lange Zeit nach einem Satz mit X aus&#8230;","date":"September 13, 2014","format":false,"excerpt":"..., aber gegen Abend wurde es doch noch ganz nett. Die Prognosen f\u00fcr heute hatten laut DWD ziemlichen starken H\u00f6henwind und auch in niedrigen Regionen heftige B\u00f6en vorausgesagt. Nach WF und WZ hingegen sah es nicht so stark aus. Aber nachdem es gestern bei WF und WZ genauso ausgesehen hatte\u2026","rel":"","context":"In &quot;Allgemein&quot;","img":{"alt_text":"","src":"","width":0,"height":0},"classes":[]},{"id":371,"url":"https:\/\/fliegerblog.rjs.de\/?p=371","url_meta":{"origin":700,"position":5},"title":"Kein guter Flugtag","date":"September 23, 2010","format":false,"excerpt":"Ab heute ist Herbst und ab morgen soll eine Schlechtwetterfront kommen. Aber heute waren nochmal Sonne und bis 26 Grad angesagt. Von daher bin ich schon ziemlich fr\u00fch (so gegen 13:30 Uhr) zum Schleppen nach Neu-Anspach. Obwohl die Gefahr bestand, dass der Wind quer zur Startbahn kommt. In der Praxis\u2026","rel":"","context":"In &quot;Allgemein&quot;","img":{"alt_text":"","src":"","width":0,"height":0},"classes":[]}],"_links":{"self":[{"href":"https:\/\/fliegerblog.rjs.de\/index.php?rest_route=\/wp\/v2\/posts\/700","targetHints":{"allow":["GET"]}}],"collection":[{"href":"https:\/\/fliegerblog.rjs.de\/index.php?rest_route=\/wp\/v2\/posts"}],"about":[{"href":"https:\/\/fliegerblog.rjs.de\/index.php?rest_route=\/wp\/v2\/types\/post"}],"author":[{"embeddable":true,"href":"https:\/\/fliegerblog.rjs.de\/index.php?rest_route=\/wp\/v2\/users\/1"}],"replies":[{"embeddable":true,"href":"https:\/\/fliegerblog.rjs.de\/index.php?rest_route=%2Fwp%2Fv2%2Fcomments&post=700"}],"version-history":[{"count":0,"href":"https:\/\/fliegerblog.rjs.de\/index.php?rest_route=\/wp\/v2\/posts\/700\/revisions"}],"wp:attachment":[{"href":"https:\/\/fliegerblog.rjs.de\/index.php?rest_route=%2Fwp%2Fv2%2Fmedia&parent=700"}],"wp:term":[{"taxonomy":"category","embeddable":true,"href":"https:\/\/fliegerblog.rjs.de\/index.php?rest_route=%2Fwp%2Fv2%2Fcategories&post=700"},{"taxonomy":"post_tag","embeddable":true,"href":"https:\/\/fliegerblog.rjs.de\/index.php?rest_route=%2Fwp%2Fv2%2Ftags&post=700"}],"curies":[{"name":"wp","href":"https:\/\/api.w.org\/{rel}","templated":true}]}}