{"id":68,"date":"2007-11-24T17:58:00","date_gmt":"2007-11-24T17:58:00","guid":{"rendered":"http:\/\/www.rjs.de\/fliegerblog\/?p=68"},"modified":"2007-11-24T17:58:00","modified_gmt":"2007-11-24T17:58:00","slug":"da-schau-an","status":"publish","type":"post","link":"https:\/\/fliegerblog.rjs.de\/?p=68","title":{"rendered":"Da schau an"},"content":{"rendered":"<p>Der November macht dieses Jahr seinem Ruf Ehre. Grau, kalt, nass. Nachdem ich gestern abend in str\u00f6mendem Regen aus Freiburg zur\u00fcckkam, wo ich ein paar Tage ohne Internet-Zugang gearbeitet hatte, war ich vollkommen au\u00dfen vor bzgl Wochenendplanung und Fliegen. Aber es hatte sowieso keiner den Ansporn was zu machen. Und das, obwohl f\u00fcr den heutigen Samstag Sonne angek\u00fcndigt war. Ein kurzes Intermezzo, dem die n\u00e4chsten Tage wieder Schneeregen und Sturm folgen sollen. <br \/>Aber wie gesagt &#8211; scheinbar wollte den Tag niemand nutzen. Dann hat sich doch ganz kurzfristig heute morgen ergeben, es in MF am Hang zu probieren. Sollte zumindest bis 13:00 Uhr halbwegs N\/NW-Wind anstehen. Waren zwar nur 5 Knoten angek\u00fcndigt, aber egal &#8211; ich wollte es zumindest probieren.<br \/>War gegen 11:00 Uhr da und wer fehlte? Der Wind :-(! Zumindest war Sonne da.<br \/>Vorw\u00e4rtsstart probiert und &#8211; oh Wunder &#8211; es hat sogar ein bisschen getragen. Da der Schirm nun schon nass war, wollte ich noch ein paar Versuche nachschieben. 2 Rohrkrepierer nach Vorw\u00e4rtsstart haben mich dann doch ern\u00fcchtert. Ok &#8211; gehen wir heim. Nur noch ein Versuch. Naja &#8211; und der ging wieder irgendwie. Also weiter probiert. Wieder 2 Rohrkrepierer nach Vorw\u00e4rtsstart.<br \/>Mittlerweile waren wir zu 6. am Hang und die Stimmung wurde schlechter. Der Wind war fast ganz weg und das Windrad hat dann auch noch auf W\/SW gedreht (was f\u00fcr 13:00 Uhr auch angek\u00fcndigt war).<\/p>\n<p>Beginnender Frust! <\/p>\n<p>Und dann haben wir gesehen, dass die Windr\u00e4der im Westerwald zwischenzeitlich voll auf N gegangen waren. Und schnell und schneller wurden. Und das Windrad in der N\u00e4he des Hangs ging wieder auf W, dann NW und letzendlich sogar N. Dabei kam eine dicke, dicke Wolke \u00fcber den Hang. <br \/>Pl\u00f6tzlich ging auch r\u00fcckw\u00e4rts hochziehen wieder und dann hat der Hang gezeigt, warum er ein Hotspot ist. Die folgenden 45 Minuten waren richtig gute Flugbedingungen angesagt. Und auch danach, als die Bedingungen wieder etwas mauer wurden, ging es immer noch mit sch\u00f6nen Abgleitern den Hang runter zu kurven. Selbst als die Windr\u00e4der bei Weilburg schon wieder SW anzeigten. Der Hang hat definitiv ein eigenes Mikrosystem. Von wegen ab 13:00 Uhr geht nix mehr.<br \/>Alles in Allem war es ein sch\u00f6ner, sonniger Flugtag, der nach anf\u00e4nglichem Frust doch noch mehr hergegeben hat, als man im November erwarten kann.<\/p>\n<div class=\"blogger-post-footer\"><script type=\"text\/javascript\"><!--\ngoogle_ad_client = \"pub-4702984279656494\";\ngoogle_ad_width = 468;\ngoogle_ad_height = 60;\ngoogle_ad_format = \"468x60_as_rimg\";\ngoogle_cpa_choice = \"CAAQlNHphwIaCFxy_-mnISvEKNDv6n4\";\ngoogle_ad_channel = \"0174140724\";\n\/\/--><\/script><br \/>\n<script type=\"text\/javascript\" src=\"http:\/\/pagead2.googlesyndication.com\/pagead\/show_ads.js\">\n<\/script><\/div>\n","protected":false},"excerpt":{"rendered":"<p>Der November macht dieses Jahr seinem Ruf Ehre. Grau, kalt, nass. Nachdem ich gestern abend in str\u00f6mendem Regen aus Freiburg zur\u00fcckkam, wo ich ein paar Tage ohne Internet-Zugang gearbeitet hatte, war ich vollkommen au\u00dfen vor bzgl Wochenendplanung und Fliegen. Aber es hatte sowieso keiner den Ansporn was zu machen. Und das, obwohl f\u00fcr den heutigen &hellip; <a href=\"https:\/\/fliegerblog.rjs.de\/?p=68\" class=\"more-link\"><span class=\"screen-reader-text\">\u201eDa schau an\u201c<\/span> weiterlesen<\/a><\/p>\n","protected":false},"author":1,"featured_media":0,"comment_status":"open","ping_status":"open","sticky":false,"template":"","format":"standard","meta":{"jetpack_post_was_ever_published":false,"footnotes":"","jetpack_publicize_message":"","jetpack_is_tweetstorm":false,"jetpack_publicize_feature_enabled":true,"jetpack_social_options":[]},"categories":[2],"tags":[],"class_list":["post-68","post","type-post","status-publish","format-standard","hentry","category-allgemein"],"jetpack_publicize_connections":[],"jetpack_featured_media_url":"","jetpack_shortlink":"https:\/\/wp.me\/p788kK-16","jetpack-related-posts":[{"id":2038,"url":"https:\/\/fliegerblog.rjs.de\/?p=2038","url_meta":{"origin":68,"position":0},"title":"Flug- und Bade-Kombination","date":"September 15, 2023","format":false,"excerpt":"F\u00fcr heute war moderater SO angek\u00fcndigt. Dazu viel Sonne. Also vermutlich einer der letzten sch\u00f6nen Sommertage 2023. Ich hatte zudem Zeit und bin deshalb nach Eschbach an den Hang. Ca. 13:15 Uhr war ich da. Der Wind war in der Tat schwach und man musste gute Abl\u00f6sungen erwischen, um fliegen\u2026","rel":"","context":"\u00c4hnlicher Beitrag","img":{"alt_text":"","src":"https:\/\/i0.wp.com\/blogger.googleusercontent.com\/img\/b\/R29vZ2xl\/AVvXsEhlbMcHpR8v7fSqIk95cZBSo-TEWd5BqJrM1HKL-LyNDXQ1YkHa8dm-R9Z87jLSqcm2SNfwdl6SusF8WeM7rSUDTqiPYs44mr5ZQ9m1bqnNjhvlTwdOq9DYk2Q2zXqOH0LNGcrvylijZanLUZoRrECy6J4YEpxRvmzTuEyTfwVQhG1Uvmzck3ZzHmDZModd\/w400-h300\/20230915_151356.jpg?resize=350%2C200&ssl=1","width":350,"height":200},"classes":[]},{"id":1010,"url":"https:\/\/fliegerblog.rjs.de\/?p=1010","url_meta":{"origin":68,"position":1},"title":"Zwischen November-Blues und Altweibersommer","date":"November 5, 2015","format":false,"excerpt":"Die letzten Tage hatten wir eine Inversionswetterlage. Im November heisst das meist, dass sich unten in den T\u00e4lern dichter Nebel bildet, w\u00e4hrend auf den Bergen es warm und sonnig ist. Die ganzen letzten Tage sind wir hier unten am Rhein in der Nebelsuppe fast abgesoffen und erfroren, w\u00e4hrend es im\u2026","rel":"","context":"In &quot;Allgemein&quot;","img":{"alt_text":"","src":"https:\/\/i0.wp.com\/2.bp.blogspot.com\/-OeStWG-iyN8\/Vjt95xE6luI\/AAAAAAAACuc\/JX4hh9al4XM\/s400\/IMG_20151105_114754.jpg?resize=350%2C200","width":350,"height":200},"classes":[]},{"id":173,"url":"https:\/\/fliegerblog.rjs.de\/?p=173","url_meta":{"origin":68,"position":2},"title":"Sp\u00e4t kam es, aber es kam","date":"April 13, 2009","format":false,"excerpt":"Waren gegen 11:45 Uhr am Hang in MF. War schwacher NW angek\u00fcndigt, der gegen 14:30 immer mehr auf Ost gehen sollte. Und der Wind war auch schwach. Ich hatte auf die Sonne gehofft, aber der Dunst ist einfach nicht weggegangen. Schwache Abgleiter und gelegentlich mal etwas Gl\u00fcck mit einer Miniabl\u00f6sung.\u2026","rel":"","context":"In &quot;Allgemein&quot;","img":{"alt_text":"","src":"","width":0,"height":0},"classes":[]},{"id":1505,"url":"https:\/\/fliegerblog.rjs.de\/?p=1505","url_meta":{"origin":68,"position":3},"title":"Goldiger Oktober","date":"Oktober 5, 2018","format":false,"excerpt":"Der Oktober gibt nochmal alles. Leider war es gestern definitiv zu schwachwindig, aber f\u00fcr heute waren die Prognosen nicht schlecht. Eigentlich wollte ich unbedingt mal wieder auf die Wasserkuppe, denn obwohl ich da meine Ausbildung gemacht hatte, bin ich als Freiflieger kaum noch auf der Waku gewesen. Und die Aussichten\u2026","rel":"","context":"\u00c4hnlicher Beitrag","img":{"alt_text":"","src":"https:\/\/i0.wp.com\/1.bp.blogspot.com\/-VZfha2s8Gag\/W7egVtuJh6I\/AAAAAAAAEJY\/OqW7OgY-d0sYbBVrzHvQj-w7MCDXR1qDgCLcBGAs\/s400\/IMG_20181005_122130.jpg?resize=350%2C200&ssl=1","width":350,"height":200},"classes":[]},{"id":1163,"url":"https:\/\/fliegerblog.rjs.de\/?p=1163","url_meta":{"origin":68,"position":4},"title":"Hitzeschlacht beim Testival in A\u00dflar","date":"Juli 10, 2016","format":false,"excerpt":"Ich war mir heute ganz und gar nicht sicher, was ich flugtechnisch machen sollte. Das ganze Wochenende (eigentlich seit Donnerstag) war f\u00fcr mich mit Fliegen nicht gut gelaufen - hab mich falsch entschieden oder es ist nicht zusammen gekommen. Heute war SW-Wind angek\u00fcndigt und da h\u00e4tte Reichenbach gepasst. Aber da\u2026","rel":"","context":"\u00c4hnlicher Beitrag","img":{"alt_text":"","src":"https:\/\/i0.wp.com\/1.bp.blogspot.com\/-Lm0V3EIp95U\/V4Jy8KQY-UI\/AAAAAAAADCY\/4gRK_YZtro8txwhLde0Chm6T9JlT3cTygCLcB\/s320\/GOPR5843.JPG?resize=350%2C200&ssl=1","width":350,"height":200},"classes":[]},{"id":1779,"url":"https:\/\/fliegerblog.rjs.de\/?p=1779","url_meta":{"origin":68,"position":5},"title":"Sp\u00e4ter, bockiger Jahresbeginn &#8211; aber immerhin ein Beginn","date":"Februar 21, 2021","format":false,"excerpt":"Nicht nur wegen Corona, sondern auch dem doch recht unpassenden Wetter die letzte Zeit und diversen beruflichen Verhinderungen bin ich f\u00fcr den ersten Flugtag des Jahr dieses Jahr un\u00fcblich sp\u00e4t dran. Wobei ich auf meine Kappe nehme, dass ich mehrere m\u00f6gliche Flugtage hab verstreichen lassen. Die letzten beiden Tage ging\u2026","rel":"","context":"\u00c4hnlicher Beitrag","img":{"alt_text":"","src":"https:\/\/i0.wp.com\/1.bp.blogspot.com\/-Tpx5YQzGuFY\/YDKvVylMQGI\/AAAAAAAAF7k\/OrIde0U1R8waYv7AH91WxlS7UD0ytdX_ACLcBGAsYHQ\/w640-h252\/Zwischenablage02.png?resize=350%2C200&ssl=1","width":350,"height":200},"classes":[]}],"_links":{"self":[{"href":"https:\/\/fliegerblog.rjs.de\/index.php?rest_route=\/wp\/v2\/posts\/68","targetHints":{"allow":["GET"]}}],"collection":[{"href":"https:\/\/fliegerblog.rjs.de\/index.php?rest_route=\/wp\/v2\/posts"}],"about":[{"href":"https:\/\/fliegerblog.rjs.de\/index.php?rest_route=\/wp\/v2\/types\/post"}],"author":[{"embeddable":true,"href":"https:\/\/fliegerblog.rjs.de\/index.php?rest_route=\/wp\/v2\/users\/1"}],"replies":[{"embeddable":true,"href":"https:\/\/fliegerblog.rjs.de\/index.php?rest_route=%2Fwp%2Fv2%2Fcomments&post=68"}],"version-history":[{"count":0,"href":"https:\/\/fliegerblog.rjs.de\/index.php?rest_route=\/wp\/v2\/posts\/68\/revisions"}],"wp:attachment":[{"href":"https:\/\/fliegerblog.rjs.de\/index.php?rest_route=%2Fwp%2Fv2%2Fmedia&parent=68"}],"wp:term":[{"taxonomy":"category","embeddable":true,"href":"https:\/\/fliegerblog.rjs.de\/index.php?rest_route=%2Fwp%2Fv2%2Fcategories&post=68"},{"taxonomy":"post_tag","embeddable":true,"href":"https:\/\/fliegerblog.rjs.de\/index.php?rest_route=%2Fwp%2Fv2%2Ftags&post=68"}],"curies":[{"name":"wp","href":"https:\/\/api.w.org\/{rel}","templated":true}]}}