{"id":657,"date":"2013-06-03T20:42:29","date_gmt":"2013-06-03T19:42:29","guid":{"rendered":"http:\/\/www.rjs.de\/fliegerblog\/?p=657"},"modified":"2013-06-03T20:42:29","modified_gmt":"2013-06-03T19:42:29","slug":"ziemlich-sportliche-bedingungen-heute","status":"publish","type":"post","link":"https:\/\/fliegerblog.rjs.de\/?p=657","title":{"rendered":"Ziemlich sportliche Bedingungen heute"},"content":{"rendered":"<p>Nordwind und Sonne. Und Zeit. Da gibt es keine Frage &#8211; MFK. Bin um 15:00 Uhr da eingelaufen und es war noch niemand am Hang. Vorher war der Wind auch zu stark. Insbesondere sind recht heftige B\u00f6en durchgezogen. <\/p>\n<p>Am Hang war der Wind dann auch nicht ohne und ich bin gleich ganz auf die unterste Wiese, um da nur ein bisschen zu spielen, bis weitere Flieger auftauchen. Alleine fliege ich nur sehr ungern.<\/p>\n<p>Aber sogar dabei hat es mich kurz ausgehoben und beim Umdrehen nach der Landung bin ich in die Leinen vom Schirm geraten und mehrere Meter \u00fcber den Boden geschleift worden. Ein paar blaue Flecken und Absch\u00fcrfungen liesen sich dabei nicht vermeiden :-(. Aber richtig passiert ist gl\u00fccklicher Weise nix.<\/p>\n<p>Dennoch war mir erstmal der Zahl gezogen. Und w\u00e4hrend die mittlerweile eingetroffenen anderen Flieger von oben zu starten versucht haben, habe ich mich erst ganz langsam wieder nach oben gearbeitet. Immerhin bin ich dabei immer wieder kurz geflogen, w\u00e4hrend oben (bis auf 1 Versuch) niemand rauskam.<\/p>\n<p>Und w\u00e4hrend ich mir langsam das Vertrauen in die Bedingungen wieder regelrecht erarbeitet habe, sind die H\u00fcpfer immer h\u00f6her und l\u00e4nger geworden. Bis ich selbst von unten den oberen Startplatz \u00fcberh\u00f6ht habe. Allerdings war es da schon wieder recht grenzwertig mit der Windst\u00e4rke und vor allen Dingen den thermischen B\u00f6en. Zwar kann ich durch den dynamischen Schirm bedeutend besser als vorher mit den Bedingungen arbeiten und auch st\u00e4rke Windgeschwindigkeiten fliegen, aber irgendwann wurde es mir dann doch wieder zuviel.<\/p>\n<p>So zwischen 17:00 Uhr und 17:30 Uhr dachten wir an aufh\u00f6ren, denn statt &#8211; wie in den Prognosen angek\u00fcndigt &#8211; nachzulassen, nahmen Wind und auch B\u00f6en zu. <\/p>\n<p>Ich hatte aber immer noch Hoffnung auf die typischen Topbedingungen am MFK gegen Abend. Und tats\u00e4chlich gab es kurz vor 18:00 Uhr richtig gute Flugbedingungen. Da bin ich auch das einzige Mal f\u00fcr heute von oben rausgestartet. Einige Minuten war es nahezu perfekt. Aber dann hat der Wind wieder angezogen und die meisten Flieger (ich auch) sind so zwischen 18:30 Uhr und 19:00 Uhr abgezogen. Zwei Flieger sind noch dageblieben und wenn der Wind &#8211; entgegen den da aktuellen Prognosen &#8211; wirklich noch abgenommen hat, dann k\u00f6nnten sie bei dem traumhaften Sonnenstand noch Topflugbedingungen bekommen haben. Mir hat es aber gelangt und zudem war ich eher der Ansicht, dass der Wind noch l\u00e4nger heftig bleibt.<\/p>\n<hr \/>\n<p><iframe loading=\"lazy\" width=\"560\" height=\"315\" src=\"http:\/\/www.youtube.com\/embed\/RmaykhMRD4c\" frameborder=\"0\" allowfullscreen><\/iframe><\/p>\n","protected":false},"excerpt":{"rendered":"<p>Nordwind und Sonne. Und Zeit. Da gibt es keine Frage &#8211; MFK. Bin um 15:00 Uhr da eingelaufen und es war noch niemand am Hang. Vorher war der Wind auch zu stark. Insbesondere sind recht heftige B\u00f6en durchgezogen. Am Hang war der Wind dann auch nicht ohne und ich bin gleich ganz auf die unterste &hellip; <a href=\"https:\/\/fliegerblog.rjs.de\/?p=657\" class=\"more-link\"><span class=\"screen-reader-text\">\u201eZiemlich sportliche Bedingungen heute\u201c<\/span> weiterlesen<\/a><\/p>\n","protected":false},"author":1,"featured_media":0,"comment_status":"open","ping_status":"open","sticky":false,"template":"","format":"standard","meta":{"jetpack_post_was_ever_published":false,"footnotes":"","jetpack_publicize_message":"","jetpack_is_tweetstorm":false,"jetpack_publicize_feature_enabled":true,"jetpack_social_options":[]},"categories":[2],"tags":[],"class_list":["post-657","post","type-post","status-publish","format-standard","hentry","category-allgemein"],"jetpack_publicize_connections":[],"jetpack_featured_media_url":"","jetpack_shortlink":"https:\/\/wp.me\/p788kK-aB","jetpack-related-posts":[{"id":921,"url":"https:\/\/fliegerblog.rjs.de\/?p=921","url_meta":{"origin":657,"position":0},"title":"Mein erster 2015-Schlepp in Laufenselden","date":"April 24, 2015","format":false,"excerpt":"Letzten Freitag haben die Gleitschirmfreunde Taunusstein die Schlepp-Saison 2015 in Laufenselden er\u00f6ffnet. Mir waren f\u00fcr den Tag die Prognosen und dann am Vormittag auch die Messwerte zu heftig und ich bin deshalb nicht hin. War wohl auch berechtigt, denn da kamen den ganzen Nachmittag nur 2 Schlepps unter wohl recht\u2026","rel":"","context":"In &quot;Allgemein&quot;","img":{"alt_text":"","src":"","width":0,"height":0},"classes":[]},{"id":1806,"url":"https:\/\/fliegerblog.rjs.de\/?p=1806","url_meta":{"origin":657,"position":1},"title":"Pers\u00f6nlicher H\u00f6henrekord in AH","date":"Mai 29, 2021","format":false,"excerpt":"\u00a0 Ich denke, dass ich gut 2 Jahre nicht mehr in Arnoldshain geflogen bin. Aber da die f\u00fcr heute geplante Er\u00f6ffnung der Schleppsaison bei der Schleppgemeinschaft Rheinhessen kurzfristig wegen dem Anstieg der Corona-Zahlen im Landkreis abgesagt werden musste, bin ich nach Arnoldshain. Im Moment gibt es sowieso kaum Alternativen, weil\u2026","rel":"","context":"\u00c4hnlicher Beitrag","img":{"alt_text":"","src":"https:\/\/i0.wp.com\/1.bp.blogspot.com\/-7BAQ-gzpIE8\/YLJVuThN6sI\/AAAAAAAAGDo\/E4n3kkEpkfcANezO_rqfUT3FCzx_jqePgCLcBGAsYHQ\/w640-h480\/IMG_20210529_132019.jpg?resize=350%2C200&ssl=1","width":350,"height":200},"classes":[]},{"id":1849,"url":"https:\/\/fliegerblog.rjs.de\/?p=1849","url_meta":{"origin":657,"position":2},"title":"Erstmals in Boos geflogen","date":"September 2, 2021","format":false,"excerpt":"Seit etwa Mai habe ich eine Jahreskarte f\u00fcr 5 H\u00e4nge in der Gegend von Bad Kreuznach, aber ausser in Auen bin ich bisher nach der Einweisung noch nicht dahin gekommen. Da wir leider an einigen meiner Stammh\u00e4nge Stress haben bzw. die im Moment gar nicht genutzt werden k\u00f6nnen, will ich\u2026","rel":"","context":"\u00c4hnlicher Beitrag","img":{"alt_text":"","src":"https:\/\/i0.wp.com\/1.bp.blogspot.com\/-RKydpWKO75k\/YTD3P_bimaI\/AAAAAAAAGS0\/MxI4CVe2INQkUxcJxZKpiOuJOKxQx2CYgCLcBGAsYHQ\/w400-h300\/GOPR9773.JPG?resize=350%2C200&ssl=1","width":350,"height":200},"classes":[]},{"id":907,"url":"https:\/\/fliegerblog.rjs.de\/?p=907","url_meta":{"origin":657,"position":3},"title":"Gegrounded und cheated","date":"April 5, 2015","format":false,"excerpt":"Letzte Woche war ich mit der Familie in Norderney zum Urlaub. Das habe ich zum Anlass genommen, um den dringend notwendigen Check meiner Wildcat machen zu lassen. Die vergangene Woche h\u00e4tte ich den Schirm sowieso nicht nutzen k\u00f6nnen. Der Nachteil ist aber, dass ich das gesamte Osterwochenende ohne Schirm bin,\u2026","rel":"","context":"In &quot;Allgemein&quot;","img":{"alt_text":"","src":"","width":0,"height":0},"classes":[]},{"id":784,"url":"https:\/\/fliegerblog.rjs.de\/?p=784","url_meta":{"origin":657,"position":4},"title":"Pfingsten, gute Bedinungen und kaum jemand in Eschbach","date":"Juni 7, 2014","format":false,"excerpt":"Das war heute recht seltsam. Normalerweise ist es an einem Wochenend- oder Feiertag in Eschbach extrem voll, wenn die Bedingungen einen Flugtag versprechen. Heute war es aber leerer als an einem normalen Arbeitstag. Nach den Prognosen schien mir der Wind nur Vormittags bis vielleicht 13:00 Uhr von der Richtung zu\u2026","rel":"","context":"In &quot;Allgemein&quot;","img":{"alt_text":"","src":"https:\/\/i0.wp.com\/2.bp.blogspot.com\/-cLihO-L1IP8\/U9_Rzez_TkI\/AAAAAAAAB4g\/8vgfNOD3wzY\/s1600\/P1010234.JPG?resize=350%2C200","width":350,"height":200},"classes":[]},{"id":1748,"url":"https:\/\/fliegerblog.rjs.de\/?p=1748","url_meta":{"origin":657,"position":5},"title":"Wandertag","date":"Oktober 11, 2020","format":false,"excerpt":"Jetzt habe ich es doch noch ein zweites Mal diese Saison zum Schleppen nach Wallertheim zur Windenschleppgemeinschaft RheinHessen geschafft. Und vielleicht geht es dieses Jahr nochmal. Wobei es heute knapp war. Um 9:00 Uhr heute morgen war noch keine Ank\u00fcndigung zu sehen, dass\u00a0 geschleppt werden sollte. Ich hatte schon mehr\u2026","rel":"","context":"\u00c4hnlicher Beitrag","img":{"alt_text":"","src":"","width":0,"height":0},"classes":[]}],"_links":{"self":[{"href":"https:\/\/fliegerblog.rjs.de\/index.php?rest_route=\/wp\/v2\/posts\/657","targetHints":{"allow":["GET"]}}],"collection":[{"href":"https:\/\/fliegerblog.rjs.de\/index.php?rest_route=\/wp\/v2\/posts"}],"about":[{"href":"https:\/\/fliegerblog.rjs.de\/index.php?rest_route=\/wp\/v2\/types\/post"}],"author":[{"embeddable":true,"href":"https:\/\/fliegerblog.rjs.de\/index.php?rest_route=\/wp\/v2\/users\/1"}],"replies":[{"embeddable":true,"href":"https:\/\/fliegerblog.rjs.de\/index.php?rest_route=%2Fwp%2Fv2%2Fcomments&post=657"}],"version-history":[{"count":0,"href":"https:\/\/fliegerblog.rjs.de\/index.php?rest_route=\/wp\/v2\/posts\/657\/revisions"}],"wp:attachment":[{"href":"https:\/\/fliegerblog.rjs.de\/index.php?rest_route=%2Fwp%2Fv2%2Fmedia&parent=657"}],"wp:term":[{"taxonomy":"category","embeddable":true,"href":"https:\/\/fliegerblog.rjs.de\/index.php?rest_route=%2Fwp%2Fv2%2Fcategories&post=657"},{"taxonomy":"post_tag","embeddable":true,"href":"https:\/\/fliegerblog.rjs.de\/index.php?rest_route=%2Fwp%2Fv2%2Ftags&post=657"}],"curies":[{"name":"wp","href":"https:\/\/api.w.org\/{rel}","templated":true}]}}