{"id":65,"date":"2007-12-22T16:32:00","date_gmt":"2007-12-22T16:32:00","guid":{"rendered":"http:\/\/www.rjs.de\/fliegerblog\/?p=65"},"modified":"2007-12-22T16:32:00","modified_gmt":"2007-12-22T16:32:00","slug":"uber-dem-nebel","status":"publish","type":"post","link":"https:\/\/fliegerblog.rjs.de\/?p=65","title":{"rendered":"\u00dcber dem Nebel"},"content":{"rendered":"<p>Heute war eine richtige Winter-Inversionswetterlage. Im Tal dickste Suppe und auf den H\u00f6hen strahlender Sonnenschein. Wasserkuppe w\u00e4re heute eine gute Wahl gewesen, denke ich. Hatte aber zuviel zu tun, um den ganzen Tag abzuhauen. Wir waren dann mit 6 &#8211; 7 Leuten zumindest f\u00fcr 2 Stunden in Reichenbach. Zwar so gut wie kein Wind, aber Abgleiter gingen und wir waren der Nebelsuppe in den T\u00e4lern Richtung 7 Sonnen und guter frischer Luft entfleucht.<\/p>\n<div class=\"blogger-post-footer\"><script type=\"text\/javascript\"><!--\ngoogle_ad_client = \"pub-4702984279656494\";\ngoogle_ad_width = 468;\ngoogle_ad_height = 60;\ngoogle_ad_format = \"468x60_as_rimg\";\ngoogle_cpa_choice = \"CAAQlNHphwIaCFxy_-mnISvEKNDv6n4\";\ngoogle_ad_channel = \"0174140724\";\n\/\/--><\/script><br \/>\n<script type=\"text\/javascript\" src=\"http:\/\/pagead2.googlesyndication.com\/pagead\/show_ads.js\">\n<\/script><\/div>\n","protected":false},"excerpt":{"rendered":"<p>Heute war eine richtige Winter-Inversionswetterlage. Im Tal dickste Suppe und auf den H\u00f6hen strahlender Sonnenschein. Wasserkuppe w\u00e4re heute eine gute Wahl gewesen, denke ich. Hatte aber zuviel zu tun, um den ganzen Tag abzuhauen. Wir waren dann mit 6 &#8211; 7 Leuten zumindest f\u00fcr 2 Stunden in Reichenbach. Zwar so gut wie kein Wind, aber &hellip; <a href=\"https:\/\/fliegerblog.rjs.de\/?p=65\" class=\"more-link\"><span class=\"screen-reader-text\">\u201e\u00dcber dem Nebel\u201c<\/span> weiterlesen<\/a><\/p>\n","protected":false},"author":1,"featured_media":0,"comment_status":"open","ping_status":"open","sticky":false,"template":"","format":"standard","meta":{"jetpack_post_was_ever_published":false,"footnotes":"","jetpack_publicize_message":"","jetpack_is_tweetstorm":false,"jetpack_publicize_feature_enabled":true,"jetpack_social_options":[]},"categories":[2],"tags":[],"class_list":["post-65","post","type-post","status-publish","format-standard","hentry","category-allgemein"],"jetpack_publicize_connections":[],"jetpack_featured_media_url":"","jetpack_shortlink":"https:\/\/wp.me\/p788kK-13","jetpack-related-posts":[{"id":1551,"url":"https:\/\/fliegerblog.rjs.de\/?p=1551","url_meta":{"origin":65,"position":0},"title":"Heute mal 15 Grad+","date":"Februar 16, 2019","format":false,"excerpt":"Nachdem ich gestern f\u00fcr den Tripp auf die Waku doch ein paar Kilometer runtergeschrubbt und zudem wegen dem super Wetter einen riesigen Andrang (Flieger, aber auch Touris und Skifahrer) erwartet hatte, wollte ich heute in der N\u00e4he bleiben und eine eher ruhige Location nutzen. Ich musste sowieso in den Taunus\u2026","rel":"","context":"\u00c4hnlicher Beitrag","img":{"alt_text":"","src":"https:\/\/i0.wp.com\/3.bp.blogspot.com\/-Ng2SIIPdG70\/XGhrOzAh5BI\/AAAAAAAAEbg\/cFPfGhTGM5glfQ8OqqAlNWwXEsLjAnQFACLcBGAs\/s320\/GOPR6004.JPG?resize=350%2C200&ssl=1","width":350,"height":200},"classes":[]},{"id":207,"url":"https:\/\/fliegerblog.rjs.de\/?p=207","url_meta":{"origin":65,"position":1},"title":"Neues Schleppgel\u00e4nde im Verein","date":"August 15, 2009","format":false,"excerpt":"Seit heute steht f\u00fcr unseren Verein ein neues Schleppgel\u00e4nde zur Verf\u00fcgung. In Lorch-Espenschied oberhalb des Wispertals. Ein sehr sch\u00f6n gelegenes Gel\u00e4nde und da der Eigent\u00fcmer gerade frisch in unseren Verein eingetreten und heute auch mitgefolgen ist, sollten wir in Zukunft das Gel\u00e4nde gut nutzen k\u00f6nnen. Auch an Wochenenden, an denen\u2026","rel":"","context":"In &quot;Allgemein&quot;","img":{"alt_text":"","src":"","width":0,"height":0},"classes":[]},{"id":352,"url":"https:\/\/fliegerblog.rjs.de\/?p=352","url_meta":{"origin":65,"position":2},"title":"Hei\u00dfe Sache","date":"Juli 2, 2010","format":false,"excerpt":"Z.Z. \u00fcberflutet eine Hitzewelle Deutschland. 34 Grad waren es heute. Das und die Fu\u00dfball-WM waren wohl der Grund, dass in Laufenselden so ab 15:00 Uhr nur 4 Flieger zum Schleppen da waren. Schade, denn damit gehen die Argumente aus, wenn wir wieder auf neue Schlepptermine dringen. Auf dem Flugplatz war\u2026","rel":"","context":"In &quot;Allgemein&quot;","img":{"alt_text":"","src":"","width":0,"height":0},"classes":[]},{"id":1228,"url":"https:\/\/fliegerblog.rjs.de\/?p=1228","url_meta":{"origin":65,"position":3},"title":"Und nochmal am MFK","date":"M\u00e4rz 15, 2017","format":false,"excerpt":"Wir waren heute gleich nochmal am MFK aufgeschlagen. Aber au\u00dfer mir eine andere Besetzung wie am letzten Freitag. Aber die Bedingungen waren fast gleich. Sch\u00f6ne Sonne, aber etwas zu wenig Wind. Abgleiter gingen gut, aber richtig halten ging leider nicht. Au\u00dfer bei einem Flug kurz vor 15:00 Uhr. Da wollte\u2026","rel":"","context":"\u00c4hnlicher Beitrag","img":{"alt_text":"","src":"https:\/\/i0.wp.com\/1.bp.blogspot.com\/-StRVo_sO2a8\/WMl0zaPbB0I\/AAAAAAAADTU\/epCcC1WcKXQvU-UaXNDRcq5gv-u4vFBtQCLcB\/s320\/GOPR1118.JPG?resize=350%2C200&ssl=1","width":350,"height":200},"classes":[]},{"id":1225,"url":"https:\/\/fliegerblog.rjs.de\/?p=1225","url_meta":{"origin":65,"position":4},"title":"Eine erste Idee von Fr\u00fchling","date":"M\u00e4rz 10, 2017","format":false,"excerpt":"So ganz langsam l\u00e4sst sich Fr\u00fchling erahnen. Es wurde die letzten Tage immer w\u00e4rmer und heute kam noch sch\u00f6ne Sonne raus. Nachdem dazu noch Wind aus Nordwest angesagt war, bin ich mal wieder an den MFK. Die Prognosen sahen vor allen Dingen f\u00fcr Vormittag ganz gut aus. Aber gegen Nachmittag\u2026","rel":"","context":"\u00c4hnlicher Beitrag","img":{"alt_text":"","src":"https:\/\/i0.wp.com\/1.bp.blogspot.com\/-ulpCNEljXTs\/WMLqr-MNJ3I\/AAAAAAAADS0\/trwF7pRe1NsL0xMsk52iefvpg8OsFdsZACLcB\/s320\/GOPR0866.JPG?resize=350%2C200&ssl=1","width":350,"height":200},"classes":[]},{"id":542,"url":"https:\/\/fliegerblog.rjs.de\/?p=542","url_meta":{"origin":65,"position":5},"title":"Gleich nochmal","date":"M\u00e4rz 28, 2012","format":false,"excerpt":"Nachdem das gestern gegen Abend so gut am MFK ging und f\u00fcr heute \u00e4hnliche Bedingungen angek\u00fcndigt waren, bin ich gleich nochmal hin. Sowohl die sch\u00f6ne Sonne als auch meine relativ viele freie Zeit gehen am Donnerstag zuende (muss wieder einige Vorlesungen an der Hochschule Rhein-Main halten) und das wollte ich\u2026","rel":"","context":"In &quot;Allgemein&quot;","img":{"alt_text":"","src":"","width":0,"height":0},"classes":[]}],"_links":{"self":[{"href":"https:\/\/fliegerblog.rjs.de\/index.php?rest_route=\/wp\/v2\/posts\/65","targetHints":{"allow":["GET"]}}],"collection":[{"href":"https:\/\/fliegerblog.rjs.de\/index.php?rest_route=\/wp\/v2\/posts"}],"about":[{"href":"https:\/\/fliegerblog.rjs.de\/index.php?rest_route=\/wp\/v2\/types\/post"}],"author":[{"embeddable":true,"href":"https:\/\/fliegerblog.rjs.de\/index.php?rest_route=\/wp\/v2\/users\/1"}],"replies":[{"embeddable":true,"href":"https:\/\/fliegerblog.rjs.de\/index.php?rest_route=%2Fwp%2Fv2%2Fcomments&post=65"}],"version-history":[{"count":0,"href":"https:\/\/fliegerblog.rjs.de\/index.php?rest_route=\/wp\/v2\/posts\/65\/revisions"}],"wp:attachment":[{"href":"https:\/\/fliegerblog.rjs.de\/index.php?rest_route=%2Fwp%2Fv2%2Fmedia&parent=65"}],"wp:term":[{"taxonomy":"category","embeddable":true,"href":"https:\/\/fliegerblog.rjs.de\/index.php?rest_route=%2Fwp%2Fv2%2Fcategories&post=65"},{"taxonomy":"post_tag","embeddable":true,"href":"https:\/\/fliegerblog.rjs.de\/index.php?rest_route=%2Fwp%2Fv2%2Ftags&post=65"}],"curies":[{"name":"wp","href":"https:\/\/api.w.org\/{rel}","templated":true}]}}