{"id":616,"date":"2013-02-09T17:16:19","date_gmt":"2013-02-09T16:16:19","guid":{"rendered":"http:\/\/www.rjs.de\/fliegerblog\/?p=616"},"modified":"2013-02-09T17:16:19","modified_gmt":"2013-02-09T16:16:19","slug":"nur-noch-forderndes-mitglied","status":"publish","type":"post","link":"https:\/\/fliegerblog.rjs.de\/?p=616","title":{"rendered":"Nur noch f\u00f6rderndes Mitglied"},"content":{"rendered":"<p>So komme ich mir bald vor. Nix ist es im Moment mit Fliegen. Gibt zwar ein paar Aktivit\u00e4ten rund um das luftige Hobby (wollen eine Windmessstation in Reichenbach einrichten und meine Rettung ist wieder zur\u00fcck und wieder eingebaut), aber in die Luft geht es einfach nicht. W\u00e4re auch schwer, denn mein Schirm hat &#8211; wie bef\u00fcrchtet &#8211; den Check nicht bekommen. Von daher bin ich im Moment fl\u00fcgellos. Aber ein neue Schirm wird sofort auf der Matte liegen, sobald das Wetter Richtung fliegbar tendiert.<\/p>\n","protected":false},"excerpt":{"rendered":"<p>So komme ich mir bald vor. Nix ist es im Moment mit Fliegen. Gibt zwar ein paar Aktivit\u00e4ten rund um das luftige Hobby (wollen eine Windmessstation in Reichenbach einrichten und meine Rettung ist wieder zur\u00fcck und wieder eingebaut), aber in die Luft geht es einfach nicht. W\u00e4re auch schwer, denn mein Schirm hat &#8211; wie &hellip; <a href=\"https:\/\/fliegerblog.rjs.de\/?p=616\" class=\"more-link\"><span class=\"screen-reader-text\">\u201eNur noch f\u00f6rderndes Mitglied\u201c<\/span> weiterlesen<\/a><\/p>\n","protected":false},"author":1,"featured_media":0,"comment_status":"open","ping_status":"open","sticky":false,"template":"","format":"standard","meta":{"jetpack_post_was_ever_published":false,"footnotes":"","jetpack_publicize_message":"","jetpack_is_tweetstorm":false,"jetpack_publicize_feature_enabled":true,"jetpack_social_options":[]},"categories":[2],"tags":[],"class_list":["post-616","post","type-post","status-publish","format-standard","hentry","category-allgemein"],"jetpack_publicize_connections":[],"jetpack_featured_media_url":"","jetpack_shortlink":"https:\/\/wp.me\/p788kK-9W","jetpack-related-posts":[{"id":1405,"url":"https:\/\/fliegerblog.rjs.de\/?p=1405","url_meta":{"origin":616,"position":0},"title":"Ich bin der Neue","date":"M\u00e4rz 30, 2018","format":false,"excerpt":"Meine Wildcat hat es leider nicht \u00fcber den Check geschafft. Die Luftdurchl\u00e4ssigkeit vom Untersegel (!) war zu schlecht, wobei zum Groundhandlen und f\u00fcr das Fliegen am Strand\/der D\u00fcne (falls es endlich mal wieder klappen sollte) sollte die Wildkatze sich noch eignen. Aber das Aus kommt nicht wirklich \u00fcberraschend und ich\u2026","rel":"","context":"\u00c4hnlicher Beitrag","img":{"alt_text":"","src":"https:\/\/i0.wp.com\/3.bp.blogspot.com\/-Lm-jatyAp-Q\/Wr4mvc_tWDI\/AAAAAAAADyY\/Jaa4Nfny5MITlf6-ZDzIKW9taCZWr5t6QCLcBGAs\/s640\/GOPR9052.JPG?resize=350%2C200&ssl=1","width":350,"height":200},"classes":[]},{"id":10,"url":"https:\/\/fliegerblog.rjs.de\/?p=10","url_meta":{"origin":616,"position":1},"title":"Mein neuer Schirm ist da","date":"Januar 10, 2009","format":false,"excerpt":"Ich habe gestern abend meinen neuen Schirm abgeholt. Ging jetzt doch alles ganz schnell, aber ohne Check will ich mit meinem alten Schirm (der mittlerweile auch wieder da ist) nat\u00fcrlich nichts mehr machen. Und eine \u00dcberarbeitung lohnt sich f\u00fcr mich nicht, da ich dieses Jahr sowieso auf einen dynamischeren Schirm\u2026","rel":"","context":"In &quot;Allgemein&quot;","img":{"alt_text":"","src":"","width":0,"height":0},"classes":[]},{"id":907,"url":"https:\/\/fliegerblog.rjs.de\/?p=907","url_meta":{"origin":616,"position":2},"title":"Gegrounded und cheated","date":"April 5, 2015","format":false,"excerpt":"Letzte Woche war ich mit der Familie in Norderney zum Urlaub. Das habe ich zum Anlass genommen, um den dringend notwendigen Check meiner Wildcat machen zu lassen. Die vergangene Woche h\u00e4tte ich den Schirm sowieso nicht nutzen k\u00f6nnen. Der Nachteil ist aber, dass ich das gesamte Osterwochenende ohne Schirm bin,\u2026","rel":"","context":"In &quot;Allgemein&quot;","img":{"alt_text":"","src":"","width":0,"height":0},"classes":[]},{"id":1300,"url":"https:\/\/fliegerblog.rjs.de\/?p=1300","url_meta":{"origin":616,"position":3},"title":"Endlich mal wieder Hanglage","date":"August 14, 2017","format":false,"excerpt":"Ich fliege definitiv lieber am Hang als an der Winde. Aber die letzte Zeit kam ich kaum dazu. Zwar hatte ich mehrere Windentage und das war auch sch\u00f6n. Aber ..das Soaren am Hang ging mir ein paar Wochen schon ab. Heute war es aber wieder soweit. SO-Wind, Sonne und Zeit.\u2026","rel":"","context":"\u00c4hnlicher Beitrag","img":{"alt_text":"","src":"https:\/\/i0.wp.com\/2.bp.blogspot.com\/-pbs9h4i814Q\/WZKPJnKXC3I\/AAAAAAAADgk\/wAFAe1_5sYwRoyogFqnTm1Gt58nofEcZgCLcBGAs\/s640\/IMG-20170814-WA0000.jpg?resize=350%2C200&ssl=1","width":350,"height":200},"classes":[]},{"id":1911,"url":"https:\/\/fliegerblog.rjs.de\/?p=1911","url_meta":{"origin":616,"position":4},"title":"Alles neu, macht der &#8230; M\u00e4rz. Er\u00f6ffnung Windensaison 2022","date":"M\u00e4rz 27, 2022","format":false,"excerpt":"Heute habe ich f\u00fcr mich die Windensaision 2022 in Singhofen er\u00f6ffnet. Allerdings unter etwas ungew\u00f6hnlichen Umst\u00e4nden. Denn ich hatte sowohl einen neuen Schirm, aber auch eine neue Kamera und auch ein neues Auto dabei. Sogar eine neue \"Action\"-Hose, die ich mir auf Wunsch meiner Kidds (da 3 St\u00fcck Rabatt bedeutet\u2026","rel":"","context":"\u00c4hnlicher Beitrag","img":{"alt_text":"","src":"https:\/\/i0.wp.com\/blogger.googleusercontent.com\/img\/b\/R29vZ2xl\/AVvXsEi864OWRj-ZZ5yDK107RTv7R-X7EvhttzNKdecKQghEYUnf3hGOSBVFBEfzvYW8-AMQz88I5doVnDx1EsrakiPCOovnf2ibtjB7QOpCZBMiwzShdSfmzk1GDkA8JuFoBZW85_9g8CaNnG-A-8slcRT4wcIdWkDCGgC1YvyDXUuQYZ9IpKSJh4vF5O_Fmg\/s320\/SING0002.JPG?resize=350%2C200&ssl=1","width":350,"height":200},"classes":[]},{"id":614,"url":"https:\/\/fliegerblog.rjs.de\/?p=614","url_meta":{"origin":616,"position":5},"title":"Pack &#038; Check","date":"Januar 23, 2013","format":false,"excerpt":"Das miese Flugwetter zieht sich hin :-(. Von daher sprechen zumindest keine zu erwartenden verpassten Fluggelegenheiten die n\u00e4chste Zeit gegen einen Schirmcheck, der mal wieder f\u00e4llig ist. Mein Instinct ist also zur 2-Jahres-Kontrolle auf dem Weg zu Icaro. Wobei ich nur begrenzt optimistich bin, ob er den Check schafft. Obwohl\u2026","rel":"","context":"In &quot;Allgemein&quot;","img":{"alt_text":"","src":"","width":0,"height":0},"classes":[]}],"_links":{"self":[{"href":"https:\/\/fliegerblog.rjs.de\/index.php?rest_route=\/wp\/v2\/posts\/616","targetHints":{"allow":["GET"]}}],"collection":[{"href":"https:\/\/fliegerblog.rjs.de\/index.php?rest_route=\/wp\/v2\/posts"}],"about":[{"href":"https:\/\/fliegerblog.rjs.de\/index.php?rest_route=\/wp\/v2\/types\/post"}],"author":[{"embeddable":true,"href":"https:\/\/fliegerblog.rjs.de\/index.php?rest_route=\/wp\/v2\/users\/1"}],"replies":[{"embeddable":true,"href":"https:\/\/fliegerblog.rjs.de\/index.php?rest_route=%2Fwp%2Fv2%2Fcomments&post=616"}],"version-history":[{"count":0,"href":"https:\/\/fliegerblog.rjs.de\/index.php?rest_route=\/wp\/v2\/posts\/616\/revisions"}],"wp:attachment":[{"href":"https:\/\/fliegerblog.rjs.de\/index.php?rest_route=%2Fwp%2Fv2%2Fmedia&parent=616"}],"wp:term":[{"taxonomy":"category","embeddable":true,"href":"https:\/\/fliegerblog.rjs.de\/index.php?rest_route=%2Fwp%2Fv2%2Fcategories&post=616"},{"taxonomy":"post_tag","embeddable":true,"href":"https:\/\/fliegerblog.rjs.de\/index.php?rest_route=%2Fwp%2Fv2%2Ftags&post=616"}],"curies":[{"name":"wp","href":"https:\/\/api.w.org\/{rel}","templated":true}]}}