{"id":60,"date":"2008-01-30T12:38:00","date_gmt":"2008-01-30T12:38:00","guid":{"rendered":"http:\/\/www.rjs.de\/fliegerblog\/?p=60"},"modified":"2008-01-30T12:38:00","modified_gmt":"2008-01-30T12:38:00","slug":"schirm-fur-nix-nass","status":"publish","type":"post","link":"https:\/\/fliegerblog.rjs.de\/?p=60","title":{"rendered":"Schirm f\u00fcr nix nass"},"content":{"rendered":"<p>Waren heute vormittag in RB am Hang. War aber nix. Wind zu schwach und zudem war es feucht. Hab einen Start probiert, aber ohne gro\u00dfen Erfolg. Daf\u00fcr ist mein Schirm nass ;-(<\/p>\n<div class=\"blogger-post-footer\"><script type=\"text\/javascript\"><!--\ngoogle_ad_client = \"pub-4702984279656494\";\ngoogle_ad_width = 468;\ngoogle_ad_height = 60;\ngoogle_ad_format = \"468x60_as_rimg\";\ngoogle_cpa_choice = \"CAAQlNHphwIaCFxy_-mnISvEKNDv6n4\";\ngoogle_ad_channel = \"0174140724\";\n\/\/--><\/script><br \/>\n<script type=\"text\/javascript\" src=\"http:\/\/pagead2.googlesyndication.com\/pagead\/show_ads.js\">\n<\/script><\/div>\n","protected":false},"excerpt":{"rendered":"<p>Waren heute vormittag in RB am Hang. War aber nix. Wind zu schwach und zudem war es feucht. Hab einen Start probiert, aber ohne gro\u00dfen Erfolg. Daf\u00fcr ist mein Schirm nass ;-(<\/p>\n","protected":false},"author":1,"featured_media":0,"comment_status":"open","ping_status":"open","sticky":false,"template":"","format":"standard","meta":{"jetpack_post_was_ever_published":false,"footnotes":"","jetpack_publicize_message":"","jetpack_is_tweetstorm":false,"jetpack_publicize_feature_enabled":true,"jetpack_social_options":[]},"categories":[2],"tags":[],"class_list":["post-60","post","type-post","status-publish","format-standard","hentry","category-allgemein"],"jetpack_publicize_connections":[],"jetpack_featured_media_url":"","jetpack_shortlink":"https:\/\/wp.me\/p788kK-Y","jetpack-related-posts":[{"id":7,"url":"https:\/\/fliegerblog.rjs.de\/?p=7","url_meta":{"origin":60,"position":0},"title":"Endlich mal wieder Luft unterm Hintern","date":"Februar 5, 2009","format":false,"excerpt":"Man,das war heute eine schwere Geburt. Erst sah es nach halbwegs guten Bedingungen f\u00fcr unseren SW-Hang aus, dann nach zu viel Ost. Als der Wind dann doch mehr aus S kam und wir gegen 13:00 Uhr zum Hang los wollten, kam Regen. Erst nur leicht und wir wollten es trotzdem\u2026","rel":"","context":"In &quot;Allgemein&quot;","img":{"alt_text":"","src":"","width":0,"height":0},"classes":[]},{"id":12,"url":"https:\/\/fliegerblog.rjs.de\/?p=12","url_meta":{"origin":60,"position":1},"title":"So ein Sch.. &#8211; mein Schirm bekommt keinen Check","date":"Dezember 27, 2008","format":false,"excerpt":"Ich glaube es nicht - mein gerade mal 2 Jahre alter Bodyguard bekommt keinen Check mehr :-(. Hab heute einen Anruf bekommen, dass das Teil nix mehr taugt. Oder ich soviel Geld reinstecken m\u00fcsste, dass sich die Sache nicht mehr lohnt.Die Leinen sind zu lang und fertig und halten angeblich\u2026","rel":"","context":"In &quot;Allgemein&quot;","img":{"alt_text":"","src":"","width":0,"height":0},"classes":[]},{"id":645,"url":"https:\/\/fliegerblog.rjs.de\/?p=645","url_meta":{"origin":60,"position":2},"title":"Suboptimal","date":"Mai 9, 2013","format":false,"excerpt":"Ich k\u00f6nnte mich \u00e4rgern - gestern hatte ich Zeit und hab verpennt, dass es in Reichenbach zu Fliegen ging. Ein paar Flieger waren da wohl ganz nett geflogen. Heute bin ich aber hin, nur hat es bereits auf dem Weg geregnet. Von daher war es ziemlich nass am Hang. Dazu\u2026","rel":"","context":"In &quot;Allgemein&quot;","img":{"alt_text":"","src":"","width":0,"height":0},"classes":[]},{"id":68,"url":"https:\/\/fliegerblog.rjs.de\/?p=68","url_meta":{"origin":60,"position":3},"title":"Da schau an","date":"November 24, 2007","format":false,"excerpt":"Der November macht dieses Jahr seinem Ruf Ehre. Grau, kalt, nass. Nachdem ich gestern abend in str\u00f6mendem Regen aus Freiburg zur\u00fcckkam, wo ich ein paar Tage ohne Internet-Zugang gearbeitet hatte, war ich vollkommen au\u00dfen vor bzgl Wochenendplanung und Fliegen. Aber es hatte sowieso keiner den Ansporn was zu machen. Und\u2026","rel":"","context":"In &quot;Allgemein&quot;","img":{"alt_text":"","src":"","width":0,"height":0},"classes":[]},{"id":1022,"url":"https:\/\/fliegerblog.rjs.de\/?p=1022","url_meta":{"origin":60,"position":4},"title":"H\u00e4uptling Naz Arflu Egel","date":"Dezember 27, 2015","format":false,"excerpt":"In diesen Tagen wird der Schirm jedes Mal total nass, wenn man an den Hang geht. Auch wenn die Sonne durchkommt und der Hang eigentlich abgetrocknet sein m\u00fcsste. Ich war heute gegen 11:30 Uhr als Erster am Hang in Reichenbach und nach kurzer Zeit ist beim Fliegen bereits das Wasser\u2026","rel":"","context":"\u00c4hnlicher Beitrag","img":{"alt_text":"","src":"https:\/\/i0.wp.com\/3.bp.blogspot.com\/-mKd66gw3BD8\/VoAODTnqbCI\/AAAAAAAACyo\/KZH5n3itKrw\/s400\/IMG_20151227_132656.jpg?resize=350%2C200","width":350,"height":200},"classes":[]},{"id":1024,"url":"https:\/\/fliegerblog.rjs.de\/?p=1024","url_meta":{"origin":60,"position":5},"title":"Unspektakul\u00e4r","date":"Dezember 19, 2015","format":false,"excerpt":"H\u00e4tte heute ganz gut werden k\u00f6nnen, wenn die Sonne es geschafft h\u00e4tte. Es blieb aber \u00fcberwiegend diesig. Der Wind kam aus SW, war jedoch meist eher schwach. Von daher ging es heute in Reichenbach nur mittelm\u00e4\u00dfig. Wir waren kurz nach 11:00 Uhr am Hang und mit 4 Schirmen sind wir\u2026","rel":"","context":"\u00c4hnlicher Beitrag","img":{"alt_text":"","src":"","width":0,"height":0},"classes":[]}],"_links":{"self":[{"href":"https:\/\/fliegerblog.rjs.de\/index.php?rest_route=\/wp\/v2\/posts\/60","targetHints":{"allow":["GET"]}}],"collection":[{"href":"https:\/\/fliegerblog.rjs.de\/index.php?rest_route=\/wp\/v2\/posts"}],"about":[{"href":"https:\/\/fliegerblog.rjs.de\/index.php?rest_route=\/wp\/v2\/types\/post"}],"author":[{"embeddable":true,"href":"https:\/\/fliegerblog.rjs.de\/index.php?rest_route=\/wp\/v2\/users\/1"}],"replies":[{"embeddable":true,"href":"https:\/\/fliegerblog.rjs.de\/index.php?rest_route=%2Fwp%2Fv2%2Fcomments&post=60"}],"version-history":[{"count":0,"href":"https:\/\/fliegerblog.rjs.de\/index.php?rest_route=\/wp\/v2\/posts\/60\/revisions"}],"wp:attachment":[{"href":"https:\/\/fliegerblog.rjs.de\/index.php?rest_route=%2Fwp%2Fv2%2Fmedia&parent=60"}],"wp:term":[{"taxonomy":"category","embeddable":true,"href":"https:\/\/fliegerblog.rjs.de\/index.php?rest_route=%2Fwp%2Fv2%2Fcategories&post=60"},{"taxonomy":"post_tag","embeddable":true,"href":"https:\/\/fliegerblog.rjs.de\/index.php?rest_route=%2Fwp%2Fv2%2Ftags&post=60"}],"curies":[{"name":"wp","href":"https:\/\/api.w.org\/{rel}","templated":true}]}}