{"id":6,"date":"2009-02-08T20:37:00","date_gmt":"2009-02-08T20:37:00","guid":{"rendered":"http:\/\/www.rjs.de\/fliegerblog\/?p=6"},"modified":"2009-02-08T20:37:00","modified_gmt":"2009-02-08T20:37:00","slug":"erste-hohenfluge-des-jahres","status":"publish","type":"post","link":"https:\/\/fliegerblog.rjs.de\/?p=6","title":{"rendered":"Erste H\u00f6henfl\u00fcge des Jahres"},"content":{"rendered":"<p>Nachdem es f\u00fcr gestern in den Prognosen endlich wieder nach Nordwind ausgesehen hatte, war die Entt\u00e4uschung um so gr\u00f6\u00dfer als des den ganzen Tag geregnet hatte :-(.<br \/>Heute sah es daf\u00fcr eigentlich mau aus. Im Forum haben wir den ganzen Morgen diskutiert, was man denn bei dem angek\u00fcndigten Westwind machen k\u00f6nnte. Und die Stationen rund rum haben sich ziemlich wiedersprochen. Von NW bis SW alles drin. <br \/>Nach endlosen Diskussionen sind wir dann doch los und haben uns f\u00fcr Ramschied entschieden (Wispertal) Da geht es normalerweise nicht sonderlich gut, da ein Talkessel und ziemlich bockig bei zuviel Wind (ich selbst war erst einmal da und da sind wir nicht geflogen). Aber f\u00fcr andere L\u00f6sungen war es entweder zu sp\u00e4t oder aber die Prognose nicht passend.<\/p>\n<p>Und wieder einmal &#8211; endlos diskutieren und nix machen ist sch&#8230;<\/p>\n<p>Endlos diskutieren und dann was machen ist der Punkt.<\/p>\n<p>Es ging. Und zwar richtig gut. Kamen die ersten &#8222;H\u00f6henfl\u00fcge&#8220; des Jahres raus (ok &#8211; 100 H\u00f6henmeter sind kleine H\u00f6henfl\u00fcge &#8211; aber immerhin). 2 Mal bin ich ins Tal runter geflogen und noch 3 x oben an der Hecke. <\/p>\n<p>Das Gel\u00e4nde ich Ramschied ist richtig sch\u00f6n. Und abenteuerlich, denn man muss zum Starten \u00fcber ca 30 &#8211; 40 Meter B\u00fcsche und Hecken hinweg. Da gibt es nur Eins &#8211; von oben volle Kanne anlaufen und dann Augen zu und durch. Und hoffen, dass man bis zum Rand der Hecke genug Energie ins System gesteckt hat, dass man abhebt. Aber die Neigung des Gel\u00e4ndes nimmt im Bereich der Hecken zu und dementsprechend geht das ganz gut, wenn man eben volle Kanne darauf zu zieht.<\/p>\n<p>Insgesamt war es vom Wetter zwar lausig kalt und tr\u00fcbe, aber dennoch richtig goil.<br \/><div class=\"jetpack-video-wrapper\"><span class=\"embed-youtube\" style=\"text-align:center; display: block;\"><iframe loading=\"lazy\" class=\"youtube-player\" width=\"840\" height=\"473\" src=\"https:\/\/www.youtube.com\/embed\/2E1JDRzaVqk?version=3&#038;rel=1&#038;showsearch=0&#038;showinfo=1&#038;iv_load_policy=1&#038;fs=1&#038;hl=de-DE&#038;autohide=2&#038;wmode=transparent\" allowfullscreen=\"true\" style=\"border:0;\" sandbox=\"allow-scripts allow-same-origin allow-popups allow-presentation\"><\/iframe><\/span><\/div><\/p>\n<p>Was man sich merken sollte &#8211; in WI waren es zu unserer Flugzeit zwischen 7 &#8211; 9 Knoten West. Das hat hervorragend gepasst. Als der Wind dann auf SW gedreht hat, ging es wohl auch noch, aber ideal ist wohl reiner West.<\/p>\n<p>By the way: Auf den R\u00fcckweg bin ich zum Handballtunier meiner Jungs nach Wiesbaden und das erste Mal \u00fcber die Hohe Wurzel gefahren. Unglaublich. So oft wie ich rund um Wiesbaden unterwegs bin &#8211; die Stra\u00dfe habe ich noch nie genommen.<\/p>\n<div class=\"blogger-post-footer\"><script type=\"text\/javascript\"><!--\ngoogle_ad_client = \"pub-4702984279656494\";\ngoogle_ad_width = 468;\ngoogle_ad_height = 60;\ngoogle_ad_format = \"468x60_as_rimg\";\ngoogle_cpa_choice = \"CAAQlNHphwIaCFxy_-mnISvEKNDv6n4\";\ngoogle_ad_channel = \"0174140724\";\n\/\/--><\/script><br \/>\n<script type=\"text\/javascript\" src=\"http:\/\/pagead2.googlesyndication.com\/pagead\/show_ads.js\">\n<\/script><\/div>\n","protected":false},"excerpt":{"rendered":"<p>Nachdem es f\u00fcr gestern in den Prognosen endlich wieder nach Nordwind ausgesehen hatte, war die Entt\u00e4uschung um so gr\u00f6\u00dfer als des den ganzen Tag geregnet hatte :-(.Heute sah es daf\u00fcr eigentlich mau aus. Im Forum haben wir den ganzen Morgen diskutiert, was man denn bei dem angek\u00fcndigten Westwind machen k\u00f6nnte. Und die Stationen rund rum &hellip; <a href=\"https:\/\/fliegerblog.rjs.de\/?p=6\" class=\"more-link\"><span class=\"screen-reader-text\">\u201eErste H\u00f6henfl\u00fcge des Jahres\u201c<\/span> weiterlesen<\/a><\/p>\n","protected":false},"author":1,"featured_media":0,"comment_status":"open","ping_status":"open","sticky":false,"template":"","format":"standard","meta":{"jetpack_post_was_ever_published":false,"footnotes":"","jetpack_publicize_message":"","jetpack_is_tweetstorm":false,"jetpack_publicize_feature_enabled":true,"jetpack_social_options":[]},"categories":[2],"tags":[],"class_list":["post-6","post","type-post","status-publish","format-standard","hentry","category-allgemein"],"jetpack_publicize_connections":[],"jetpack_featured_media_url":"","jetpack_shortlink":"https:\/\/wp.me\/p788kK-6","jetpack-related-posts":[{"id":885,"url":"https:\/\/fliegerblog.rjs.de\/?p=885","url_meta":{"origin":6,"position":0},"title":"Winterfliegen in Duchroth","date":"Januar 21, 2015","format":false,"excerpt":"Das Wetter war heute ziemlich unfreundlich und kalt. Dazu noch reiner Ostwind. Da gibt es bei uns in der Gegend eigentlich keine vern\u00fcftige M\u00f6glichkeit zum Fliegen. Aber in der Ecke von Bingen - Bad Kreuznach daf\u00fcr umso mehr H\u00e4nge. Deshalb sind wir trotz des nasskalten Wetters gegen 11:00 Uhr mit\u2026","rel":"","context":"In &quot;Allgemein&quot;","img":{"alt_text":"","src":"","width":0,"height":0},"classes":[]},{"id":182,"url":"https:\/\/fliegerblog.rjs.de\/?p=182","url_meta":{"origin":6,"position":1},"title":"Unternberg","date":"Mai 23, 2009","format":false,"excerpt":"Seit Donnerstag ist in K\u00f6ssen das Super Paragliding Testival. M.a.W. - es sind hier zig Flieger und am K\u00f6ssener Hausberg - dem Underberghorn - ist es sauvoll in der Luft. Darauf hatten wir keinen Bock und wir sind am Donnerstag an den Underberg in Ruhpolding ausgewichen. Leider waren die Bedingungen\u2026","rel":"","context":"In &quot;Allgemein&quot;","img":{"alt_text":"","src":"","width":0,"height":0},"classes":[]},{"id":907,"url":"https:\/\/fliegerblog.rjs.de\/?p=907","url_meta":{"origin":6,"position":2},"title":"Gegrounded und cheated","date":"April 5, 2015","format":false,"excerpt":"Letzte Woche war ich mit der Familie in Norderney zum Urlaub. Das habe ich zum Anlass genommen, um den dringend notwendigen Check meiner Wildcat machen zu lassen. Die vergangene Woche h\u00e4tte ich den Schirm sowieso nicht nutzen k\u00f6nnen. Der Nachteil ist aber, dass ich das gesamte Osterwochenende ohne Schirm bin,\u2026","rel":"","context":"In &quot;Allgemein&quot;","img":{"alt_text":"","src":"","width":0,"height":0},"classes":[]},{"id":852,"url":"https:\/\/fliegerblog.rjs.de\/?p=852","url_meta":{"origin":6,"position":3},"title":"Wow","date":"Oktober 19, 2014","format":false,"excerpt":"Es sah heute nach einem supersonnigen Sonntag aus und da wollte ich unbedingt nochmal in die Luft. Die Prognosen haben S\u00fcdwind angesagt. So ganz schl\u00fcssig waren die Vorhersagen aber nicht, welche Unterrichtung es geben sollte. Ein Teil hat SW, ein Teil aber auch SO vorhergesagt. Ziemlich eindeutig aber allerdings, dass\u2026","rel":"","context":"In &quot;Allgemein&quot;","img":{"alt_text":"","src":"","width":0,"height":0},"classes":[]},{"id":1849,"url":"https:\/\/fliegerblog.rjs.de\/?p=1849","url_meta":{"origin":6,"position":4},"title":"Erstmals in Boos geflogen","date":"September 2, 2021","format":false,"excerpt":"Seit etwa Mai habe ich eine Jahreskarte f\u00fcr 5 H\u00e4nge in der Gegend von Bad Kreuznach, aber ausser in Auen bin ich bisher nach der Einweisung noch nicht dahin gekommen. Da wir leider an einigen meiner Stammh\u00e4nge Stress haben bzw. die im Moment gar nicht genutzt werden k\u00f6nnen, will ich\u2026","rel":"","context":"\u00c4hnlicher Beitrag","img":{"alt_text":"","src":"https:\/\/i0.wp.com\/1.bp.blogspot.com\/-RKydpWKO75k\/YTD3P_bimaI\/AAAAAAAAGS0\/MxI4CVe2INQkUxcJxZKpiOuJOKxQx2CYgCLcBGAsYHQ\/w400-h300\/GOPR9773.JPG?resize=350%2C200&ssl=1","width":350,"height":200},"classes":[]},{"id":398,"url":"https:\/\/fliegerblog.rjs.de\/?p=398","url_meta":{"origin":6,"position":5},"title":"Erst lange diskutiert, das lange gewartet und dann doch geflogen","date":"Februar 6, 2011","format":false,"excerpt":"Die ganze Woche stand das Wochenende als Option f\u00fcr Fliegen in Reichenbach im Raum. Letztendlich waren die Bedingungen aber bis heute nicht geeignet. Und auch heute war lange offen, ob es sich lohnt. Am Vormittag waren mir die Bedingungen zu heftig und nach R\u00fcckmeldungen von ein paar wenigen, die am\u2026","rel":"","context":"In &quot;Allgemein&quot;","img":{"alt_text":"","src":"","width":0,"height":0},"classes":[]}],"_links":{"self":[{"href":"https:\/\/fliegerblog.rjs.de\/index.php?rest_route=\/wp\/v2\/posts\/6","targetHints":{"allow":["GET"]}}],"collection":[{"href":"https:\/\/fliegerblog.rjs.de\/index.php?rest_route=\/wp\/v2\/posts"}],"about":[{"href":"https:\/\/fliegerblog.rjs.de\/index.php?rest_route=\/wp\/v2\/types\/post"}],"author":[{"embeddable":true,"href":"https:\/\/fliegerblog.rjs.de\/index.php?rest_route=\/wp\/v2\/users\/1"}],"replies":[{"embeddable":true,"href":"https:\/\/fliegerblog.rjs.de\/index.php?rest_route=%2Fwp%2Fv2%2Fcomments&post=6"}],"version-history":[{"count":0,"href":"https:\/\/fliegerblog.rjs.de\/index.php?rest_route=\/wp\/v2\/posts\/6\/revisions"}],"wp:attachment":[{"href":"https:\/\/fliegerblog.rjs.de\/index.php?rest_route=%2Fwp%2Fv2%2Fmedia&parent=6"}],"wp:term":[{"taxonomy":"category","embeddable":true,"href":"https:\/\/fliegerblog.rjs.de\/index.php?rest_route=%2Fwp%2Fv2%2Fcategories&post=6"},{"taxonomy":"post_tag","embeddable":true,"href":"https:\/\/fliegerblog.rjs.de\/index.php?rest_route=%2Fwp%2Fv2%2Ftags&post=6"}],"curies":[{"name":"wp","href":"https:\/\/api.w.org\/{rel}","templated":true}]}}