{"id":56,"date":"2008-02-28T17:02:00","date_gmt":"2008-02-28T17:02:00","guid":{"rendered":"http:\/\/www.rjs.de\/fliegerblog\/?p=56"},"modified":"2008-02-28T17:02:00","modified_gmt":"2008-02-28T17:02:00","slug":"mir-fehlen-die-worte","status":"publish","type":"post","link":"https:\/\/fliegerblog.rjs.de\/?p=56","title":{"rendered":"Mir fehlen die Worte"},"content":{"rendered":"<p>Nach dem Motto &#8222;Man muss die Feste fallen, wie sie feiern&#8220; oder so \u00e4hnlich \ud83d\ude09 sind Richard (samt Sohn) und ich heute um 13:00 Uhr nochmal nach Reichenbach. Sah nach Sonne und moderatem Wind aus SW aus. Und da f\u00fcr die n\u00e4chsten Tage nur Regen und Sturm prognostiziert sind, habe ich mir heute einfach Zeit genommen. War am Wochenende so gut, dass ich auch f\u00fcr heute halbwegs brauchbare Fl\u00fcge erwartet habe. <\/p>\n<p>Am Hang war leider nur wenig Wind und die ersten Fl\u00fcge waren mittelm\u00e4\u00dfige Abgleiter. Nicht schlecht, aber nach dem letzten Wochenende fand ich es etwas entt\u00e4uschend. Aber was solls &#8211; Sonne und besser wie nix.<br \/><a onblur=\"try {parent.deselectBloggerImageGracefully();} catch(e) {}\" href=\"https:\/\/i0.wp.com\/bp1.blogger.com\/_lY4VOIwoBZk\/R8cjN9RxWBI\/AAAAAAAAADk\/y8KUWpnl9z0\/s1600-h\/Ralph01.jpg\"><img decoding=\"async\" style=\"float:left; margin:0 10px 10px 0;cursor:pointer; cursor:hand;\" src=\"https:\/\/i0.wp.com\/bp1.blogger.com\/_lY4VOIwoBZk\/R8cjN9RxWBI\/AAAAAAAAADk\/y8KUWpnl9z0\/s200\/Ralph01.jpg?w=840\" border=\"0\" alt=\"\" id=\"BLOGGER_PHOTO_ID_5172141419752675346\" data-recalc-dims=\"1\" \/><\/a><br \/><a onblur=\"try {parent.deselectBloggerImageGracefully();} catch(e) {}\" href=\"https:\/\/i0.wp.com\/bp2.blogger.com\/_lY4VOIwoBZk\/R8cjONRxWCI\/AAAAAAAAADs\/GA_gI9xy6iA\/s1600-h\/Ralph02.jpg\"><img decoding=\"async\" style=\"float:left; margin:0 10px 10px 0;cursor:pointer; cursor:hand;\" src=\"https:\/\/i0.wp.com\/bp2.blogger.com\/_lY4VOIwoBZk\/R8cjONRxWCI\/AAAAAAAAADs\/GA_gI9xy6iA\/s200\/Ralph02.jpg?w=840\" border=\"0\" alt=\"\" id=\"BLOGGER_PHOTO_ID_5172141424047642658\" data-recalc-dims=\"1\" \/><\/a><br \/><a onblur=\"try {parent.deselectBloggerImageGracefully();} catch(e) {}\" href=\"https:\/\/i0.wp.com\/bp3.blogger.com\/_lY4VOIwoBZk\/R8cjOdRxWDI\/AAAAAAAAAD0\/-Hl6VFI95oE\/s1600-h\/Ralph03.jpg\"><img decoding=\"async\" style=\"float:left; margin:0 10px 10px 0;cursor:pointer; cursor:hand;\" src=\"https:\/\/i0.wp.com\/bp3.blogger.com\/_lY4VOIwoBZk\/R8cjOdRxWDI\/AAAAAAAAAD0\/-Hl6VFI95oE\/s200\/Ralph03.jpg?w=840\" border=\"0\" alt=\"\" id=\"BLOGGER_PHOTO_ID_5172141428342609970\" data-recalc-dims=\"1\" \/><\/a><\/p>\n<p>Und dann das! Ich habe keine Ahnung, was genau passiert ist. Vermutlich kam eine Thermikblase den Hang hochgeglitten und ich bin hinein gestartet. Dabei muss ich sie abgel\u00f6st haben. Es ging einfach nur aufw\u00e4rts. Ich dachte nach dem letzten Wochenende, ich k\u00f6nnte meinen Topflug von Samstag an dem Hang nie mehr wiederholen. Doppelt so hoch \ud83d\ude09 war der Flug heute, denke ich! Ich hatte (nat\u00fcrlich &#8211; wer braucht an dem Hang schon so was &#8211; ha) kein Vario dabei. Aber ich sch\u00e4tze, ich war zwischen 50 &#8211; 100 Meter \u00fcber Start. Und zig mal in der H\u00f6he rumgesoart. Ich hatte sogar kurzzeitig mit dem Gedanken gespielt zur Tenne (ein H\u00fcgel in der N\u00e4he) zu fliegen. Das h\u00e4tte ich wahrscheinlich sogar geschafft. Aber ich habe 0 Erfahrung mit auf Strecke gehen und h\u00e4tte ja auch wieder zur\u00fcckkommen m\u00fcssen. So bin ich halt da geblieben und hab mich gefreut. Auch wenn das subjektive Gef\u00fchl extrem tr\u00fcgerisch ist &#8211; so zwischen 5 bis 10 Minuten sollte ich oben geblieben sein.<br \/>Und auch danach ging es teilweise immer noch recht brauchbar bis etwa 15:45 Uhr<\/p>\n<div class=\"blogger-post-footer\"><script type=\"text\/javascript\"><!--\ngoogle_ad_client = \"pub-4702984279656494\";\ngoogle_ad_width = 468;\ngoogle_ad_height = 60;\ngoogle_ad_format = \"468x60_as_rimg\";\ngoogle_cpa_choice = \"CAAQlNHphwIaCFxy_-mnISvEKNDv6n4\";\ngoogle_ad_channel = \"0174140724\";\n\/\/--><\/script><br \/>\n<script type=\"text\/javascript\" src=\"http:\/\/pagead2.googlesyndication.com\/pagead\/show_ads.js\">\n<\/script><\/div>\n","protected":false},"excerpt":{"rendered":"<p>Nach dem Motto &#8222;Man muss die Feste fallen, wie sie feiern&#8220; oder so \u00e4hnlich \ud83d\ude09 sind Richard (samt Sohn) und ich heute um 13:00 Uhr nochmal nach Reichenbach. Sah nach Sonne und moderatem Wind aus SW aus. Und da f\u00fcr die n\u00e4chsten Tage nur Regen und Sturm prognostiziert sind, habe ich mir heute einfach Zeit &hellip; <a href=\"https:\/\/fliegerblog.rjs.de\/?p=56\" class=\"more-link\"><span class=\"screen-reader-text\">\u201eMir fehlen die Worte\u201c<\/span> weiterlesen<\/a><\/p>\n","protected":false},"author":1,"featured_media":0,"comment_status":"open","ping_status":"open","sticky":false,"template":"","format":"standard","meta":{"jetpack_post_was_ever_published":false,"footnotes":"","jetpack_publicize_message":"","jetpack_is_tweetstorm":false,"jetpack_publicize_feature_enabled":true,"jetpack_social_options":[]},"categories":[2],"tags":[],"class_list":["post-56","post","type-post","status-publish","format-standard","hentry","category-allgemein"],"jetpack_publicize_connections":[],"jetpack_featured_media_url":"","jetpack_shortlink":"https:\/\/wp.me\/p788kK-U","jetpack-related-posts":[{"id":1515,"url":"https:\/\/fliegerblog.rjs.de\/?p=1515","url_meta":{"origin":56,"position":0},"title":"Fast schon kitschig sch\u00f6ne Licht- und Wetterverh\u00e4ltnisse","date":"Oktober 21, 2018","format":false,"excerpt":"\ufeff Ich war gestern noch unsicher, ob ich heute nochmal nach Singhofen fahren sollte. Denn heute war gemeinsames Schleppen von Freifliegern und einem Windenkurs angesetzt. Und da zieht sich die Sache immer ziemlich zwischen den Fl\u00fcgen und man kommt nur auf wenige Fl\u00fcge \u00fcber den Tag. Zumal ich gestern ja\u2026","rel":"","context":"\u00c4hnlicher Beitrag","img":{"alt_text":"","src":"https:\/\/i0.wp.com\/3.bp.blogspot.com\/-u0rNTSaClLA\/W8zH4xD-McI\/AAAAAAAAEOs\/Z6MVtQ1hy-ce9_u0FGZu1vPhYyHemRneACLcBGAs\/s320\/GOPR4573.JPG?resize=350%2C200&ssl=1","width":350,"height":200},"classes":[]},{"id":1266,"url":"https:\/\/fliegerblog.rjs.de\/?p=1266","url_meta":{"origin":56,"position":1},"title":"Erst hei\u00df und mau, aber dann Grand Finale","date":"Mai 27, 2017","format":false,"excerpt":"Um die Mittagszeit hatte ich heute einen Zahnarzt-Termin in Eppstein. Und da ich damit sowieso schon im Taunus war, bin ich - entgegen meiner sonstigen Gewohnheit - auch an einem Tag am Wochenende nach Eschbach. Die Bedingungen sahen in der Vorschau sehr gut aus und ich dachte mir, dass wegen\u2026","rel":"","context":"\u00c4hnlicher Beitrag","img":{"alt_text":"","src":"https:\/\/i0.wp.com\/1.bp.blogspot.com\/-SQ9k3kjfaLU\/WSnOpNJHm7I\/AAAAAAAADbc\/fHXIGV480T80np-Ok9ZE6FecUW9_EIUygCLcB\/s400\/GOPR3453.JPG?resize=350%2C200&ssl=1","width":350,"height":200},"classes":[]},{"id":1510,"url":"https:\/\/fliegerblog.rjs.de\/?p=1510","url_meta":{"origin":56,"position":2},"title":"Seemann gr\u00fc\u00df mir die Flieger","date":"Oktober 13, 2018","format":false,"excerpt":"Das war heute verdammt schwer eine Entscheidung zu treffen, was man denn am besten macht. So richtig, richtig warm, geniale Sonne und Zeit. Dazu war Schleppen in Singhofen angesetzt und um 11 Uhr war da Treffen. Aber der Wind sollte aus SO kommen. Das ist genau quer zur Schleppstrecke. Und\u2026","rel":"","context":"\u00c4hnlicher Beitrag","img":{"alt_text":"","src":"https:\/\/i0.wp.com\/1.bp.blogspot.com\/-npGnvChQsW0\/W8IZiNZgfLI\/AAAAAAAAEK4\/Y1TcP-Vg4rwFl1ukfmTaYdVQ2-XeNqpvQCLcBGAs\/s320\/IMG_20181013_112207.jpg?resize=350%2C200&ssl=1","width":350,"height":200},"classes":[]},{"id":1163,"url":"https:\/\/fliegerblog.rjs.de\/?p=1163","url_meta":{"origin":56,"position":3},"title":"Hitzeschlacht beim Testival in A\u00dflar","date":"Juli 10, 2016","format":false,"excerpt":"Ich war mir heute ganz und gar nicht sicher, was ich flugtechnisch machen sollte. Das ganze Wochenende (eigentlich seit Donnerstag) war f\u00fcr mich mit Fliegen nicht gut gelaufen - hab mich falsch entschieden oder es ist nicht zusammen gekommen. Heute war SW-Wind angek\u00fcndigt und da h\u00e4tte Reichenbach gepasst. Aber da\u2026","rel":"","context":"\u00c4hnlicher Beitrag","img":{"alt_text":"","src":"https:\/\/i0.wp.com\/1.bp.blogspot.com\/-Lm0V3EIp95U\/V4Jy8KQY-UI\/AAAAAAAADCY\/4gRK_YZtro8txwhLde0Chm6T9JlT3cTygCLcB\/s320\/GOPR5843.JPG?resize=350%2C200&ssl=1","width":350,"height":200},"classes":[]},{"id":852,"url":"https:\/\/fliegerblog.rjs.de\/?p=852","url_meta":{"origin":56,"position":4},"title":"Wow","date":"Oktober 19, 2014","format":false,"excerpt":"Es sah heute nach einem supersonnigen Sonntag aus und da wollte ich unbedingt nochmal in die Luft. Die Prognosen haben S\u00fcdwind angesagt. So ganz schl\u00fcssig waren die Vorhersagen aber nicht, welche Unterrichtung es geben sollte. Ein Teil hat SW, ein Teil aber auch SO vorhergesagt. Ziemlich eindeutig aber allerdings, dass\u2026","rel":"","context":"In &quot;Allgemein&quot;","img":{"alt_text":"","src":"","width":0,"height":0},"classes":[]},{"id":1662,"url":"https:\/\/fliegerblog.rjs.de\/?p=1662","url_meta":{"origin":56,"position":5},"title":"Nicht Passeiertal, nicht Achensee, &#8230;","date":"August 31, 2019","format":false,"excerpt":"... sondern Rheinhessen. Klingt vielleicht komisch, aber ich war gerade \u00fcber 12 Tage auf Familienurlaub erst in S\u00fcd-Tirol und dann noch am Achensee. Also 2 Hotspots zum Gleitschirmfliegen. Aber ich hatte bewusst den Schirm nicht mitgenommen. Es passt f\u00fcr mich nicht zum Familienurlaub, wenn man permanent versucht die Aktivit\u00e4ten mit\u2026","rel":"","context":"\u00c4hnlicher Beitrag","img":{"alt_text":"","src":"https:\/\/i0.wp.com\/1.bp.blogspot.com\/-big42DdBoDM\/XWqvCCNEJ3I\/AAAAAAAAE-4\/m-gtNAm0aWAt0SQjtMIVMyKJm-MDpB2CACLcBGAs\/s320\/GOPR0955.JPG?resize=350%2C200&ssl=1","width":350,"height":200},"classes":[]}],"_links":{"self":[{"href":"https:\/\/fliegerblog.rjs.de\/index.php?rest_route=\/wp\/v2\/posts\/56","targetHints":{"allow":["GET"]}}],"collection":[{"href":"https:\/\/fliegerblog.rjs.de\/index.php?rest_route=\/wp\/v2\/posts"}],"about":[{"href":"https:\/\/fliegerblog.rjs.de\/index.php?rest_route=\/wp\/v2\/types\/post"}],"author":[{"embeddable":true,"href":"https:\/\/fliegerblog.rjs.de\/index.php?rest_route=\/wp\/v2\/users\/1"}],"replies":[{"embeddable":true,"href":"https:\/\/fliegerblog.rjs.de\/index.php?rest_route=%2Fwp%2Fv2%2Fcomments&post=56"}],"version-history":[{"count":0,"href":"https:\/\/fliegerblog.rjs.de\/index.php?rest_route=\/wp\/v2\/posts\/56\/revisions"}],"wp:attachment":[{"href":"https:\/\/fliegerblog.rjs.de\/index.php?rest_route=%2Fwp%2Fv2%2Fmedia&parent=56"}],"wp:term":[{"taxonomy":"category","embeddable":true,"href":"https:\/\/fliegerblog.rjs.de\/index.php?rest_route=%2Fwp%2Fv2%2Fcategories&post=56"},{"taxonomy":"post_tag","embeddable":true,"href":"https:\/\/fliegerblog.rjs.de\/index.php?rest_route=%2Fwp%2Fv2%2Ftags&post=56"}],"curies":[{"name":"wp","href":"https:\/\/api.w.org\/{rel}","templated":true}]}}