{"id":52,"date":"2008-03-30T20:30:00","date_gmt":"2008-03-30T20:30:00","guid":{"rendered":"http:\/\/www.rjs.de\/fliegerblog\/?p=52"},"modified":"2008-03-30T20:30:00","modified_gmt":"2008-03-30T20:30:00","slug":"heute-hat-es-sich-nicht-wirklich-gelohnt","status":"publish","type":"post","link":"https:\/\/fliegerblog.rjs.de\/?p=52","title":{"rendered":"Heute hat es sich nicht wirklich gelohnt"},"content":{"rendered":"<p>Sah heute zwar von den Prognosen wie gestern aus und auch die Windst\u00e4rke war am Nachmittag genau so wie gestern (Richtung ok, aber zu b\u00f6ig und stark). Nur hat der Wind nicht wie versprochen nachgelassen. War gegen 17:00 Uhr am Hang und da ging einfach nix. Ein Flieger hat versucht zu handeln und ist derma\u00dfen weggezogen und in der Luft rumgebeutelt worden, dass es richtig kritisch war. Als sich der Wind dann beruhigt hat, ist er fast schlagartig auf 0 gegangen. Vielleicht 20 Minunten konnte ich was machen. Also nicht wirklich lohnend. Aber egal &#8211; war nur um die Ecke und zumindest ein klein bisschen geflogen.<\/p>\n<div class=\"blogger-post-footer\"><script type=\"text\/javascript\"><!--\ngoogle_ad_client = \"pub-4702984279656494\";\ngoogle_ad_width = 468;\ngoogle_ad_height = 60;\ngoogle_ad_format = \"468x60_as_rimg\";\ngoogle_cpa_choice = \"CAAQlNHphwIaCFxy_-mnISvEKNDv6n4\";\ngoogle_ad_channel = \"0174140724\";\n\/\/--><\/script><br \/>\n<script type=\"text\/javascript\" src=\"http:\/\/pagead2.googlesyndication.com\/pagead\/show_ads.js\">\n<\/script><\/div>\n","protected":false},"excerpt":{"rendered":"<p>Sah heute zwar von den Prognosen wie gestern aus und auch die Windst\u00e4rke war am Nachmittag genau so wie gestern (Richtung ok, aber zu b\u00f6ig und stark). Nur hat der Wind nicht wie versprochen nachgelassen. War gegen 17:00 Uhr am Hang und da ging einfach nix. Ein Flieger hat versucht zu handeln und ist derma\u00dfen &hellip; <a href=\"https:\/\/fliegerblog.rjs.de\/?p=52\" class=\"more-link\"><span class=\"screen-reader-text\">\u201eHeute hat es sich nicht wirklich gelohnt\u201c<\/span> weiterlesen<\/a><\/p>\n","protected":false},"author":1,"featured_media":0,"comment_status":"open","ping_status":"open","sticky":false,"template":"","format":"standard","meta":{"jetpack_post_was_ever_published":false,"footnotes":"","jetpack_publicize_message":"","jetpack_is_tweetstorm":false,"jetpack_publicize_feature_enabled":true,"jetpack_social_options":[]},"categories":[2],"tags":[],"class_list":["post-52","post","type-post","status-publish","format-standard","hentry","category-allgemein"],"jetpack_publicize_connections":[],"jetpack_featured_media_url":"","jetpack_shortlink":"https:\/\/wp.me\/p788kK-Q","jetpack-related-posts":[{"id":1783,"url":"https:\/\/fliegerblog.rjs.de\/?p=1783","url_meta":{"origin":52,"position":0},"title":"Ahl M\u00e4nner &#8230;","date":"Februar 25, 2021","format":false,"excerpt":"Wie nennt es sich, wenn sich die \"Scene\" trifft und ich der J\u00fcngste bin? Das K\u00fcken, sozusagen? Gleitschirmfliegen. Unglaublich, aber von den 6 Fliegern heute am Hang war ich in der Tat der J\u00fcngste - wenn auch knapp. Dabei wollte ich heute gar nicht an den Hang und stattdessen Joggen\u2026","rel":"","context":"\u00c4hnlicher Beitrag","img":{"alt_text":"","src":"https:\/\/i0.wp.com\/1.bp.blogspot.com\/-ZJg6uUlxB00\/YDfU-bee3lI\/AAAAAAAAF9U\/6puN_Zo1b1UD2zhSMvgLYPKnRKExUrXJwCLcBGAsYHQ\/w400-h300\/GOPR7288.JPG?resize=350%2C200&ssl=1","width":350,"height":200},"classes":[]},{"id":1505,"url":"https:\/\/fliegerblog.rjs.de\/?p=1505","url_meta":{"origin":52,"position":1},"title":"Goldiger Oktober","date":"Oktober 5, 2018","format":false,"excerpt":"Der Oktober gibt nochmal alles. Leider war es gestern definitiv zu schwachwindig, aber f\u00fcr heute waren die Prognosen nicht schlecht. Eigentlich wollte ich unbedingt mal wieder auf die Wasserkuppe, denn obwohl ich da meine Ausbildung gemacht hatte, bin ich als Freiflieger kaum noch auf der Waku gewesen. Und die Aussichten\u2026","rel":"","context":"\u00c4hnlicher Beitrag","img":{"alt_text":"","src":"https:\/\/i0.wp.com\/1.bp.blogspot.com\/-VZfha2s8Gag\/W7egVtuJh6I\/AAAAAAAAEJY\/OqW7OgY-d0sYbBVrzHvQj-w7MCDXR1qDgCLcBGAs\/s400\/IMG_20181005_122130.jpg?resize=350%2C200&ssl=1","width":350,"height":200},"classes":[]},{"id":694,"url":"https:\/\/fliegerblog.rjs.de\/?p=694","url_meta":{"origin":52,"position":2},"title":"Top-(Lande-)Bedingungen am MFK","date":"September 1, 2013","format":false,"excerpt":"Heute morgen musste ich mit der Familie an einem Wohlt\u00e4tigkeitslauf teilnehmen. Zwar nur Walking, aber ich war dennoch gebunden. Und das bei super Aussichten f\u00fcr den MFK. So kam ich erst um 14:00 Uhr am Hang an. Schon bei der Anfahrt habe ich Schirme hoch \u00fcber dem Kopf gesehen und\u2026","rel":"","context":"In &quot;Allgemein&quot;","img":{"alt_text":"","src":"","width":0,"height":0},"classes":[]},{"id":1515,"url":"https:\/\/fliegerblog.rjs.de\/?p=1515","url_meta":{"origin":52,"position":3},"title":"Fast schon kitschig sch\u00f6ne Licht- und Wetterverh\u00e4ltnisse","date":"Oktober 21, 2018","format":false,"excerpt":"\ufeff Ich war gestern noch unsicher, ob ich heute nochmal nach Singhofen fahren sollte. Denn heute war gemeinsames Schleppen von Freifliegern und einem Windenkurs angesetzt. Und da zieht sich die Sache immer ziemlich zwischen den Fl\u00fcgen und man kommt nur auf wenige Fl\u00fcge \u00fcber den Tag. Zumal ich gestern ja\u2026","rel":"","context":"\u00c4hnlicher Beitrag","img":{"alt_text":"","src":"https:\/\/i0.wp.com\/3.bp.blogspot.com\/-u0rNTSaClLA\/W8zH4xD-McI\/AAAAAAAAEOs\/Z6MVtQ1hy-ce9_u0FGZu1vPhYyHemRneACLcBGAs\/s320\/GOPR4573.JPG?resize=350%2C200&ssl=1","width":350,"height":200},"classes":[]},{"id":1163,"url":"https:\/\/fliegerblog.rjs.de\/?p=1163","url_meta":{"origin":52,"position":4},"title":"Hitzeschlacht beim Testival in A\u00dflar","date":"Juli 10, 2016","format":false,"excerpt":"Ich war mir heute ganz und gar nicht sicher, was ich flugtechnisch machen sollte. Das ganze Wochenende (eigentlich seit Donnerstag) war f\u00fcr mich mit Fliegen nicht gut gelaufen - hab mich falsch entschieden oder es ist nicht zusammen gekommen. Heute war SW-Wind angek\u00fcndigt und da h\u00e4tte Reichenbach gepasst. Aber da\u2026","rel":"","context":"\u00c4hnlicher Beitrag","img":{"alt_text":"","src":"https:\/\/i0.wp.com\/1.bp.blogspot.com\/-Lm0V3EIp95U\/V4Jy8KQY-UI\/AAAAAAAADCY\/4gRK_YZtro8txwhLde0Chm6T9JlT3cTygCLcB\/s320\/GOPR5843.JPG?resize=350%2C200&ssl=1","width":350,"height":200},"classes":[]},{"id":1571,"url":"https:\/\/fliegerblog.rjs.de\/?p=1571","url_meta":{"origin":52,"position":5},"title":"Der bessere Tag","date":"M\u00e4rz 24, 2019","format":false,"excerpt":"Das war auch heute kein Highlight, aber geben\u00fcber gestern definitiv der bessere Tag des Wochenendes. Ich war gegen 12:00 Uhr wieder am Hang in MF. Als zweiter Pilot, wobei es sich dann den Tag \u00fcber auf vielleicht fast 20 Piloten aufgestockt hat. Ich habe direkt ausgepackt und obwohl nur ganz\u2026","rel":"","context":"\u00c4hnlicher Beitrag","img":{"alt_text":"","src":"https:\/\/i0.wp.com\/4.bp.blogspot.com\/-dfeG-fQQDC0\/XJfC9Wx1oVI\/AAAAAAAAEkE\/RlEYU6X-SS0IEE31gf_w49EX8mKG8RHBACLcBGAs\/s320\/GOPR6601.JPG?resize=350%2C200&ssl=1","width":350,"height":200},"classes":[]}],"_links":{"self":[{"href":"https:\/\/fliegerblog.rjs.de\/index.php?rest_route=\/wp\/v2\/posts\/52","targetHints":{"allow":["GET"]}}],"collection":[{"href":"https:\/\/fliegerblog.rjs.de\/index.php?rest_route=\/wp\/v2\/posts"}],"about":[{"href":"https:\/\/fliegerblog.rjs.de\/index.php?rest_route=\/wp\/v2\/types\/post"}],"author":[{"embeddable":true,"href":"https:\/\/fliegerblog.rjs.de\/index.php?rest_route=\/wp\/v2\/users\/1"}],"replies":[{"embeddable":true,"href":"https:\/\/fliegerblog.rjs.de\/index.php?rest_route=%2Fwp%2Fv2%2Fcomments&post=52"}],"version-history":[{"count":0,"href":"https:\/\/fliegerblog.rjs.de\/index.php?rest_route=\/wp\/v2\/posts\/52\/revisions"}],"wp:attachment":[{"href":"https:\/\/fliegerblog.rjs.de\/index.php?rest_route=%2Fwp%2Fv2%2Fmedia&parent=52"}],"wp:term":[{"taxonomy":"category","embeddable":true,"href":"https:\/\/fliegerblog.rjs.de\/index.php?rest_route=%2Fwp%2Fv2%2Fcategories&post=52"},{"taxonomy":"post_tag","embeddable":true,"href":"https:\/\/fliegerblog.rjs.de\/index.php?rest_route=%2Fwp%2Fv2%2Ftags&post=52"}],"curies":[{"name":"wp","href":"https:\/\/api.w.org\/{rel}","templated":true}]}}