{"id":50,"date":"2008-04-13T18:55:00","date_gmt":"2008-04-13T18:55:00","guid":{"rendered":"http:\/\/www.rjs.de\/fliegerblog\/?p=50"},"modified":"2008-04-13T18:55:00","modified_gmt":"2008-04-13T18:55:00","slug":"zz-ist-einfach-kein-flugwetter","status":"publish","type":"post","link":"https:\/\/fliegerblog.rjs.de\/?p=50","title":{"rendered":"Z.Z. ist einfach kein Flugwetter"},"content":{"rendered":"<p>Man kann es nicht zwingen. Dieses Jahr f\u00e4ngt nur sehr sparsam mit echten Flugtagen an. Heute haben wir es gegen 17:00 Uhr probiert (kleinste Chance nutzen), aber es war immer noch bockig. Selbst beim Handlen und vorsichtigen Antesten bei scheinbar ruhigem Wind habe ich mich in der Luft unwohl gef\u00fchlt. Dann kam um 18:00 Uhr noch Regen und wir haben abgebrochen. April wie aus dem Bilderbuch \ud83d\ude41<\/p>\n<div class=\"blogger-post-footer\"><script type=\"text\/javascript\"><!--\ngoogle_ad_client = \"pub-4702984279656494\";\ngoogle_ad_width = 468;\ngoogle_ad_height = 60;\ngoogle_ad_format = \"468x60_as_rimg\";\ngoogle_cpa_choice = \"CAAQlNHphwIaCFxy_-mnISvEKNDv6n4\";\ngoogle_ad_channel = \"0174140724\";\n\/\/--><\/script><br \/>\n<script type=\"text\/javascript\" src=\"http:\/\/pagead2.googlesyndication.com\/pagead\/show_ads.js\">\n<\/script><\/div>\n","protected":false},"excerpt":{"rendered":"<p>Man kann es nicht zwingen. Dieses Jahr f\u00e4ngt nur sehr sparsam mit echten Flugtagen an. Heute haben wir es gegen 17:00 Uhr probiert (kleinste Chance nutzen), aber es war immer noch bockig. Selbst beim Handlen und vorsichtigen Antesten bei scheinbar ruhigem Wind habe ich mich in der Luft unwohl gef\u00fchlt. Dann kam um 18:00 Uhr &hellip; <a href=\"https:\/\/fliegerblog.rjs.de\/?p=50\" class=\"more-link\"><span class=\"screen-reader-text\">\u201eZ.Z. ist einfach kein Flugwetter\u201c<\/span> weiterlesen<\/a><\/p>\n","protected":false},"author":1,"featured_media":0,"comment_status":"open","ping_status":"open","sticky":false,"template":"","format":"standard","meta":{"jetpack_post_was_ever_published":false,"footnotes":"","jetpack_publicize_message":"","jetpack_is_tweetstorm":false,"jetpack_publicize_feature_enabled":true,"jetpack_social_options":[]},"categories":[2],"tags":[],"class_list":["post-50","post","type-post","status-publish","format-standard","hentry","category-allgemein"],"jetpack_publicize_connections":[],"jetpack_featured_media_url":"","jetpack_shortlink":"https:\/\/wp.me\/p788kK-O","jetpack-related-posts":[{"id":231,"url":"https:\/\/fliegerblog.rjs.de\/?p=231","url_meta":{"origin":50,"position":0},"title":"H\u00e4tte ich jetzt nicht erwartet","date":"September 12, 2009","format":false,"excerpt":"Die gesamte Windtendenz ist im Moment N, aber mit Osteinschlag. Nicht ideal, aber wir haben es dennoch zu 2. probiert. Waren um 11:00 uhr am Hang in MF. Gab allerdings kaum Wind und zudem leider doch aus NO. Da aber keine Modeller da waren haben wir am NO-Hang ein bisschen\u2026","rel":"","context":"In &quot;Allgemein&quot;","img":{"alt_text":"","src":"","width":0,"height":0},"classes":[]},{"id":42,"url":"https:\/\/fliegerblog.rjs.de\/?p=42","url_meta":{"origin":50,"position":1},"title":"Reisebericht Husby, D\u00e4nemark","date":"Juni 29, 2008","format":false,"excerpt":"Flugtagebuch K\u00fcstensoaren in Husby - D\u00e4nemark im Juni 200821. JuniIch bin wieder zum K\u00fcstenfliegen in D\u00e4nemark. In Husby, etwa 150 Kilometer s\u00fcdlich von Loekken, wo ich letztes Jahr war. Nachdem der Trip letztes Jahr eigentlich ein Reinfall war und ich in einer Woche nur einen Tag zum Fliegen kam, wollte\u2026","rel":"","context":"In &quot;Allgemein&quot;","img":{"alt_text":"","src":"https:\/\/i0.wp.com\/img.youtube.com\/vi\/1PDZNyzILZw\/0.jpg?resize=350%2C200","width":350,"height":200},"classes":[]},{"id":1225,"url":"https:\/\/fliegerblog.rjs.de\/?p=1225","url_meta":{"origin":50,"position":2},"title":"Eine erste Idee von Fr\u00fchling","date":"M\u00e4rz 10, 2017","format":false,"excerpt":"So ganz langsam l\u00e4sst sich Fr\u00fchling erahnen. Es wurde die letzten Tage immer w\u00e4rmer und heute kam noch sch\u00f6ne Sonne raus. Nachdem dazu noch Wind aus Nordwest angesagt war, bin ich mal wieder an den MFK. Die Prognosen sahen vor allen Dingen f\u00fcr Vormittag ganz gut aus. Aber gegen Nachmittag\u2026","rel":"","context":"\u00c4hnlicher Beitrag","img":{"alt_text":"","src":"https:\/\/i0.wp.com\/1.bp.blogspot.com\/-ulpCNEljXTs\/WMLqr-MNJ3I\/AAAAAAAADS0\/trwF7pRe1NsL0xMsk52iefvpg8OsFdsZACLcB\/s320\/GOPR0866.JPG?resize=350%2C200&ssl=1","width":350,"height":200},"classes":[]},{"id":529,"url":"https:\/\/fliegerblog.rjs.de\/?p=529","url_meta":{"origin":50,"position":3},"title":"Feuchte Sache","date":"Februar 26, 2012","format":false,"excerpt":"Gestern muss es so sehr gut am MFK gegangen sein und auch heute sollte zwar etwas viel West anstehen, aber dennoch was gehen. Als ich losgefahren bin, war das Wetter zuhause auch recht gut, aber bereits auf der Autobahn kam ziemlich Regen runter. Auch am Hang als ich gegen 13:30\u2026","rel":"","context":"In &quot;Allgemein&quot;","img":{"alt_text":"","src":"","width":0,"height":0},"classes":[]},{"id":552,"url":"https:\/\/fliegerblog.rjs.de\/?p=552","url_meta":{"origin":50,"position":4},"title":"Rundrum verteilt","date":"Mai 28, 2012","format":false,"excerpt":"Heute gab es Nordwind, aber die Flieger aus der Gegend haben sich irgendwie \u00fcberall verteilt. Ich war ab etwa 14:00 Uhr am MFK und da waren wir nur 5 Flieger. An einem Feiertag und solchen Windprognosen hab ich das auch noch nicht erlebt. Ein Teil war wohl auch am Treisberg\u2026","rel":"","context":"In &quot;Allgemein&quot;","img":{"alt_text":"","src":"","width":0,"height":0},"classes":[]},{"id":167,"url":"https:\/\/fliegerblog.rjs.de\/?p=167","url_meta":{"origin":50,"position":5},"title":"Arnoldshain","date":"April 5, 2009","format":false,"excerpt":"Und noch ein 3. Mal das Wochenende. Erst haben wir im Forum endlos diskutiert wo es heute denn hin gehen sollte. Die Prognose guter Nordwind hat sich nicht best\u00e4tigt. Und da es sowohl schwacher Wind als auch in der Richtung nicht ganz eindeutig war, gab es ziemlich viele Meinungen, was\u2026","rel":"","context":"In &quot;Allgemein&quot;","img":{"alt_text":"","src":"","width":0,"height":0},"classes":[]}],"_links":{"self":[{"href":"https:\/\/fliegerblog.rjs.de\/index.php?rest_route=\/wp\/v2\/posts\/50","targetHints":{"allow":["GET"]}}],"collection":[{"href":"https:\/\/fliegerblog.rjs.de\/index.php?rest_route=\/wp\/v2\/posts"}],"about":[{"href":"https:\/\/fliegerblog.rjs.de\/index.php?rest_route=\/wp\/v2\/types\/post"}],"author":[{"embeddable":true,"href":"https:\/\/fliegerblog.rjs.de\/index.php?rest_route=\/wp\/v2\/users\/1"}],"replies":[{"embeddable":true,"href":"https:\/\/fliegerblog.rjs.de\/index.php?rest_route=%2Fwp%2Fv2%2Fcomments&post=50"}],"version-history":[{"count":0,"href":"https:\/\/fliegerblog.rjs.de\/index.php?rest_route=\/wp\/v2\/posts\/50\/revisions"}],"wp:attachment":[{"href":"https:\/\/fliegerblog.rjs.de\/index.php?rest_route=%2Fwp%2Fv2%2Fmedia&parent=50"}],"wp:term":[{"taxonomy":"category","embeddable":true,"href":"https:\/\/fliegerblog.rjs.de\/index.php?rest_route=%2Fwp%2Fv2%2Fcategories&post=50"},{"taxonomy":"post_tag","embeddable":true,"href":"https:\/\/fliegerblog.rjs.de\/index.php?rest_route=%2Fwp%2Fv2%2Ftags&post=50"}],"curies":[{"name":"wp","href":"https:\/\/api.w.org\/{rel}","templated":true}]}}