{"id":49,"date":"2008-04-16T19:18:00","date_gmt":"2008-04-16T19:18:00","guid":{"rendered":"http:\/\/www.rjs.de\/fliegerblog\/?p=49"},"modified":"2008-04-16T19:18:00","modified_gmt":"2008-04-16T19:18:00","slug":"saugende-wolken","status":"publish","type":"post","link":"https:\/\/fliegerblog.rjs.de\/?p=49","title":{"rendered":"Saugende Wolken"},"content":{"rendered":"<p>Waren heute mal endlich wieder am MFK (hat bei mir schon \u00fcber 4 Monate nicht mehr geklappt). Wind war so lala. Ist ja ein Hang, der am besten bei NNW geht. Und die Windr\u00e4der rund herum haben von W &#8211; teilweise SO alle m\u00f6glichen Richtungen gleichzeitig angezeigt. <br \/>Aber hin- und wieder haben die Wolken derma\u00dfen gesaugt, dass man aus dem Stand geflogen ist und wunderbar halten konnte. Das hat auch die sich widersprechenden Windrichtungen im Vorfeld des Hangs erkl\u00e4rt. War richtig gut :-).<\/p>\n<div class=\"blogger-post-footer\"><script type=\"text\/javascript\"><!--\ngoogle_ad_client = \"pub-4702984279656494\";\ngoogle_ad_width = 468;\ngoogle_ad_height = 60;\ngoogle_ad_format = \"468x60_as_rimg\";\ngoogle_cpa_choice = \"CAAQlNHphwIaCFxy_-mnISvEKNDv6n4\";\ngoogle_ad_channel = \"0174140724\";\n\/\/--><\/script><br \/>\n<script type=\"text\/javascript\" src=\"http:\/\/pagead2.googlesyndication.com\/pagead\/show_ads.js\">\n<\/script><\/div>\n","protected":false},"excerpt":{"rendered":"<p>Waren heute mal endlich wieder am MFK (hat bei mir schon \u00fcber 4 Monate nicht mehr geklappt). Wind war so lala. Ist ja ein Hang, der am besten bei NNW geht. Und die Windr\u00e4der rund herum haben von W &#8211; teilweise SO alle m\u00f6glichen Richtungen gleichzeitig angezeigt. Aber hin- und wieder haben die Wolken derma\u00dfen &hellip; <a href=\"https:\/\/fliegerblog.rjs.de\/?p=49\" class=\"more-link\"><span class=\"screen-reader-text\">\u201eSaugende Wolken\u201c<\/span> weiterlesen<\/a><\/p>\n","protected":false},"author":1,"featured_media":0,"comment_status":"open","ping_status":"open","sticky":false,"template":"","format":"standard","meta":{"jetpack_post_was_ever_published":false,"footnotes":"","jetpack_publicize_message":"","jetpack_is_tweetstorm":false,"jetpack_publicize_feature_enabled":true,"jetpack_social_options":[]},"categories":[2],"tags":[],"class_list":["post-49","post","type-post","status-publish","format-standard","hentry","category-allgemein"],"jetpack_publicize_connections":[],"jetpack_featured_media_url":"","jetpack_shortlink":"https:\/\/wp.me\/p788kK-N","jetpack-related-posts":[{"id":1315,"url":"https:\/\/fliegerblog.rjs.de\/?p=1315","url_meta":{"origin":49,"position":0},"title":"Erst Parawaiting, aber dann doch noch gut","date":"September 3, 2017","format":false,"excerpt":"Um 11:30 Uhr war heute Treffen bei der Windenschleppgemeinschaft Rheinhessen. Schleppstrecke war nach S\u00fcden Richtung Flonheim. Die Prognosen hatten Wind aus S\u00fcd angek\u00fcndigt. Es war heute auch ungew\u00f6hnlich viel los. Wir waren 10 Leute vor Ort.\u00a0 Die Bedingungen versprachen Sonne und recht ruhige Thermik. Zumindest was ich gesehen hatte. Aber\u2026","rel":"","context":"\u00c4hnlicher Beitrag","img":{"alt_text":"","src":"https:\/\/i0.wp.com\/4.bp.blogspot.com\/-KoF5Y0EYIiU\/WaxPoPENCLI\/AAAAAAAADkQ\/LmY13dMWxigkwiE6TdPuwvzYLON0FQlPQCLcBGAs\/s320\/GOPR5613.JPG?resize=350%2C200&ssl=1","width":350,"height":200},"classes":[]},{"id":1928,"url":"https:\/\/fliegerblog.rjs.de\/?p=1928","url_meta":{"origin":49,"position":1},"title":"Labile Sache","date":"Juni 4, 2022","format":false,"excerpt":"\u00dcber Pfingsten sahen die langfristigen Flugprognosen eher schlecht aus. Nur f\u00fcr den Samstag habe ich die Chancen nicht schlecht eingesch\u00e4tzt und mich auch in der Gruppe der GFT daf\u00fcr ausgesprochen, einen Schlepptag zu versuchen. Um 11:00 Uhr haben wir angefangen und ich - wie meistens - den 1. Flug des\u2026","rel":"","context":"\u00c4hnlicher Beitrag","img":{"alt_text":"","src":"https:\/\/i0.wp.com\/blogger.googleusercontent.com\/img\/b\/R29vZ2xl\/AVvXsEgX7woHW3V9FVnqxL1Gs1uun09YOvF3Rjr8AazadwsIzE6W1XGJt0y2DnKor1MyQjI0uy_NxLh0roq4T5Ea6snsNga7epYsbXFplT4mGGel2EHZh54de8cd92MagIFv_NZNrM4IB52X3eaBFDJ-rtPEDtFElLtHIFA-cl31B8rdWF5b1O53uLyOGhKexQ\/w640-h320\/IMG_20220604_134403.jpg?resize=350%2C200&ssl=1","width":350,"height":200},"classes":[]},{"id":200,"url":"https:\/\/fliegerblog.rjs.de\/?p=200","url_meta":{"origin":49,"position":2},"title":"Zwischenhoch","date":"Juli 27, 2009","format":false,"excerpt":"Z.Z. wird man als Gleitschirmflieger mit dem Wetter einfach nicht gl\u00fccklich. Zwar ist es warm und immer wieder sonnig, aber auch st\u00e4ndig liegen Gewitter, Regen und zuviel Wind in der Luft :-(. Und gerade am Wochenende ist es meist am \u00fcbelsten :-(. Heute war aber mal wieder vern\u00fcnftiger SW mit\u2026","rel":"","context":"In &quot;Allgemein&quot;","img":{"alt_text":"","src":"","width":0,"height":0},"classes":[]},{"id":1319,"url":"https:\/\/fliegerblog.rjs.de\/?p=1319","url_meta":{"origin":49,"position":3},"title":"Spielplatz ist wieder offen","date":"September 16, 2017","format":false,"excerpt":"Seit letzter Woche ist endlich unser \"Spielplatz\" in Reichenbach wieder offen. Da war ich seit M\u00e4rz nicht mehr, wenn ich mich nicht t\u00e4usche und das ist sowas von ungew\u00f6hnlich, denn die vergangenen Jahre war ich \u00fcber die Saison gef\u00fchlt mindestens jede 2. Woche da. Letzten Sonntag muss es auch gleich\u2026","rel":"","context":"\u00c4hnlicher Beitrag","img":{"alt_text":"","src":"https:\/\/i0.wp.com\/1.bp.blogspot.com\/-k47CunQMVzY\/Wb0scZ-DjbI\/AAAAAAAADlE\/56c5MIgkI6c0ujbiDQJbH0QjoT7aq0MIgCLcBGAs\/s320\/GOPR5731.JPG?resize=350%2C200&ssl=1","width":350,"height":200},"classes":[]},{"id":1180,"url":"https:\/\/fliegerblog.rjs.de\/?p=1180","url_meta":{"origin":49,"position":4},"title":"Rheinhessische Schleppversuche","date":"August 28, 2016","format":false,"excerpt":"Am Vormittag gute, aber gegen Nachmittag zunehmend b\u00f6ige und labile SW-Bedingungen waren heute vorhergesagt. Seit gestern ist Reichenbach wieder offen und da w\u00e4re ich gerne mal wieder hin. Andererseits hatte ich mich schon bei der Windenschleppgemeinschaft Rheinhessen angemeldet. Ich habe mich f\u00fcr Letzteres entschieden. Auch weil die ob der Prognosen\u2026","rel":"","context":"\u00c4hnlicher Beitrag","img":{"alt_text":"","src":"https:\/\/i0.wp.com\/4.bp.blogspot.com\/-zv7mT_mq_Us\/V8L5BRPMMYI\/AAAAAAAADH8\/uA6g2QnJvXcCJVv2Rg7qkjP5R5mltcRygCLcB\/s320\/IMG_20160828_114321.jpg?resize=350%2C200&ssl=1","width":350,"height":200},"classes":[]},{"id":772,"url":"https:\/\/fliegerblog.rjs.de\/?p=772","url_meta":{"origin":49,"position":5},"title":"Spielen im goldenen Grund","date":"Mai 24, 2014","format":false,"excerpt":"Die ganze Woche gab es super Flugbedingungen und ich musste jeden Tag Schulung halten :-(. Nur am Freitag war die Schulung etwas fr\u00fcher Schluss und es h\u00e4tte mit Schleppen in Laufenselden noch geklappt. Leider wurde das aber am Vormittag bereits abgesagt, da es geregnet hatte - obwohl das Regenradar f\u00fcr\u2026","rel":"","context":"In &quot;Allgemein&quot;","img":{"alt_text":"","src":"","width":0,"height":0},"classes":[]}],"_links":{"self":[{"href":"https:\/\/fliegerblog.rjs.de\/index.php?rest_route=\/wp\/v2\/posts\/49","targetHints":{"allow":["GET"]}}],"collection":[{"href":"https:\/\/fliegerblog.rjs.de\/index.php?rest_route=\/wp\/v2\/posts"}],"about":[{"href":"https:\/\/fliegerblog.rjs.de\/index.php?rest_route=\/wp\/v2\/types\/post"}],"author":[{"embeddable":true,"href":"https:\/\/fliegerblog.rjs.de\/index.php?rest_route=\/wp\/v2\/users\/1"}],"replies":[{"embeddable":true,"href":"https:\/\/fliegerblog.rjs.de\/index.php?rest_route=%2Fwp%2Fv2%2Fcomments&post=49"}],"version-history":[{"count":0,"href":"https:\/\/fliegerblog.rjs.de\/index.php?rest_route=\/wp\/v2\/posts\/49\/revisions"}],"wp:attachment":[{"href":"https:\/\/fliegerblog.rjs.de\/index.php?rest_route=%2Fwp%2Fv2%2Fmedia&parent=49"}],"wp:term":[{"taxonomy":"category","embeddable":true,"href":"https:\/\/fliegerblog.rjs.de\/index.php?rest_route=%2Fwp%2Fv2%2Fcategories&post=49"},{"taxonomy":"post_tag","embeddable":true,"href":"https:\/\/fliegerblog.rjs.de\/index.php?rest_route=%2Fwp%2Fv2%2Ftags&post=49"}],"curies":[{"name":"wp","href":"https:\/\/api.w.org\/{rel}","templated":true}]}}