{"id":48,"date":"2008-05-03T18:13:00","date_gmt":"2008-05-03T18:13:00","guid":{"rendered":"http:\/\/www.rjs.de\/fliegerblog\/?p=48"},"modified":"2008-05-03T18:13:00","modified_gmt":"2008-05-03T18:13:00","slug":"workout-in-den-ostgebieten","status":"publish","type":"post","link":"https:\/\/fliegerblog.rjs.de\/?p=48","title":{"rendered":"Workout in den Ostgebieten"},"content":{"rendered":"<p>Es passt irgendwie nicht zusammen. Jetzt habe ich Zeit, 7 Sonnen sind am Himmel und es ist Ostwind. Ost ist hier zwar schlecht, aber z.Z. w\u00fcrde ich auch weiter fahren. Und dann sind die H\u00e4nge alle gesperrt wegen Heu, V\u00f6gel oder sonst was. Wir wollten heute schon nach Boos losfahren, als uns die Sperre eingefallen ist. Zwar haben wir Boos selbst nirgends entdeckt, aber alle anderen H\u00e4nge rundrum sind zu. Und dann 100 Km hin fahren, nur damit nix geht, wollten wir doch nicht. Auch Alternativen mit Ostlage ist keinem eingefallen.<\/p>\n<p>Also wie \u00fcblich bei Ost &#8211; Minihang vor der Haust\u00fcr genommen. Konnte auch 2 Abgleiter um die B\u00fcsche machen, aber dann hat uns der Bauer weggescheucht. Auch die Wiese w\u00e4re bis Juli wegen Heumachen zu. So ein Sch&#8230;<\/p>\n<p>Sind dann 3 Km weiter an einen multifunktionalen Hang (Schlitten, Modeller, Drachensteigen, Gleitschirmspielen, &#8230;) bei uns am Ort. Der ist kurz, aber sehr steil. Und nicht ungef\u00e4hrlich, weil tierisch bockig. Haben da nur gehandelt. Ziemlich anstrengendes Workout halt. Aber 2x ging auch ein Miniflug runter. Nicht die gerade Linie (zu gef\u00e4hrlich, da haben sich wohl alle Flieger, die es da probiert haben, schon mal ne Verletzung zugezogen &#8211; ich auch), sondern rechts um die B\u00e4ume rum &#8211; das geht, wenn man \u00fcberhaupt abhebt.<\/p>\n<div class=\"blogger-post-footer\"><script type=\"text\/javascript\"><!--\ngoogle_ad_client = \"pub-4702984279656494\";\ngoogle_ad_width = 468;\ngoogle_ad_height = 60;\ngoogle_ad_format = \"468x60_as_rimg\";\ngoogle_cpa_choice = \"CAAQlNHphwIaCFxy_-mnISvEKNDv6n4\";\ngoogle_ad_channel = \"0174140724\";\n\/\/--><\/script><br \/>\n<script type=\"text\/javascript\" src=\"http:\/\/pagead2.googlesyndication.com\/pagead\/show_ads.js\">\n<\/script><\/div>\n","protected":false},"excerpt":{"rendered":"<p>Es passt irgendwie nicht zusammen. Jetzt habe ich Zeit, 7 Sonnen sind am Himmel und es ist Ostwind. Ost ist hier zwar schlecht, aber z.Z. w\u00fcrde ich auch weiter fahren. Und dann sind die H\u00e4nge alle gesperrt wegen Heu, V\u00f6gel oder sonst was. Wir wollten heute schon nach Boos losfahren, als uns die Sperre eingefallen &hellip; <a href=\"https:\/\/fliegerblog.rjs.de\/?p=48\" class=\"more-link\"><span class=\"screen-reader-text\">\u201eWorkout in den Ostgebieten\u201c<\/span> weiterlesen<\/a><\/p>\n","protected":false},"author":1,"featured_media":0,"comment_status":"open","ping_status":"open","sticky":false,"template":"","format":"standard","meta":{"jetpack_post_was_ever_published":false,"footnotes":"","jetpack_publicize_message":"","jetpack_is_tweetstorm":false,"jetpack_publicize_feature_enabled":true,"jetpack_social_options":[]},"categories":[2],"tags":[],"class_list":["post-48","post","type-post","status-publish","format-standard","hentry","category-allgemein"],"jetpack_publicize_connections":[],"jetpack_featured_media_url":"","jetpack_shortlink":"https:\/\/wp.me\/p788kK-M","jetpack-related-posts":[{"id":1849,"url":"https:\/\/fliegerblog.rjs.de\/?p=1849","url_meta":{"origin":48,"position":0},"title":"Erstmals in Boos geflogen","date":"September 2, 2021","format":false,"excerpt":"Seit etwa Mai habe ich eine Jahreskarte f\u00fcr 5 H\u00e4nge in der Gegend von Bad Kreuznach, aber ausser in Auen bin ich bisher nach der Einweisung noch nicht dahin gekommen. Da wir leider an einigen meiner Stammh\u00e4nge Stress haben bzw. die im Moment gar nicht genutzt werden k\u00f6nnen, will ich\u2026","rel":"","context":"\u00c4hnlicher Beitrag","img":{"alt_text":"","src":"https:\/\/i0.wp.com\/1.bp.blogspot.com\/-RKydpWKO75k\/YTD3P_bimaI\/AAAAAAAAGS0\/MxI4CVe2INQkUxcJxZKpiOuJOKxQx2CYgCLcBGAsYHQ\/w400-h300\/GOPR9773.JPG?resize=350%2C200&ssl=1","width":350,"height":200},"classes":[]},{"id":258,"url":"https:\/\/fliegerblog.rjs.de\/?p=258","url_meta":{"origin":48,"position":1},"title":"Gut ging&#8217;s","date":"November 1, 2009","format":false,"excerpt":"Heute abend soll eine Regenfront kommen, aber den Tag \u00fcber war noch S\u00fcdwind angek\u00fcndigt. Aber zunehmend. Aus Erfahrung wollten wir zeitlich nicht zu nahe an die Regenfront ran. Deshalb sind wir trotz Nebel schon gegen 10:30 Uhr am Hang in RB gewesen. Der Wind stand genau richtig und auch die\u2026","rel":"","context":"In &quot;Allgemein&quot;","img":{"alt_text":"","src":"","width":0,"height":0},"classes":[]},{"id":280,"url":"https:\/\/fliegerblog.rjs.de\/?p=280","url_meta":{"origin":48,"position":2},"title":"X war&#8217;s","date":"Januar 23, 2010","format":false,"excerpt":"Ne, zurzeit ist kein Flugwetter. Immer wieder Schnee und tr\u00fcbe. Dazu kein guter Wind. Heute wollten wir es zwingen und sind gegen 13:00 Uhr trotz schlechter Prognosen an den SW-Hang in Reichenbach. Prognosen sagten zwar eher Ost voraus, aber unter \u00e4hnlichen Voraussagen ging es schon mehrfach trotzdem. Heute hat die\u2026","rel":"","context":"In &quot;Allgemein&quot;","img":{"alt_text":"","src":"","width":0,"height":0},"classes":[]},{"id":89,"url":"https:\/\/fliegerblog.rjs.de\/?p=89","url_meta":{"origin":48,"position":3},"title":"Fehlentscheidung oder nicht?","date":"August 18, 2007","format":false,"excerpt":"Irgendwie kann ich f\u00fcr den heutigen Flugtag kein befriedigendes Fazit finden. Es gibt in unserer Fliegergruppe 2 Fraktionen. Die einen fahren zu einem m\u00f6glichst guten Flugberg (auch gerne weiter) und die anderen (zu denen ich mich in der Regel z\u00e4hle) versuchen m\u00f6glichst in der N\u00e4he was zu finden, wenn es\u2026","rel":"","context":"In &quot;Allgemein&quot;","img":{"alt_text":"","src":"","width":0,"height":0},"classes":[]},{"id":1942,"url":"https:\/\/fliegerblog.rjs.de\/?p=1942","url_meta":{"origin":48,"position":4},"title":"Fast","date":"August 12, 2022","format":false,"excerpt":"Man k\u00f6nnte meinen, ich h\u00e4tte den Blog stilgelegt. Aber Fakt ist - es gab nichts zu schreiben. :-( Auf der einen Seite habe ich viel beruflich zu tun, aber das war auch fr\u00fcher der Fall und ich bin dennoch immer wieder in die Luft gekommen. Die gesperrten H\u00e4nge sind ein\u2026","rel":"","context":"\u00c4hnlicher Beitrag","img":{"alt_text":"","src":"","width":0,"height":0},"classes":[]},{"id":269,"url":"https:\/\/fliegerblog.rjs.de\/?p=269","url_meta":{"origin":48,"position":5},"title":"Weihnachtsnachlese","date":"Dezember 27, 2009","format":false,"excerpt":"Gestern ging es wohl ziemlich gut mit Fliegen in Reichenbach. Nur haben mich die \u00fcblichen Weihnachtsverpflichtungen gehindert. Da die Prognosen aber f\u00fcr heute sogar fast noch besser waren, habe ich auf den heutigen Tag Hoffnung gesetzt. Und fr\u00fch am Morgen war in der Webcam auf dem Feldberg auch schon strahlender\u2026","rel":"","context":"In &quot;Allgemein&quot;","img":{"alt_text":"","src":"","width":0,"height":0},"classes":[]}],"_links":{"self":[{"href":"https:\/\/fliegerblog.rjs.de\/index.php?rest_route=\/wp\/v2\/posts\/48","targetHints":{"allow":["GET"]}}],"collection":[{"href":"https:\/\/fliegerblog.rjs.de\/index.php?rest_route=\/wp\/v2\/posts"}],"about":[{"href":"https:\/\/fliegerblog.rjs.de\/index.php?rest_route=\/wp\/v2\/types\/post"}],"author":[{"embeddable":true,"href":"https:\/\/fliegerblog.rjs.de\/index.php?rest_route=\/wp\/v2\/users\/1"}],"replies":[{"embeddable":true,"href":"https:\/\/fliegerblog.rjs.de\/index.php?rest_route=%2Fwp%2Fv2%2Fcomments&post=48"}],"version-history":[{"count":0,"href":"https:\/\/fliegerblog.rjs.de\/index.php?rest_route=\/wp\/v2\/posts\/48\/revisions"}],"wp:attachment":[{"href":"https:\/\/fliegerblog.rjs.de\/index.php?rest_route=%2Fwp%2Fv2%2Fmedia&parent=48"}],"wp:term":[{"taxonomy":"category","embeddable":true,"href":"https:\/\/fliegerblog.rjs.de\/index.php?rest_route=%2Fwp%2Fv2%2Fcategories&post=48"},{"taxonomy":"post_tag","embeddable":true,"href":"https:\/\/fliegerblog.rjs.de\/index.php?rest_route=%2Fwp%2Fv2%2Ftags&post=48"}],"curies":[{"name":"wp","href":"https:\/\/api.w.org\/{rel}","templated":true}]}}