{"id":47,"date":"2008-05-08T21:08:00","date_gmt":"2008-05-08T21:08:00","guid":{"rendered":"http:\/\/www.rjs.de\/fliegerblog\/?p=47"},"modified":"2008-05-08T21:08:00","modified_gmt":"2008-05-08T21:08:00","slug":"endlich-mal-wieder-geschleppt","status":"publish","type":"post","link":"https:\/\/fliegerblog.rjs.de\/?p=47","title":{"rendered":"Endlich mal wieder geschleppt"},"content":{"rendered":"<p>Ist wohl bald ein halbes Jahr her, seit ich das letzte Mal an der Winde geflogen bin. Z.Z. ist wieder ein Dauer-Ostwind angesagt (das kommt hier meist f\u00fcr 10 &#8211; 14 Tage am St\u00fcck &#8211; daf\u00fcr gibt es aber Sonne satt) und da haben wir leider keine gescheiten H\u00e4nge in der Gegend. Aber Schleppstrecken.<br \/>Heute war ich das erste Mal bei einem Nachbarverein in Oberhain (N\u00e4he Hessenpark). Ist eigentlich ein Segelflughafen. Daher ziemlich lange Schleppstrecke.<br \/>War um 14:00 Uhr da. War aber irgendwie ein komischer Tag. Erst kam nix in die G\u00e4nge, dann hat ein Flieger mit dem Auto eines anderen Fliegers aufgesetzt und die \u00d6lwanne abgerissen, und dann kam der Wind zu weit aus SO. Da an der Startbahn eine Baumreihe lang geht, ist das verdammt gef\u00e4hrlich mit Lee.<br \/>Wir haben dann versetzt ausgelegt und es dennoch versucht. Aber irgendwie waren wir letztendlich nur 2 Flieger (+ 1 gegen Abend). Schwaches Bild f\u00fcr so einen Aufwand. <br \/>Aber wer gefehlt hat, hat was verpasst. Ich habe auf jeden Fall meinen Rekordflug an der Winde gemacht! Mein erster Flug ist wirlich schon beim Hochziehen ziemlich hoch rausgegangen (leider Vario nicht an gehabt) und ich habe dann wohl \u00fcber eine gute Viertelstunde keine H\u00f6he verloren. Es muss auch hoch gewesen sein, denn ich konnte \u00fcber einen vorgelagerten Berg hinweg die Skyline von Frankfurt sehen. Grandios.<br \/>Meine beiden folgenden Fl\u00fcge waren nicht mehr besonders, aber der erste Flug war gigantisch.<br \/>Der Tag hatte \u00fcbrigens auch noch weitere T\u00fccken &#8211; ein Bauer hatte zwischenzeitlich das Schleppseil mit seinem Traktor zerrissen.<\/p>\n<div class=\"blogger-post-footer\"><script type=\"text\/javascript\"><!--\ngoogle_ad_client = \"pub-4702984279656494\";\ngoogle_ad_width = 468;\ngoogle_ad_height = 60;\ngoogle_ad_format = \"468x60_as_rimg\";\ngoogle_cpa_choice = \"CAAQlNHphwIaCFxy_-mnISvEKNDv6n4\";\ngoogle_ad_channel = \"0174140724\";\n\/\/--><\/script><br \/>\n<script type=\"text\/javascript\" src=\"http:\/\/pagead2.googlesyndication.com\/pagead\/show_ads.js\">\n<\/script><\/div>\n","protected":false},"excerpt":{"rendered":"<p>Ist wohl bald ein halbes Jahr her, seit ich das letzte Mal an der Winde geflogen bin. Z.Z. ist wieder ein Dauer-Ostwind angesagt (das kommt hier meist f\u00fcr 10 &#8211; 14 Tage am St\u00fcck &#8211; daf\u00fcr gibt es aber Sonne satt) und da haben wir leider keine gescheiten H\u00e4nge in der Gegend. Aber Schleppstrecken.Heute war &hellip; <a href=\"https:\/\/fliegerblog.rjs.de\/?p=47\" class=\"more-link\"><span class=\"screen-reader-text\">\u201eEndlich mal wieder geschleppt\u201c<\/span> weiterlesen<\/a><\/p>\n","protected":false},"author":1,"featured_media":0,"comment_status":"open","ping_status":"open","sticky":false,"template":"","format":"standard","meta":{"jetpack_post_was_ever_published":false,"footnotes":"","jetpack_publicize_message":"","jetpack_is_tweetstorm":false,"jetpack_publicize_feature_enabled":true,"jetpack_social_options":[]},"categories":[2],"tags":[],"class_list":["post-47","post","type-post","status-publish","format-standard","hentry","category-allgemein"],"jetpack_publicize_connections":[],"jetpack_featured_media_url":"","jetpack_shortlink":"https:\/\/wp.me\/p788kK-L","jetpack-related-posts":[{"id":784,"url":"https:\/\/fliegerblog.rjs.de\/?p=784","url_meta":{"origin":47,"position":0},"title":"Pfingsten, gute Bedinungen und kaum jemand in Eschbach","date":"Juni 7, 2014","format":false,"excerpt":"Das war heute recht seltsam. Normalerweise ist es an einem Wochenend- oder Feiertag in Eschbach extrem voll, wenn die Bedingungen einen Flugtag versprechen. Heute war es aber leerer als an einem normalen Arbeitstag. Nach den Prognosen schien mir der Wind nur Vormittags bis vielleicht 13:00 Uhr von der Richtung zu\u2026","rel":"","context":"In &quot;Allgemein&quot;","img":{"alt_text":"","src":"https:\/\/i0.wp.com\/2.bp.blogspot.com\/-cLihO-L1IP8\/U9_Rzez_TkI\/AAAAAAAAB4g\/8vgfNOD3wzY\/s1600\/P1010234.JPG?resize=350%2C200","width":350,"height":200},"classes":[]},{"id":1849,"url":"https:\/\/fliegerblog.rjs.de\/?p=1849","url_meta":{"origin":47,"position":1},"title":"Erstmals in Boos geflogen","date":"September 2, 2021","format":false,"excerpt":"Seit etwa Mai habe ich eine Jahreskarte f\u00fcr 5 H\u00e4nge in der Gegend von Bad Kreuznach, aber ausser in Auen bin ich bisher nach der Einweisung noch nicht dahin gekommen. Da wir leider an einigen meiner Stammh\u00e4nge Stress haben bzw. die im Moment gar nicht genutzt werden k\u00f6nnen, will ich\u2026","rel":"","context":"\u00c4hnlicher Beitrag","img":{"alt_text":"","src":"https:\/\/i0.wp.com\/1.bp.blogspot.com\/-RKydpWKO75k\/YTD3P_bimaI\/AAAAAAAAGS0\/MxI4CVe2INQkUxcJxZKpiOuJOKxQx2CYgCLcBGAsYHQ\/w400-h300\/GOPR9773.JPG?resize=350%2C200&ssl=1","width":350,"height":200},"classes":[]},{"id":1335,"url":"https:\/\/fliegerblog.rjs.de\/?p=1335","url_meta":{"origin":47,"position":2},"title":"Langer Schlepptag","date":"Oktober 14, 2017","format":false,"excerpt":"Heute war ich von 10:00 Uhr bis ca. 17:30 Uhr auf dem Flugplatz in Singhofen. Es gab traumhafte Altweibersommerbedingungen. Richtig sch\u00f6n warm und Sonne ohne Ende. Allerdings war es extrem voll. Das lag einmal daran, dass wir mit mehreren Freifliegern da waren, aber vor allen Dingen parallel eine Windenschulung gelaufen\u2026","rel":"","context":"\u00c4hnlicher Beitrag","img":{"alt_text":"","src":"https:\/\/i0.wp.com\/4.bp.blogspot.com\/-MQgS7ksnAUc\/WeJgbQhsOyI\/AAAAAAAADnw\/2MEWAg3B3BIipUv__TrFrKJKssPFB416ACLcBGAs\/s320\/GOPR6964.JPG?resize=350%2C200&ssl=1","width":350,"height":200},"classes":[]},{"id":42,"url":"https:\/\/fliegerblog.rjs.de\/?p=42","url_meta":{"origin":47,"position":3},"title":"Reisebericht Husby, D\u00e4nemark","date":"Juni 29, 2008","format":false,"excerpt":"Flugtagebuch K\u00fcstensoaren in Husby - D\u00e4nemark im Juni 200821. JuniIch bin wieder zum K\u00fcstenfliegen in D\u00e4nemark. In Husby, etwa 150 Kilometer s\u00fcdlich von Loekken, wo ich letztes Jahr war. Nachdem der Trip letztes Jahr eigentlich ein Reinfall war und ich in einer Woche nur einen Tag zum Fliegen kam, wollte\u2026","rel":"","context":"In &quot;Allgemein&quot;","img":{"alt_text":"","src":"https:\/\/i0.wp.com\/img.youtube.com\/vi\/1PDZNyzILZw\/0.jpg?resize=350%2C200","width":350,"height":200},"classes":[]},{"id":1853,"url":"https:\/\/fliegerblog.rjs.de\/?p=1853","url_meta":{"origin":47,"position":4},"title":"Seit langer Zeit mal wieder ein Vierer","date":"September 18, 2021","format":false,"excerpt":"Das war heute ein wirklich feiner Flugtag an der Winde in Singhofen. Super Sp\u00e4tsommerwetter, aber seltsamer Weise nur ziemlich wenige Flieger. Wir waren gerade mal zu 6. Um 11 Uhr haben wir uns getroffen und ich hab gleich den Er\u00f6ffungsflug gemacht - wie so oft. Zu der Zeit waren die\u2026","rel":"","context":"\u00c4hnlicher Beitrag","img":{"alt_text":"","src":"https:\/\/i0.wp.com\/1.bp.blogspot.com\/-RJY-PjV7xkg\/YUYaEE6bxgI\/AAAAAAAAGUY\/HwqXQhBLhp83QvWgwjdhPXkDQt0lZNl1gCLcBGAsYHQ\/s320\/GOPR9906.JPG?resize=350%2C200&ssl=1","width":350,"height":200},"classes":[]},{"id":302,"url":"https:\/\/fliegerblog.rjs.de\/?p=302","url_meta":{"origin":47,"position":5},"title":"Erst warten, aber dann&#8230;","date":"M\u00e4rz 17, 2010","format":false,"excerpt":"Waren heute mit mehreren Fliegern in Reichenbach. Sonne und SW-Wind war angek\u00fcndigt. Ich war etwa um 12:30 Uhr da, aber der Wind kam ziemlich aus West und hat auch mehr und mehr auf WNW gedreht. Also teilweise sogar R\u00fcckenwind. Ein paar Flieger haben sogar ihre Sachen im Auto gelassen und\u2026","rel":"","context":"In &quot;Allgemein&quot;","img":{"alt_text":"","src":"","width":0,"height":0},"classes":[]}],"_links":{"self":[{"href":"https:\/\/fliegerblog.rjs.de\/index.php?rest_route=\/wp\/v2\/posts\/47","targetHints":{"allow":["GET"]}}],"collection":[{"href":"https:\/\/fliegerblog.rjs.de\/index.php?rest_route=\/wp\/v2\/posts"}],"about":[{"href":"https:\/\/fliegerblog.rjs.de\/index.php?rest_route=\/wp\/v2\/types\/post"}],"author":[{"embeddable":true,"href":"https:\/\/fliegerblog.rjs.de\/index.php?rest_route=\/wp\/v2\/users\/1"}],"replies":[{"embeddable":true,"href":"https:\/\/fliegerblog.rjs.de\/index.php?rest_route=%2Fwp%2Fv2%2Fcomments&post=47"}],"version-history":[{"count":0,"href":"https:\/\/fliegerblog.rjs.de\/index.php?rest_route=\/wp\/v2\/posts\/47\/revisions"}],"wp:attachment":[{"href":"https:\/\/fliegerblog.rjs.de\/index.php?rest_route=%2Fwp%2Fv2%2Fmedia&parent=47"}],"wp:term":[{"taxonomy":"category","embeddable":true,"href":"https:\/\/fliegerblog.rjs.de\/index.php?rest_route=%2Fwp%2Fv2%2Fcategories&post=47"},{"taxonomy":"post_tag","embeddable":true,"href":"https:\/\/fliegerblog.rjs.de\/index.php?rest_route=%2Fwp%2Fv2%2Ftags&post=47"}],"curies":[{"name":"wp","href":"https:\/\/api.w.org\/{rel}","templated":true}]}}