{"id":46,"date":"2008-05-18T21:05:00","date_gmt":"2008-05-18T21:05:00","guid":{"rendered":"http:\/\/www.rjs.de\/fliegerblog\/?p=46"},"modified":"2008-05-18T21:05:00","modified_gmt":"2008-05-18T21:05:00","slug":"prognose-wirklichkeit","status":"publish","type":"post","link":"https:\/\/fliegerblog.rjs.de\/?p=46","title":{"rendered":"Prognose <> Wirklichkeit"},"content":{"rendered":"<p>Heute sagte die Prognose trocken und Nordwind voraus. Realit\u00e4t: Regnerisch bis feucht und meist Wind von Ost bis Nordost. Haben ziemlich lange an unserem super N-Hang gewartet. Leider gingen nur zwischen 16:00 &#8211; 17:30 Uhr ein paar wenige Abgleiter. Hat sich nicht wirklich gelohnt.<\/p>\n<div class=\"blogger-post-footer\"><script type=\"text\/javascript\"><!--\ngoogle_ad_client = \"pub-4702984279656494\";\ngoogle_ad_width = 468;\ngoogle_ad_height = 60;\ngoogle_ad_format = \"468x60_as_rimg\";\ngoogle_cpa_choice = \"CAAQlNHphwIaCFxy_-mnISvEKNDv6n4\";\ngoogle_ad_channel = \"0174140724\";\n\/\/--><\/script><br \/>\n<script type=\"text\/javascript\" src=\"http:\/\/pagead2.googlesyndication.com\/pagead\/show_ads.js\">\n<\/script><\/div>\n","protected":false},"excerpt":{"rendered":"<p>Heute sagte die Prognose trocken und Nordwind voraus. Realit\u00e4t: Regnerisch bis feucht und meist Wind von Ost bis Nordost. Haben ziemlich lange an unserem super N-Hang gewartet. Leider gingen nur zwischen 16:00 &#8211; 17:30 Uhr ein paar wenige Abgleiter. Hat sich nicht wirklich gelohnt.<\/p>\n","protected":false},"author":1,"featured_media":0,"comment_status":"open","ping_status":"open","sticky":false,"template":"","format":"standard","meta":{"jetpack_post_was_ever_published":false,"footnotes":"","jetpack_publicize_message":"","jetpack_is_tweetstorm":false,"jetpack_publicize_feature_enabled":true,"jetpack_social_options":[]},"categories":[2],"tags":[],"class_list":["post-46","post","type-post","status-publish","format-standard","hentry","category-allgemein"],"jetpack_publicize_connections":[],"jetpack_featured_media_url":"","jetpack_shortlink":"https:\/\/wp.me\/p788kK-K","jetpack-related-posts":[{"id":495,"url":"https:\/\/fliegerblog.rjs.de\/?p=495","url_meta":{"origin":46,"position":0},"title":"Sportlich, aber gut","date":"Oktober 9, 2011","format":false,"excerpt":"Mitten in der Schlechtwetterphase hat die Prognose kurfristig fliegbare Bedingungen in Reichenbach versprochen. Zumindest so zwischen 12:00 - 15:00 Uhr. Danach sollte es zunehmen und zudem eine Regenfront aufziehen. Eigentlich mag ich das gar nicht, wenn die Bedingungen im Laufe des Tages st\u00e4rker werden, aber da ich die n\u00e4chsten Wochen\u2026","rel":"","context":"In &quot;Allgemein&quot;","img":{"alt_text":"","src":"","width":0,"height":0},"classes":[]},{"id":179,"url":"https:\/\/fliegerblog.rjs.de\/?p=179","url_meta":{"origin":46,"position":1},"title":"H\u00fcpfer am Hang statt Windenschlepp","date":"Mai 7, 2009","format":false,"excerpt":"Heute w\u00e4re eigentlich Schleppen vorgesehen gewesen, aber wegen zu viel B\u00f6en in der Prognose ist es ausgefallen. Waren stattdessen in RB am Hang. Und die Prognose hatte derma\u00dfen unrecht. War nur wenig Wind. Ein paar kleinere H\u00fcpfer gingen zwar, aber meist nur dann, wenn eine Abl\u00f6sung geholfen hat. Das w\u00e4re\u2026","rel":"","context":"In &quot;Allgemein&quot;","img":{"alt_text":"","src":"","width":0,"height":0},"classes":[]},{"id":167,"url":"https:\/\/fliegerblog.rjs.de\/?p=167","url_meta":{"origin":46,"position":2},"title":"Arnoldshain","date":"April 5, 2009","format":false,"excerpt":"Und noch ein 3. Mal das Wochenende. Erst haben wir im Forum endlos diskutiert wo es heute denn hin gehen sollte. Die Prognose guter Nordwind hat sich nicht best\u00e4tigt. Und da es sowohl schwacher Wind als auch in der Richtung nicht ganz eindeutig war, gab es ziemlich viele Meinungen, was\u2026","rel":"","context":"In &quot;Allgemein&quot;","img":{"alt_text":"","src":"","width":0,"height":0},"classes":[]},{"id":1532,"url":"https:\/\/fliegerblog.rjs.de\/?p=1532","url_meta":{"origin":46,"position":3},"title":"Fast gut","date":"Januar 10, 2019","format":false,"excerpt":"So richtig Zeit hatte ich eigentlich nicht heute. Aber die Windprognose stand genau auf Nord. Nicht etwa NW oder NO sondern exakt N. Ich war so unvorsichtig und auf WhatsApp zu posten, dass ich mir die perfekte Prognose f\u00fcr MFK so basteln w\u00fcrde, wie sie dann am Morgen auch ausgesehen\u2026","rel":"","context":"\u00c4hnlicher Beitrag","img":{"alt_text":"","src":"","width":0,"height":0},"classes":[]},{"id":408,"url":"https:\/\/fliegerblog.rjs.de\/?p=408","url_meta":{"origin":46,"position":4},"title":"Naja &#8211; MFK im Mittelma\u00df","date":"M\u00e4rz 5, 2011","format":false,"excerpt":"War heute am MFK. So voll habe ich das selten erlebt. Vielleicht 20 Flieger da gewesen. Aber ich kann nicht sagen, ob es sich heute gelohnt hat oder nicht. Ich kam gegen 11:00 Uhr an. Da war so gut wie kein Wind. Die Sonne hat zwar geschienen, aber nicht ganz\u2026","rel":"","context":"In &quot;Allgemein&quot;","img":{"alt_text":"","src":"","width":0,"height":0},"classes":[]},{"id":105,"url":"https:\/\/fliegerblog.rjs.de\/?p=105","url_meta":{"origin":46,"position":5},"title":"Endlich wieder in der Luft","date":"Mai 7, 2007","format":false,"excerpt":"Nachdem ich die letzten 2 Wochen beruflich ziemlich unterwegs bzw. besch\u00e4ftigt war, musste ich die Zeit am Boden kleben bleiben. Dazu kamen zwar 2 Wochen strahlende Sonne, aber eine ziemlich unangenehme Ostlage und da geht hier in der Gegend eigentlich sowieso nix. Gestern (also Sonntag - Post am Abend war\u2026","rel":"","context":"In &quot;Allgemein&quot;","img":{"alt_text":"","src":"","width":0,"height":0},"classes":[]}],"_links":{"self":[{"href":"https:\/\/fliegerblog.rjs.de\/index.php?rest_route=\/wp\/v2\/posts\/46","targetHints":{"allow":["GET"]}}],"collection":[{"href":"https:\/\/fliegerblog.rjs.de\/index.php?rest_route=\/wp\/v2\/posts"}],"about":[{"href":"https:\/\/fliegerblog.rjs.de\/index.php?rest_route=\/wp\/v2\/types\/post"}],"author":[{"embeddable":true,"href":"https:\/\/fliegerblog.rjs.de\/index.php?rest_route=\/wp\/v2\/users\/1"}],"replies":[{"embeddable":true,"href":"https:\/\/fliegerblog.rjs.de\/index.php?rest_route=%2Fwp%2Fv2%2Fcomments&post=46"}],"version-history":[{"count":0,"href":"https:\/\/fliegerblog.rjs.de\/index.php?rest_route=\/wp\/v2\/posts\/46\/revisions"}],"wp:attachment":[{"href":"https:\/\/fliegerblog.rjs.de\/index.php?rest_route=%2Fwp%2Fv2%2Fmedia&parent=46"}],"wp:term":[{"taxonomy":"category","embeddable":true,"href":"https:\/\/fliegerblog.rjs.de\/index.php?rest_route=%2Fwp%2Fv2%2Fcategories&post=46"},{"taxonomy":"post_tag","embeddable":true,"href":"https:\/\/fliegerblog.rjs.de\/index.php?rest_route=%2Fwp%2Fv2%2Ftags&post=46"}],"curies":[{"name":"wp","href":"https:\/\/api.w.org\/{rel}","templated":true}]}}