{"id":443,"date":"2011-05-21T21:14:10","date_gmt":"2011-05-21T20:14:10","guid":{"rendered":"http:\/\/www.rjs.de\/fliegerblog\/?p=443"},"modified":"2011-05-21T21:14:10","modified_gmt":"2011-05-21T20:14:10","slug":"heise-kiste","status":"publish","type":"post","link":"https:\/\/fliegerblog.rjs.de\/?p=443","title":{"rendered":"Hei\u00dfe Kiste"},"content":{"rendered":"<p><a onblur=\"try {parent.deselectBloggerImageGracefully();} catch(e) {}\" href=\"https:\/\/i0.wp.com\/1.bp.blogspot.com\/-tbFGCck6zJg\/Tdgc7SxtReI\/AAAAAAAAAh0\/REs3uEXe2jk\/s1600\/GOPR0038.JPG\"><img decoding=\"async\" style=\"float:right; margin:0 0 10px 10px;cursor:pointer; cursor:hand;width: 200px; height: 150px;\" src=\"https:\/\/i0.wp.com\/1.bp.blogspot.com\/-tbFGCck6zJg\/Tdgc7SxtReI\/AAAAAAAAAh0\/REs3uEXe2jk\/s200\/GOPR0038.JPG?w=840\" border=\"0\" alt=\"\"id=\"BLOGGER_PHOTO_ID_5609265140868138466\" data-recalc-dims=\"1\" \/><\/a><br \/>\n<a onblur=\"try {parent.deselectBloggerImageGracefully();} catch(e) {}\" href=\"https:\/\/i0.wp.com\/2.bp.blogspot.com\/-aqXeeRUajK8\/Tdgc7n61oKI\/AAAAAAAAAh8\/ZpbI3EOXL-c\/s1600\/GOPR0053.JPG\"><img decoding=\"async\" style=\"float:right; margin:0 0 10px 10px;cursor:pointer; cursor:hand;width: 200px; height: 150px;\" src=\"https:\/\/i0.wp.com\/2.bp.blogspot.com\/-aqXeeRUajK8\/Tdgc7n61oKI\/AAAAAAAAAh8\/ZpbI3EOXL-c\/s200\/GOPR0053.JPG?w=840\" border=\"0\" alt=\"\"id=\"BLOGGER_PHOTO_ID_5609265146543579298\" data-recalc-dims=\"1\" \/><\/a><br \/>\nMan, war das hei\u00df heute. Ich hatte eigentlich nicht vor, heute an den Hang zu gehen. Aber als der Vorschlag Reichenbach im Forum aufgetaucht ist und ich da schon ein paar Wochen nicht mehr war (sehr ungew\u00f6hnlich f\u00fcr mich), bin ich trozt mauer Windvorhersagen gegen 14:15 Uhr am Hang aufgetaucht. Viele Piloten waren nicht da (bis zum Abend max 5), aber die Aktion hat sich gelohnt. Die Thermik war teilweise richtig gut und ich bin mit mehreren Fl\u00fcgen gut hoch gekommen. Hat richtig Laune gemacht.<br \/>\n<object width=\"425\" height=\"344\"><param name=\"movie\" value=\"http:\/\/www.youtube.com\/v\/t_LgI8kf_D8?hl=de&#038;fs=1\"><\/param><param name=\"allowFullScreen\" value=\"true\"><\/param><param name=\"allowscriptaccess\" value=\"always\"><\/param><\/object><\/p>\n","protected":false},"excerpt":{"rendered":"<p>Man, war das hei\u00df heute. Ich hatte eigentlich nicht vor, heute an den Hang zu gehen. Aber als der Vorschlag Reichenbach im Forum aufgetaucht ist und ich da schon ein paar Wochen nicht mehr war (sehr ungew\u00f6hnlich f\u00fcr mich), bin ich trozt mauer Windvorhersagen gegen 14:15 Uhr am Hang aufgetaucht. Viele Piloten waren nicht da &hellip; <a href=\"https:\/\/fliegerblog.rjs.de\/?p=443\" class=\"more-link\"><span class=\"screen-reader-text\">\u201eHei\u00dfe Kiste\u201c<\/span> weiterlesen<\/a><\/p>\n","protected":false},"author":1,"featured_media":0,"comment_status":"open","ping_status":"open","sticky":false,"template":"","format":"standard","meta":{"jetpack_post_was_ever_published":false,"footnotes":"","jetpack_publicize_message":"","jetpack_is_tweetstorm":false,"jetpack_publicize_feature_enabled":true,"jetpack_social_options":[]},"categories":[2],"tags":[],"class_list":["post-443","post","type-post","status-publish","format-standard","hentry","category-allgemein"],"jetpack_publicize_connections":[],"jetpack_featured_media_url":"","jetpack_shortlink":"https:\/\/wp.me\/p788kK-79","jetpack-related-posts":[{"id":1855,"url":"https:\/\/fliegerblog.rjs.de\/?p=1855","url_meta":{"origin":443,"position":0},"title":"Erst ist der Hammer geflogen, dann ich","date":"September 25, 2021","format":false,"excerpt":"Heute musste ich mich wieder zwischen Wallertheim und Singhofen entscheiden. An beiden Locations wurde geschleppt. Aber die Entscheidung war recht einfach, denn ich hatte mich f\u00fcr 10:00 Uhr in Niederselters zum Hammerwerfen gemeldet und wenn man schon in die Richtung unterwegs ist, macht es Sinn, dann nach Singhofen zu gehen.\u2026","rel":"","context":"\u00c4hnlicher Beitrag","img":{"alt_text":"","src":"https:\/\/i0.wp.com\/1.bp.blogspot.com\/-KcmP8jGODLE\/YU9IGr4R5HI\/AAAAAAAAGVQ\/vDaOkJaPtIg_qtx9T9oat7la6qyNYef-QCLcBGAsYHQ\/w400-h300\/GOPR0089.JPG?resize=350%2C200&ssl=1","width":350,"height":200},"classes":[]},{"id":93,"url":"https:\/\/fliegerblog.rjs.de\/?p=93","url_meta":{"origin":443,"position":1},"title":"Ich bekomme das Grinsen nicht weg :-)","date":"August 3, 2007","format":false,"excerpt":"Unglaublich. Der dritte Flugtag der Woche hat alles getoppt! Heute hatte ich einen Flug, der konnte mit meinen Fl\u00fcgen in den Alpen mithalten. Die waren zwar zugegeben w\u00e4hrend der A-Schein-Ausbildung und nur Abgleiter von etwa 1000 Meter H\u00f6he, aber heute war ich bei einem Flug an userem Minih\u00fcgel in MF\u2026","rel":"","context":"In &quot;Allgemein&quot;","img":{"alt_text":"","src":"","width":0,"height":0},"classes":[]},{"id":797,"url":"https:\/\/fliegerblog.rjs.de\/?p=797","url_meta":{"origin":443,"position":2},"title":"Windenfliegen in Obernhain","date":"Juni 26, 2014","format":false,"excerpt":"Da ich gegen 12:30 Uhr mein Auto aus der Werkstatt zur\u00fcck bekommen habe, bin ich heute mal wieder nach Obernhain zum Schleppen gefahren. So gegen 14:30 Uhr war ich da. Die Bedingungen waren gut, aber ich habe heute nur einen Flug gemacht. Der war recht lange,hoch und auch sch\u00f6n. Aber\u2026","rel":"","context":"In &quot;Allgemein&quot;","img":{"alt_text":"","src":"","width":0,"height":0},"classes":[]},{"id":1562,"url":"https:\/\/fliegerblog.rjs.de\/?p=1562","url_meta":{"origin":443,"position":3},"title":"Touristischer Moseltripp","date":"Februar 27, 2019","format":false,"excerpt":"Ich hatte mich f\u00fcr die Woche auf Freitag bis Sonntag als gute Flugtage eingestellt. Freitag Nordwind und am Wochenende Schleppen mit dem GFT in Singhofen. Aber die Prognosen sagen ab morgen schon einen Wetterumschwung vorher. Mit starkem Wind und Regen. Wobei das heute auch extrem warm war - ein Local\u2026","rel":"","context":"\u00c4hnlicher Beitrag","img":{"alt_text":"","src":"https:\/\/i0.wp.com\/3.bp.blogspot.com\/-bil6H12YD8c\/XHbqsY_BCiI\/AAAAAAAAEgU\/Vm9ciwehbJwuAqOzx64W9rN23-hXCWWLACLcBGAs\/s320\/GOPR6417.JPG?resize=350%2C200&ssl=1","width":350,"height":200},"classes":[]},{"id":758,"url":"https:\/\/fliegerblog.rjs.de\/?p=758","url_meta":{"origin":443,"position":4},"title":"Winde oder Hang?","date":"April 25, 2014","format":false,"excerpt":"Das war heute die Frage. Bei den Gleitschirmfreunden Taunusstein war in Laufenselden Schleppen angesetzt. Aber die Prognosen sahen nach Ost bis teils SO aus. Zudem sollte der Wind in B\u00f6en recht kr\u00e4ftig werden. Die Bahn ist nach NO ausgerichtet und von daher war ich nicht ganz \u00fcberzeugt, dass das eine\u2026","rel":"","context":"In &quot;Allgemein&quot;","img":{"alt_text":"","src":"","width":0,"height":0},"classes":[]},{"id":906,"url":"https:\/\/fliegerblog.rjs.de\/?p=906","url_meta":{"origin":443,"position":5},"title":"Nicht gut","date":"April 9, 2015","format":false,"excerpt":"Ich habe vorhin mitbekommen, dass mein Schirm auf dem Weg von Check zur\u00fcck zu mir ist. Hat mir aber heute f\u00fcr das Schleppen in Neu-Anspach nichts genutzt. Da ich sowieso im Taunus unterwegs war, bin ich aber trotzdem hin, um mit einem geliehenen Schirm mein Gl\u00fcck zu versuchen. War keine\u2026","rel":"","context":"In &quot;Allgemein&quot;","img":{"alt_text":"","src":"","width":0,"height":0},"classes":[]}],"_links":{"self":[{"href":"https:\/\/fliegerblog.rjs.de\/index.php?rest_route=\/wp\/v2\/posts\/443","targetHints":{"allow":["GET"]}}],"collection":[{"href":"https:\/\/fliegerblog.rjs.de\/index.php?rest_route=\/wp\/v2\/posts"}],"about":[{"href":"https:\/\/fliegerblog.rjs.de\/index.php?rest_route=\/wp\/v2\/types\/post"}],"author":[{"embeddable":true,"href":"https:\/\/fliegerblog.rjs.de\/index.php?rest_route=\/wp\/v2\/users\/1"}],"replies":[{"embeddable":true,"href":"https:\/\/fliegerblog.rjs.de\/index.php?rest_route=%2Fwp%2Fv2%2Fcomments&post=443"}],"version-history":[{"count":0,"href":"https:\/\/fliegerblog.rjs.de\/index.php?rest_route=\/wp\/v2\/posts\/443\/revisions"}],"wp:attachment":[{"href":"https:\/\/fliegerblog.rjs.de\/index.php?rest_route=%2Fwp%2Fv2%2Fmedia&parent=443"}],"wp:term":[{"taxonomy":"category","embeddable":true,"href":"https:\/\/fliegerblog.rjs.de\/index.php?rest_route=%2Fwp%2Fv2%2Fcategories&post=443"},{"taxonomy":"post_tag","embeddable":true,"href":"https:\/\/fliegerblog.rjs.de\/index.php?rest_route=%2Fwp%2Fv2%2Ftags&post=443"}],"curies":[{"name":"wp","href":"https:\/\/api.w.org\/{rel}","templated":true}]}}