{"id":44,"date":"2008-05-10T09:00:00","date_gmt":"2008-05-10T09:00:00","guid":{"rendered":"http:\/\/www.rjs.de\/fliegerblog\/?p=44"},"modified":"2008-05-10T09:00:00","modified_gmt":"2008-05-10T09:00:00","slug":"lange-umsonst-gewartet","status":"publish","type":"post","link":"https:\/\/fliegerblog.rjs.de\/?p=44","title":{"rendered":"Lange umsonst gewartet"},"content":{"rendered":"<p><a onblur=\"try {parent.deselectBloggerImageGracefully();} catch(e) {}\" href=\"https:\/\/i0.wp.com\/bp1.blogger.com\/_lY4VOIwoBZk\/SFfBW51JEdI\/AAAAAAAAAGc\/n1WPdjyRWP8\/s1600-h\/09052008.jpg\"><img decoding=\"async\" style=\"float:left; margin:0 10px 10px 0;cursor:pointer; cursor:hand;\" src=\"https:\/\/i0.wp.com\/bp1.blogger.com\/_lY4VOIwoBZk\/SFfBW51JEdI\/AAAAAAAAAGc\/n1WPdjyRWP8\/s200\/09052008.jpg?w=840\" border=\"0\" alt=\"\" id=\"BLOGGER_PHOTO_ID_5212847692929634770\" data-recalc-dims=\"1\" \/><\/a><br \/>Gestern wollten wir im eigenen Verein die Schleppsaison er\u00f6ffnen. Wir haben in LS ewig auf fliegbare Bedingungen gewartet, aber leider umsonst. War einfach zu heftig. Ostwind im Taunus ist sch&#8230;<br \/>Nix als einige Stunden Bodenspiele mit dem Schirm drin gewesen.<\/p>\n<div class=\"blogger-post-footer\"><script type=\"text\/javascript\"><!--\ngoogle_ad_client = \"pub-4702984279656494\";\ngoogle_ad_width = 468;\ngoogle_ad_height = 60;\ngoogle_ad_format = \"468x60_as_rimg\";\ngoogle_cpa_choice = \"CAAQlNHphwIaCFxy_-mnISvEKNDv6n4\";\ngoogle_ad_channel = \"0174140724\";\n\/\/--><\/script><br \/>\n<script type=\"text\/javascript\" src=\"http:\/\/pagead2.googlesyndication.com\/pagead\/show_ads.js\">\n<\/script><\/div>\n","protected":false},"excerpt":{"rendered":"<p>Gestern wollten wir im eigenen Verein die Schleppsaison er\u00f6ffnen. Wir haben in LS ewig auf fliegbare Bedingungen gewartet, aber leider umsonst. War einfach zu heftig. Ostwind im Taunus ist sch&#8230;Nix als einige Stunden Bodenspiele mit dem Schirm drin gewesen.<\/p>\n","protected":false},"author":1,"featured_media":0,"comment_status":"open","ping_status":"open","sticky":false,"template":"","format":"standard","meta":{"jetpack_post_was_ever_published":false,"footnotes":"","jetpack_publicize_message":"","jetpack_is_tweetstorm":false,"jetpack_publicize_feature_enabled":true,"jetpack_social_options":[]},"categories":[2],"tags":[],"class_list":["post-44","post","type-post","status-publish","format-standard","hentry","category-allgemein"],"jetpack_publicize_connections":[],"jetpack_featured_media_url":"","jetpack_shortlink":"https:\/\/wp.me\/p788kK-I","jetpack-related-posts":[{"id":648,"url":"https:\/\/fliegerblog.rjs.de\/?p=648","url_meta":{"origin":44,"position":0},"title":"Nicht kostenlos, aber (fast) umsonst :-(","date":"Mai 18, 2013","format":false,"excerpt":"War heut nix in Reichenbach. Entgegen meiner Erwartung, denn bei so einer Prognose im Vorfeld ging es sonst schon h\u00e4ufiger. H\u00e4tte ich nicht sowieso einen Termin in Niedernhausen gehabt, w\u00fcrde mich das verfahrene Benzin noch mehr \u00e4rgern. Es gab kaum Wind, der Hang war feucht und deshalb konnte sich keine\u2026","rel":"","context":"In &quot;Allgemein&quot;","img":{"alt_text":"","src":"","width":0,"height":0},"classes":[]},{"id":566,"url":"https:\/\/fliegerblog.rjs.de\/?p=566","url_meta":{"origin":44,"position":1},"title":"Erster Schlepp 2012 in Laufenselden","date":"August 17, 2012","format":false,"excerpt":"Nachdem es gestern so sch\u00f6n mit den ersten Schlepps f\u00fcr dieses Jahr in Neu-Anspach geklappt hat, bin ich heute gegen 15:00 Uhr zum eigenen Verein auf den Flugplatz in Laufenselden. Es kam diese Jahr noch nicht oft vor, dass \u00fcberhaupt Schleppen dort angesetzt war und geflogen wurde letztendlich noch gar\u2026","rel":"","context":"In &quot;Allgemein&quot;","img":{"alt_text":"","src":"","width":0,"height":0},"classes":[]},{"id":445,"url":"https:\/\/fliegerblog.rjs.de\/?p=445","url_meta":{"origin":44,"position":2},"title":"Ausgesessen, bis es (fast) zu sp\u00e4t war","date":"Mai 24, 2011","format":false,"excerpt":"Es hat heute gewaltig geblasen. Die B\u00e4ume haben den Tag \u00fcber fast abgerissen. Trotzdem haben wir es zu 3. riskiert und sind nach MFK, denn gegen Abend sollte es nachlassen. Ich war gegen 17:45 Uhr am Hang - die anderen beiden waren schon ne halbe Stunde vorher da. Und dann\u2026","rel":"","context":"In &quot;Allgemein&quot;","img":{"alt_text":"","src":"","width":0,"height":0},"classes":[]},{"id":95,"url":"https:\/\/fliegerblog.rjs.de\/?p=95","url_meta":{"origin":44,"position":3},"title":"Versprochen und gehalten","date":"Juli 31, 2007","format":false,"excerpt":"Endlich mal ein Tag, der das gehalten hat, was er im Vorfeld versprach. Gute NW und Thermik waren angek\u00fcndigt (immer ein Fall f\u00fcr MF) und genau das haben wir bekommen. Obwohl - mit der Thermik war es zeitweise sogar zuviel des Guten. Hauke war zur Mittagsessenszeit alleine am Hang und\u2026","rel":"","context":"In &quot;Allgemein&quot;","img":{"alt_text":"","src":"","width":0,"height":0},"classes":[]},{"id":700,"url":"https:\/\/fliegerblog.rjs.de\/?p=700","url_meta":{"origin":44,"position":4},"title":"Kein Highlight, aber auch nicht umsonst","date":"September 12, 2013","format":false,"excerpt":"Heute stand Wind aus NW an und ich bin um 15:15 Uhr am MFK eingetroffen. Wir waren heute da nur zu 2. und der Wind kam ziemlich westlich. Starten von oben ging nicht vern\u00fcnftig, aber an der unteren Kante hat es nicht schlecht getragen. Konnte mich mehrfach ganz gut halten.\u2026","rel":"","context":"In &quot;Allgemein&quot;","img":{"alt_text":"","src":"","width":0,"height":0},"classes":[]},{"id":302,"url":"https:\/\/fliegerblog.rjs.de\/?p=302","url_meta":{"origin":44,"position":5},"title":"Erst warten, aber dann&#8230;","date":"M\u00e4rz 17, 2010","format":false,"excerpt":"Waren heute mit mehreren Fliegern in Reichenbach. Sonne und SW-Wind war angek\u00fcndigt. Ich war etwa um 12:30 Uhr da, aber der Wind kam ziemlich aus West und hat auch mehr und mehr auf WNW gedreht. Also teilweise sogar R\u00fcckenwind. Ein paar Flieger haben sogar ihre Sachen im Auto gelassen und\u2026","rel":"","context":"In &quot;Allgemein&quot;","img":{"alt_text":"","src":"","width":0,"height":0},"classes":[]}],"_links":{"self":[{"href":"https:\/\/fliegerblog.rjs.de\/index.php?rest_route=\/wp\/v2\/posts\/44","targetHints":{"allow":["GET"]}}],"collection":[{"href":"https:\/\/fliegerblog.rjs.de\/index.php?rest_route=\/wp\/v2\/posts"}],"about":[{"href":"https:\/\/fliegerblog.rjs.de\/index.php?rest_route=\/wp\/v2\/types\/post"}],"author":[{"embeddable":true,"href":"https:\/\/fliegerblog.rjs.de\/index.php?rest_route=\/wp\/v2\/users\/1"}],"replies":[{"embeddable":true,"href":"https:\/\/fliegerblog.rjs.de\/index.php?rest_route=%2Fwp%2Fv2%2Fcomments&post=44"}],"version-history":[{"count":0,"href":"https:\/\/fliegerblog.rjs.de\/index.php?rest_route=\/wp\/v2\/posts\/44\/revisions"}],"wp:attachment":[{"href":"https:\/\/fliegerblog.rjs.de\/index.php?rest_route=%2Fwp%2Fv2%2Fmedia&parent=44"}],"wp:term":[{"taxonomy":"category","embeddable":true,"href":"https:\/\/fliegerblog.rjs.de\/index.php?rest_route=%2Fwp%2Fv2%2Fcategories&post=44"},{"taxonomy":"post_tag","embeddable":true,"href":"https:\/\/fliegerblog.rjs.de\/index.php?rest_route=%2Fwp%2Fv2%2Ftags&post=44"}],"curies":[{"name":"wp","href":"https:\/\/api.w.org\/{rel}","templated":true}]}}