{"id":439,"date":"2011-05-20T19:02:32","date_gmt":"2011-05-20T18:02:32","guid":{"rendered":"http:\/\/www.rjs.de\/fliegerblog\/?p=439"},"modified":"2011-05-20T19:02:32","modified_gmt":"2011-05-20T18:02:32","slug":"wenig-resonanz","status":"publish","type":"post","link":"https:\/\/fliegerblog.rjs.de\/?p=439","title":{"rendered":"Wenig Resonanz"},"content":{"rendered":"<p>Am letzten Freitag waren \u00fcber 20 Flieger beim Schleppen in Laufenselden und heute nur 5. Und davon maximal 4 gleichzeitig. Verstehe es echt nicht. Zwar waren die Prognosen in der Tat etwas unsicher, aber gewiss nicht chancenlos. Und da ich wieder bis 13:00 Uhr in Taunusstein zu schulen hatte, bin ich gegen 13:45 Uhr auf dem Flugplatz gewesen. <\/p>\n<p>Der Wind kam dummer Weise nicht eindeutig aus einer Richtung. Von daher haben wir nach den ersten Schlepps die Winde gedreht. Allerdings auch ohne gro\u00dfen Erfolg. Aber Starten ging dennoch. Wenngleich wir wegen der etwas indifferenten Bedingungen lange gewartet und dann gegen 16:30 Uhr fluchtartig zusammengepackt haben, denn rasend schnell hatte es zu regnen angefangen. Hab gerade noch meinen Schirm zusammengerafft trocken in den Kofferraum bekommen.<br \/>\n<object width=\"425\" height=\"344\"><param name=\"movie\" value=\"http:\/\/www.youtube.com\/v\/HIFO0yWGSnE?hl=de&#038;fs=1\"><\/param><param name=\"allowFullScreen\" value=\"true\"><\/param><param name=\"allowscriptaccess\" value=\"always\"><\/param><\/object><br \/>\nDazwischen lagen zwar nur 2 Fl\u00fcge von mir, von denen der 2. aber ziemlich brauchbar war. Konnte mich l\u00e4ngere Zeit halten, wobei ich nicht einmal besonders probiert habe aufzudrehen. Die Wolken rundrum hatten mich schon da etwas beunruhigt und der Regen einige Minuten nach dem Flug haben mir ja auch recht gegeben. Trotzdem war der Flug wie gesagt recht gut. <\/p>\n<p>Und ich konnte heute mein neues Spielzeug einweihen &#8211; eine Go Hero Kamera. Nachdem mittlerweile eine ganze Menge an Fliegern mit so einem Teil auf dem Helm rumfliegen, hab ich mich jetzt der Herde auch angeschlossen und mir so ein Teil auf den Helm gepackt. Die ersten Experimente sind wohl auch gut gelungen, wobei ich nicht nur meine eignen Fl\u00fcge aus Fliegerperspektive (was eine Erleichterung gegen\u00fcber meine bisherigen Versuchen mit Kameras in der Hand von fr\u00fcher) aufgenommen, sondern die Kollegen teils auch bei recht rasanten Starts erwischt habe &#8211; vom Slalomstart mit fast Str\u00f6mungsabriss bis hin zu vergessenen Beinschlaufen des Gurtzeugs und hektischem Startabbruch. <\/p>\n","protected":false},"excerpt":{"rendered":"<p>Am letzten Freitag waren \u00fcber 20 Flieger beim Schleppen in Laufenselden und heute nur 5. Und davon maximal 4 gleichzeitig. Verstehe es echt nicht. Zwar waren die Prognosen in der Tat etwas unsicher, aber gewiss nicht chancenlos. Und da ich wieder bis 13:00 Uhr in Taunusstein zu schulen hatte, bin ich gegen 13:45 Uhr auf &hellip; <a href=\"https:\/\/fliegerblog.rjs.de\/?p=439\" class=\"more-link\"><span class=\"screen-reader-text\">\u201eWenig Resonanz\u201c<\/span> weiterlesen<\/a><\/p>\n","protected":false},"author":1,"featured_media":0,"comment_status":"open","ping_status":"open","sticky":false,"template":"","format":"standard","meta":{"jetpack_post_was_ever_published":false,"footnotes":"","jetpack_publicize_message":"","jetpack_is_tweetstorm":false,"jetpack_publicize_feature_enabled":true,"jetpack_social_options":[]},"categories":[2],"tags":[],"class_list":["post-439","post","type-post","status-publish","format-standard","hentry","category-allgemein"],"jetpack_publicize_connections":[],"jetpack_featured_media_url":"","jetpack_shortlink":"https:\/\/wp.me\/p788kK-75","jetpack-related-posts":[{"id":1925,"url":"https:\/\/fliegerblog.rjs.de\/?p=1925","url_meta":{"origin":439,"position":0},"title":"Tricky Wetterbedingungen, aber sch\u00f6ne 2 Fl\u00fcge","date":"Mai 8, 2022","format":false,"excerpt":"Heute war ich wieder beim Schleppen in Singhofen und mit zwei gar nicht so schlechten Fl\u00fcgen recht zufrieden. Insbesondere der 2. Flug war gut. Sehr gute Ausklinkh\u00f6he, dann auch weiter Steigen und ich bin bis r\u00fcber zum Dorf geflogen. Da ging es aber abw\u00e4rts und\u00a0 ich habe mich zur\u00fcck zum\u2026","rel":"","context":"\u00c4hnlicher Beitrag","img":{"alt_text":"","src":"https:\/\/i0.wp.com\/blogger.googleusercontent.com\/img\/b\/R29vZ2xl\/AVvXsEhCRnPGmQgrGLL3iEKgtLtpjxSnd2668PQYYTVnJHFr8CQUqBDeEgLn7y3B4tt_xP6f85bXnIp7q26jKlbtn9B84tpEMb64dpJjBSEX40ZP4UrgTfkvRy8IRFOFPbrVtvWPFypO_vlR4qhg8hKmnNsv0QG911Q9Ewth4yCNz9NhfmsvBlBuc9cOFjZJsA\/w400-h200\/IMG_20220508_134814.jpg?resize=350%2C200&ssl=1","width":350,"height":200},"classes":[]},{"id":962,"url":"https:\/\/fliegerblog.rjs.de\/?p=962","url_meta":{"origin":439,"position":1},"title":"Etwas schwierige Bedingungen heute","date":"Juli 24, 2015","format":false,"excerpt":"Ich war heute zum Fliegen an der Winde in Laufenselden. War ein Flugtag mit etwas schwierigen Bedingungen. Und zwar in mehrerer Hinsicht: Parallel zu dem Vereinsschleppen war wieder ein Windenkurs aktiv. Das verz\u00f6gert normalerweise die Sache ziemlich. Aber es waren recht wenige Windensch\u00fcler da, von den auch einige schon aufgeh\u00f6rt\u2026","rel":"","context":"In &quot;Allgemein&quot;","img":{"alt_text":"","src":"","width":0,"height":0},"classes":[]},{"id":211,"url":"https:\/\/fliegerblog.rjs.de\/?p=211","url_meta":{"origin":439,"position":2},"title":"Vollkreis in Reichenbach","date":"August 16, 2009","format":false,"excerpt":"Nachdem Reichenbach seit ein paar Tage wieder uneingeschr\u00e4nkt befliegbar ist und sogar die Landewiese\/Acker bis zur weiteren Bearbeitung benutzbar ist, war wir heute ab etwa 11:15 Uhr mit 5 Fliegern da. Und den Tag sollte man rot im Kalender anstreichen :-). Zuerst kam der Wind etwas zu viel aus SO\u2026","rel":"","context":"In &quot;Allgemein&quot;","img":{"alt_text":"","src":"","width":0,"height":0},"classes":[]},{"id":852,"url":"https:\/\/fliegerblog.rjs.de\/?p=852","url_meta":{"origin":439,"position":3},"title":"Wow","date":"Oktober 19, 2014","format":false,"excerpt":"Es sah heute nach einem supersonnigen Sonntag aus und da wollte ich unbedingt nochmal in die Luft. Die Prognosen haben S\u00fcdwind angesagt. So ganz schl\u00fcssig waren die Vorhersagen aber nicht, welche Unterrichtung es geben sollte. Ein Teil hat SW, ein Teil aber auch SO vorhergesagt. Ziemlich eindeutig aber allerdings, dass\u2026","rel":"","context":"In &quot;Allgemein&quot;","img":{"alt_text":"","src":"","width":0,"height":0},"classes":[]},{"id":292,"url":"https:\/\/fliegerblog.rjs.de\/?p=292","url_meta":{"origin":439,"position":4},"title":"Und nochmal Reichenbach","date":"Februar 21, 2010","format":false,"excerpt":"Bin heute morgen ins Krafttraining, da es \u00fcber Nacht wieder geschneit und mich das nasse, windstille und neblige Wetter wirklich nicht zum Fliegen motiviert hatte. Aber Clemens ist an den Hang und nachdem ich vom Training aus angerufen habe, hat er mich doch zum erneuten Tripp nach Reichenbach motiviert. War\u2026","rel":"","context":"In &quot;Allgemein&quot;","img":{"alt_text":"","src":"","width":0,"height":0},"classes":[]},{"id":1858,"url":"https:\/\/fliegerblog.rjs.de\/?p=1858","url_meta":{"origin":439,"position":5},"title":"Regenabbruch","date":"September 26, 2021","format":false,"excerpt":"F\u00fcr heute sahen die Prognosen S\u00fcdwind voraus. Mit recht brauchbarer St\u00e4rke. Aber einige Prognosen haben auch f\u00fcr den Nachmittag eine herein ziehende Front vorhergesagt. Die Modelle waren sehr unterschiedlich, aber in der Tendenz sah es nach einem sch\u00f6nen Flugfenster zwischen 11:00 Uhr und 14:00 Uhr aus. Ab 14:00 Uhr waren\u2026","rel":"","context":"\u00c4hnlicher Beitrag","img":{"alt_text":"","src":"https:\/\/i0.wp.com\/1.bp.blogspot.com\/-x8d4bmyWlhQ\/YVB6BIn-R-I\/AAAAAAAAGVs\/x0-dCN3U7Ys90bnqlzmETRW49-KoRfuWACLcBGAsYHQ\/w400-h300\/reichenbach1632648841.240684.png?resize=350%2C200&ssl=1","width":350,"height":200},"classes":[]}],"_links":{"self":[{"href":"https:\/\/fliegerblog.rjs.de\/index.php?rest_route=\/wp\/v2\/posts\/439","targetHints":{"allow":["GET"]}}],"collection":[{"href":"https:\/\/fliegerblog.rjs.de\/index.php?rest_route=\/wp\/v2\/posts"}],"about":[{"href":"https:\/\/fliegerblog.rjs.de\/index.php?rest_route=\/wp\/v2\/types\/post"}],"author":[{"embeddable":true,"href":"https:\/\/fliegerblog.rjs.de\/index.php?rest_route=\/wp\/v2\/users\/1"}],"replies":[{"embeddable":true,"href":"https:\/\/fliegerblog.rjs.de\/index.php?rest_route=%2Fwp%2Fv2%2Fcomments&post=439"}],"version-history":[{"count":0,"href":"https:\/\/fliegerblog.rjs.de\/index.php?rest_route=\/wp\/v2\/posts\/439\/revisions"}],"wp:attachment":[{"href":"https:\/\/fliegerblog.rjs.de\/index.php?rest_route=%2Fwp%2Fv2%2Fmedia&parent=439"}],"wp:term":[{"taxonomy":"category","embeddable":true,"href":"https:\/\/fliegerblog.rjs.de\/index.php?rest_route=%2Fwp%2Fv2%2Fcategories&post=439"},{"taxonomy":"post_tag","embeddable":true,"href":"https:\/\/fliegerblog.rjs.de\/index.php?rest_route=%2Fwp%2Fv2%2Ftags&post=439"}],"curies":[{"name":"wp","href":"https:\/\/api.w.org\/{rel}","templated":true}]}}