{"id":43,"date":"2008-06-26T09:33:00","date_gmt":"2008-06-26T09:33:00","guid":{"rendered":"http:\/\/www.rjs.de\/fliegerblog\/?p=43"},"modified":"2008-06-26T09:33:00","modified_gmt":"2008-06-26T09:33:00","slug":"soaren-an-der-duene","status":"publish","type":"post","link":"https:\/\/fliegerblog.rjs.de\/?p=43","title":{"rendered":"Soaren an der Duene"},"content":{"rendered":"<p><a onblur=\"try {parent.deselectBloggerImageGracefully();} catch(e) {}\" href=\"https:\/\/i0.wp.com\/bp1.blogger.com\/_lY4VOIwoBZk\/SGi6NzeIzbI\/AAAAAAAAAIM\/QhkhJ3FSXVw\/s1600-h\/P6240046.JPG\"><img decoding=\"async\" style=\"float:left; margin:0 10px 10px 0;cursor:pointer; cursor:hand;\" src=\"https:\/\/i0.wp.com\/bp1.blogger.com\/_lY4VOIwoBZk\/SGi6NzeIzbI\/AAAAAAAAAIM\/QhkhJ3FSXVw\/s200\/P6240046.JPG?w=840\" border=\"0\" alt=\"\" id=\"BLOGGER_PHOTO_ID_5217624914626399666\" data-recalc-dims=\"1\" \/><\/a><br \/><a onblur=\"try {parent.deselectBloggerImageGracefully();} catch(e) {}\" href=\"https:\/\/i0.wp.com\/bp1.blogger.com\/_lY4VOIwoBZk\/SGi6OzrQVsI\/AAAAAAAAAIU\/wM7js7PA3MM\/s1600-h\/P6240013.JPG\"><img decoding=\"async\" style=\"float:left; margin:0 10px 10px 0;cursor:pointer; cursor:hand;\" src=\"https:\/\/i0.wp.com\/bp1.blogger.com\/_lY4VOIwoBZk\/SGi6OzrQVsI\/AAAAAAAAAIU\/wM7js7PA3MM\/s200\/P6240013.JPG?w=840\" border=\"0\" alt=\"\" id=\"BLOGGER_PHOTO_ID_5217624931861288642\" data-recalc-dims=\"1\" \/><\/a><br \/><a onblur=\"try {parent.deselectBloggerImageGracefully();} catch(e) {}\" href=\"https:\/\/i0.wp.com\/bp0.blogger.com\/_lY4VOIwoBZk\/SGi6RAM2TOI\/AAAAAAAAAIc\/3efHvDR62n4\/s1600-h\/P6260185.JPG\"><img decoding=\"async\" style=\"float:left; margin:0 10px 10px 0;cursor:pointer; cursor:hand;\" src=\"https:\/\/i0.wp.com\/bp0.blogger.com\/_lY4VOIwoBZk\/SGi6RAM2TOI\/AAAAAAAAAIc\/3efHvDR62n4\/s200\/P6260185.JPG?w=840\" border=\"0\" alt=\"\" id=\"BLOGGER_PHOTO_ID_5217624969583152354\" data-recalc-dims=\"1\" \/><\/a><br \/><a onblur=\"try {parent.deselectBloggerImageGracefully();} catch(e) {}\" href=\"https:\/\/i0.wp.com\/bp3.blogger.com\/_lY4VOIwoBZk\/SGi6RsiXvZI\/AAAAAAAAAIk\/bnhO5rHIOIs\/s1600-h\/P6260184.JPG\"><img decoding=\"async\" style=\"float:left; margin:0 10px 10px 0;cursor:pointer; cursor:hand;\" src=\"https:\/\/i0.wp.com\/bp3.blogger.com\/_lY4VOIwoBZk\/SGi6RsiXvZI\/AAAAAAAAAIk\/bnhO5rHIOIs\/s200\/P6260184.JPG?w=840\" border=\"0\" alt=\"\" id=\"BLOGGER_PHOTO_ID_5217624981484584338\" data-recalc-dims=\"1\" \/><\/a><br \/><a onblur=\"try {parent.deselectBloggerImageGracefully();} catch(e) {}\" href=\"https:\/\/i0.wp.com\/bp3.blogger.com\/_lY4VOIwoBZk\/SGi6SPih-2I\/AAAAAAAAAIs\/AGoTTbtZklo\/s1600-h\/P1010088.JPG\"><img decoding=\"async\" style=\"float:left; margin:0 10px 10px 0;cursor:pointer; cursor:hand;\" src=\"https:\/\/i0.wp.com\/bp3.blogger.com\/_lY4VOIwoBZk\/SGi6SPih-2I\/AAAAAAAAAIs\/AGoTTbtZklo\/s200\/P1010088.JPG?w=840\" border=\"0\" alt=\"\" id=\"BLOGGER_PHOTO_ID_5217624990880496482\" data-recalc-dims=\"1\" \/><\/a><br \/>Bin mal wieder in Daenemark zum Soaren. Hab allerdings schlechten Internet-Zugang. Deshalb kommt das Flugtagebuch erst von zuhause aus. Aber es geht teilweise richtig geil. Der Tripp lohnt sich. Das kann ich schon jetzt sagen.<br \/><div class=\"jetpack-video-wrapper\"><span class=\"embed-youtube\" style=\"text-align:center; display: block;\"><iframe loading=\"lazy\" class=\"youtube-player\" width=\"840\" height=\"473\" src=\"https:\/\/www.youtube.com\/embed\/rwKHhyV78vU?version=3&#038;rel=1&#038;showsearch=0&#038;showinfo=1&#038;iv_load_policy=1&#038;fs=1&#038;hl=de-DE&#038;autohide=2&#038;wmode=transparent\" allowfullscreen=\"true\" style=\"border:0;\" sandbox=\"allow-scripts allow-same-origin allow-popups allow-presentation\"><\/iframe><\/span><\/div><\/p>\n<div class=\"blogger-post-footer\"><script type=\"text\/javascript\"><!--\ngoogle_ad_client = \"pub-4702984279656494\";\ngoogle_ad_width = 468;\ngoogle_ad_height = 60;\ngoogle_ad_format = \"468x60_as_rimg\";\ngoogle_cpa_choice = \"CAAQlNHphwIaCFxy_-mnISvEKNDv6n4\";\ngoogle_ad_channel = \"0174140724\";\n\/\/--><\/script><br \/>\n<script type=\"text\/javascript\" src=\"http:\/\/pagead2.googlesyndication.com\/pagead\/show_ads.js\">\n<\/script><\/div>\n","protected":false},"excerpt":{"rendered":"<p>Bin mal wieder in Daenemark zum Soaren. Hab allerdings schlechten Internet-Zugang. Deshalb kommt das Flugtagebuch erst von zuhause aus. Aber es geht teilweise richtig geil. Der Tripp lohnt sich. Das kann ich schon jetzt sagen.<\/p>\n","protected":false},"author":1,"featured_media":0,"comment_status":"open","ping_status":"open","sticky":false,"template":"","format":"standard","meta":{"jetpack_post_was_ever_published":false,"footnotes":"","jetpack_publicize_message":"","jetpack_is_tweetstorm":false,"jetpack_publicize_feature_enabled":true,"jetpack_social_options":[]},"categories":[2],"tags":[],"class_list":["post-43","post","type-post","status-publish","format-standard","hentry","category-allgemein"],"jetpack_publicize_connections":[],"jetpack_featured_media_url":"","jetpack_shortlink":"https:\/\/wp.me\/p788kK-H","jetpack-related-posts":[{"id":90,"url":"https:\/\/fliegerblog.rjs.de\/?p=90","url_meta":{"origin":43,"position":0},"title":"Ja, Ja, Jaaaa","date":"Juli 11, 2007","format":false,"excerpt":"Deshalb bin ich hier :-). Man war das heute geil. Das hat die letzten 3 Tage entschaedigt. 10,5 Stunden am Strand und auf der Duene. Sonne, halbwegs guter Wind. Erst Groundhandlen am Strand, dann mehrfach auf die Duene hochziehen lassen und abgleiten. Dann sogar richtig gesoart. Gegen Abend dann am\u2026","rel":"","context":"In &quot;Allgemein&quot;","img":{"alt_text":"","src":"","width":0,"height":0},"classes":[]},{"id":164,"url":"https:\/\/fliegerblog.rjs.de\/?p=164","url_meta":{"origin":43,"position":1},"title":"Reichenbach a it&#8217;s best","date":"April 3, 2009","format":false,"excerpt":"Heute gab es Sonne, \u00fcber 20 Grad und S\u00fcdwind. Ab 14:15 Uhr waren wir in Reichenbach. Waren \u00fcber den Nachmittag 6 Flieger da. Und der Hang hat es uns richtig gegeben. Soaren a it's best. Es war richtig thermisch. Teils aus dem Stand auf deutliche Start\u00fcberh\u00f6hung. Zwar waren die Abl\u00f6sungen\u2026","rel":"","context":"In &quot;Allgemein&quot;","img":{"alt_text":"","src":"","width":0,"height":0},"classes":[]},{"id":122,"url":"https:\/\/fliegerblog.rjs.de\/?p=122","url_meta":{"origin":43,"position":2},"title":"Soaren am NO-Hang in NL","date":"Januar 25, 2007","format":false,"excerpt":"Der Winter ist da. Und was bedeutet das? Der Wind kommt nicht mehr aus SW. Wenn es hier kalt ist, kommt der Wind aus N oder O. Wir haben einen Super-Soaringhang f\u00fcr NW. Aber leider ist der z.Z. gesperrt. Aber heute war NO. und daf\u00fcr gibt es einen weiteren kleinen,\u2026","rel":"","context":"In &quot;Allgemein&quot;","img":{"alt_text":"","src":"","width":0,"height":0},"classes":[]},{"id":126,"url":"https:\/\/fliegerblog.rjs.de\/?p=126","url_meta":{"origin":43,"position":3},"title":"Videos","date":"Januar 6, 2007","format":false,"excerpt":"Start von der L\u00fcsener-Alm - S\u00fcdtirolFeb. 2006, saukaltGleitschirmparade am MFKSoaren bei NW-Wind in der N\u00e4he von Limburg mit einer ganzen Gleitschirmamarda, April 2006Windenschlepp in Crawinkel - Th\u00fcringen09.09.\u00df6Landeanflug am SW-Hang im TaunusZwischen den Jahren 2006\/07Meinereiner am Start am SW-Hang im Taunus5.1.2007, ziemliches Mistwetter und bockig, aber gut getragen","rel":"","context":"In &quot;Allgemein&quot;","img":{"alt_text":"","src":"https:\/\/i0.wp.com\/img.youtube.com\/vi\/or1OvTqtqGY\/0.jpg?resize=350%2C200","width":350,"height":200},"classes":[]},{"id":303,"url":"https:\/\/fliegerblog.rjs.de\/?p=303","url_meta":{"origin":43,"position":4},"title":"Sonne und guter Wind","date":"M\u00e4rz 18, 2010","format":false,"excerpt":"Heute war wohl der erste Fr\u00fchlingstag in dem Jahr und dementsprechend \u00fcber ein Duzend Flieger am Hang in Reichenbach. Und es hat sich gelohnt. Der Wind stand \u00fcberwiegend gut auf dem Hang. Start\u00fcberh\u00f6hung und Soaren auf der oberen Kante waren die Regel. Ich war von ca 12:45 - 17:00 Uhr\u2026","rel":"","context":"In &quot;Allgemein&quot;","img":{"alt_text":"","src":"","width":0,"height":0},"classes":[]},{"id":121,"url":"https:\/\/fliegerblog.rjs.de\/?p=121","url_meta":{"origin":43,"position":5},"title":"Soaren am MFK","date":"Februar 15, 2007","format":false,"excerpt":"Endlich ging mal wieder was. Ich war zwar die Tage zusammen mit 100 andern Leuten 2x in einer Stahlr\u00f6hre in der Luft, aber das ist kein richtiges fliegen - das ist wie Bus fahren, nur in 9000 m H\u00f6he. Und man kann nicht selbst ans Steuer :-). Aber heute ging\u2026","rel":"","context":"In &quot;Allgemein&quot;","img":{"alt_text":"","src":"","width":0,"height":0},"classes":[]}],"_links":{"self":[{"href":"https:\/\/fliegerblog.rjs.de\/index.php?rest_route=\/wp\/v2\/posts\/43","targetHints":{"allow":["GET"]}}],"collection":[{"href":"https:\/\/fliegerblog.rjs.de\/index.php?rest_route=\/wp\/v2\/posts"}],"about":[{"href":"https:\/\/fliegerblog.rjs.de\/index.php?rest_route=\/wp\/v2\/types\/post"}],"author":[{"embeddable":true,"href":"https:\/\/fliegerblog.rjs.de\/index.php?rest_route=\/wp\/v2\/users\/1"}],"replies":[{"embeddable":true,"href":"https:\/\/fliegerblog.rjs.de\/index.php?rest_route=%2Fwp%2Fv2%2Fcomments&post=43"}],"version-history":[{"count":0,"href":"https:\/\/fliegerblog.rjs.de\/index.php?rest_route=\/wp\/v2\/posts\/43\/revisions"}],"wp:attachment":[{"href":"https:\/\/fliegerblog.rjs.de\/index.php?rest_route=%2Fwp%2Fv2%2Fmedia&parent=43"}],"wp:term":[{"taxonomy":"category","embeddable":true,"href":"https:\/\/fliegerblog.rjs.de\/index.php?rest_route=%2Fwp%2Fv2%2Fcategories&post=43"},{"taxonomy":"post_tag","embeddable":true,"href":"https:\/\/fliegerblog.rjs.de\/index.php?rest_route=%2Fwp%2Fv2%2Ftags&post=43"}],"curies":[{"name":"wp","href":"https:\/\/api.w.org\/{rel}","templated":true}]}}