{"id":425,"date":"2011-05-04T23:16:33","date_gmt":"2011-05-04T22:16:33","guid":{"rendered":"http:\/\/www.rjs.de\/fliegerblog\/?p=425"},"modified":"2011-05-04T23:16:33","modified_gmt":"2011-05-04T22:16:33","slug":"gar-nicht-ubel","status":"publish","type":"post","link":"https:\/\/fliegerblog.rjs.de\/?p=425","title":{"rendered":"Gar nicht \u00fcbel"},"content":{"rendered":"<p><a onblur=\"try {parent.deselectBloggerImageGracefully();} catch(e) {}\" href=\"https:\/\/i0.wp.com\/1.bp.blogspot.com\/-QLiR5FX8Cao\/TcJDrKho8VI\/AAAAAAAAAhc\/NYic0_uB_3w\/s1600\/Foto002.jpg\"><img decoding=\"async\" style=\"float:right; margin:0 0 10px 10px;cursor:pointer; cursor:hand;width: 200px; height: 150px;\" src=\"https:\/\/i0.wp.com\/1.bp.blogspot.com\/-QLiR5FX8Cao\/TcJDrKho8VI\/AAAAAAAAAhc\/NYic0_uB_3w\/s200\/Foto002.jpg?w=840\" border=\"0\" alt=\"\"id=\"BLOGGER_PHOTO_ID_5603115295241204050\" data-recalc-dims=\"1\" \/><\/a><br \/>\n<a onblur=\"try {parent.deselectBloggerImageGracefully();} catch(e) {}\" href=\"https:\/\/i0.wp.com\/3.bp.blogspot.com\/-ZNQ-u3y9-FE\/TcJDq6L_S2I\/AAAAAAAAAhU\/k9DUzblnh3g\/s1600\/Foto001.jpg\"><img decoding=\"async\" style=\"float:right; margin:0 0 10px 10px;cursor:pointer; cursor:hand;width: 200px; height: 150px;\" src=\"https:\/\/i0.wp.com\/3.bp.blogspot.com\/-ZNQ-u3y9-FE\/TcJDq6L_S2I\/AAAAAAAAAhU\/k9DUzblnh3g\/s200\/Foto001.jpg?w=840\" border=\"0\" alt=\"\"id=\"BLOGGER_PHOTO_ID_5603115290855426914\" data-recalc-dims=\"1\" \/><\/a><br \/>\n<a onblur=\"try {parent.deselectBloggerImageGracefully();} catch(e) {}\" href=\"https:\/\/i0.wp.com\/3.bp.blogspot.com\/-aiYS8wmQNq0\/TcJDrLnmZ7I\/AAAAAAAAAhk\/O331QWLzZUc\/s1600\/Foto003.jpg\"><img decoding=\"async\" style=\"float:right; margin:0 0 10px 10px;cursor:pointer; cursor:hand;width: 200px; height: 150px;\" src=\"https:\/\/i0.wp.com\/3.bp.blogspot.com\/-aiYS8wmQNq0\/TcJDrLnmZ7I\/AAAAAAAAAhk\/O331QWLzZUc\/s200\/Foto003.jpg?w=840\" border=\"0\" alt=\"\"id=\"BLOGGER_PHOTO_ID_5603115295534639026\" data-recalc-dims=\"1\" \/><\/a><br \/>\nF\u00fcr Mittwoch waren Nordwind und Sonne vorgesehen. Trotz des starken Windes mit \u00fcblen B\u00f6en an den Vortagen war ich recht optimistisch, dass das am MFK passen k\u00f6nnte. Die Prognosen haben die vorhergesagte Windst\u00e4rke immer weiter reduziert, je n\u00e4her der Mi kam.<\/p>\n<p>Also sind wir so gegen 13:30 Uhr am Hang gewesen. Und in der Tat waren der Wind  und auch die thermischen Abl\u00f6sungen eher schwach. Aber es ging dennoch immer irgendwas. Zudem gab es 3 &#8211; 4 richtig gute Phasen, die ich sogar alle halbwegs erwischt habe. 2 Fl\u00fcge waren sogar richtig gut. Irgendwie sind so die Stunden bis zum Sonnenuntergang durchgerutscht. Erst nach 21:00 Uhr sind wir vom Hang heim.<\/p>\n","protected":false},"excerpt":{"rendered":"<p>F\u00fcr Mittwoch waren Nordwind und Sonne vorgesehen. Trotz des starken Windes mit \u00fcblen B\u00f6en an den Vortagen war ich recht optimistisch, dass das am MFK passen k\u00f6nnte. Die Prognosen haben die vorhergesagte Windst\u00e4rke immer weiter reduziert, je n\u00e4her der Mi kam. Also sind wir so gegen 13:30 Uhr am Hang gewesen. Und in der Tat &hellip; <a href=\"https:\/\/fliegerblog.rjs.de\/?p=425\" class=\"more-link\"><span class=\"screen-reader-text\">\u201eGar nicht \u00fcbel\u201c<\/span> weiterlesen<\/a><\/p>\n","protected":false},"author":1,"featured_media":0,"comment_status":"open","ping_status":"open","sticky":false,"template":"","format":"standard","meta":{"jetpack_post_was_ever_published":false,"footnotes":"","jetpack_publicize_message":"","jetpack_is_tweetstorm":false,"jetpack_publicize_feature_enabled":true,"jetpack_social_options":[]},"categories":[2],"tags":[],"class_list":["post-425","post","type-post","status-publish","format-standard","hentry","category-allgemein"],"jetpack_publicize_connections":[],"jetpack_featured_media_url":"","jetpack_shortlink":"https:\/\/wp.me\/p788kK-6R","jetpack-related-posts":[{"id":242,"url":"https:\/\/fliegerblog.rjs.de\/?p=242","url_meta":{"origin":425,"position":0},"title":"Eigentlich wollte ich heute gar nicht","date":"Oktober 11, 2009","format":false,"excerpt":"Der heutige Tag sah gar nicht nach Fliegen aus. Hatte entsprechend auch schon Einladungen zum Mittagessen ausgesprochen und den restlichen Tag anders verplant. Aber heute morgen kam die Diskussion auf, dass es doch f\u00fcr Reichenbach gar nicht so \u00fcbel aussehen w\u00fcrde. Um 12:00 Uhr sind dann einige Flieger hin. Und\u2026","rel":"","context":"In &quot;Allgemein&quot;","img":{"alt_text":"","src":"","width":0,"height":0},"classes":[]},{"id":175,"url":"https:\/\/fliegerblog.rjs.de\/?p=175","url_meta":{"origin":425,"position":1},"title":"Saisoner\u00f6ffnung Windenschlepp","date":"April 16, 2009","format":false,"excerpt":"Auf dem Flugplatz in Neu-Anspach war heute Saisoner\u00f6ffnung an der Winde. Waren \u00fcber den Tag sogar fast 10 Flieger da. Die Bedingungen waren gar nicht \u00fcbel. Leicht thermisch, aber nicht zu bockig. Konnte mich bei meinem 2. Flug fast 10 Minuten in der Luft halten und auch die anderen 2\u2026","rel":"","context":"In &quot;Allgemein&quot;","img":{"alt_text":"","src":"","width":0,"height":0},"classes":[]},{"id":553,"url":"https:\/\/fliegerblog.rjs.de\/?p=553","url_meta":{"origin":425,"position":2},"title":"Gar nicht \u00fcbel","date":"Juni 10, 2012","format":false,"excerpt":"Heut war ganz wenig Wind angek\u00fcndigt, aber ich habe auf die Thermik gehofft und bin um 11:00 Uhr in Reichenbach am Hang gewesen. War Nullwind vor Ort und dicke Wolken haben sich vor die Sonne gelegt. Aber so gegen 11:30 Uhr kam die Sonne durch und durch die Thermik gingen\u2026","rel":"","context":"In &quot;Allgemein&quot;","img":{"alt_text":"","src":"","width":0,"height":0},"classes":[]},{"id":635,"url":"https:\/\/fliegerblog.rjs.de\/?p=635","url_meta":{"origin":425,"position":3},"title":"Turnstunde","date":"April 14, 2013","format":false,"excerpt":"Endlich, endlich ist der Fr\u00fchling da. Zwar haben sich die guten Prognosen f\u00fcr den heutigen Sonntag immer mehr abgeschw\u00e4cht, je n\u00e4her der Tag kam. Aber S\u00fcdwind hat mich gegen 13:00 Uhr nach Reichenbach getrieben. Vorher hatte ich noch einen Kampfrichterlehrgang und da wollte ich sowieso nicht noch weiter fahren. Die\u2026","rel":"","context":"In &quot;Allgemein&quot;","img":{"alt_text":"","src":"","width":0,"height":0},"classes":[]},{"id":273,"url":"https:\/\/fliegerblog.rjs.de\/?p=273","url_meta":{"origin":425,"position":4},"title":"Sonnig und \u00fcberraschender Weise doch Wind von vorne","date":"Januar 2, 2010","format":false,"excerpt":"So schnell kann der Wind drehen. Gestern noch Nordost und heute kam er von S\u00fcdwest. Das war sch\u00f6n vorhin in Reichenbach. Zwar schwacher Wind, aber meist direkt von vorne und es hat durch die kalte, trockene Luft getragen. Dazu noch sch\u00f6ne Sonne bei leichtem Schnee auf dem Hang. Dabei hatte\u2026","rel":"","context":"In &quot;Allgemein&quot;","img":{"alt_text":"","src":"","width":0,"height":0},"classes":[]},{"id":777,"url":"https:\/\/fliegerblog.rjs.de\/?p=777","url_meta":{"origin":425,"position":5},"title":"Jubil\u00e4ums-Schlepp","date":"Mai 30, 2014","format":false,"excerpt":"Als ich heute in Laufenselden am Start stand kam von der Winde der Hinweis, dass ich einen Jubil\u00e4ums-Schlepp machen w\u00fcrde - Nummer 2.500 seit Beginn des Schleppens im Verein. Ich hab mir da auch m\u00e4chtig M\u00fche gegeben, dass der kein Startabbruch wurde. Ansonsten war das Schleppen heute etwas ungew\u00f6hnlich, da\u2026","rel":"","context":"In &quot;Allgemein&quot;","img":{"alt_text":"","src":"","width":0,"height":0},"classes":[]}],"_links":{"self":[{"href":"https:\/\/fliegerblog.rjs.de\/index.php?rest_route=\/wp\/v2\/posts\/425","targetHints":{"allow":["GET"]}}],"collection":[{"href":"https:\/\/fliegerblog.rjs.de\/index.php?rest_route=\/wp\/v2\/posts"}],"about":[{"href":"https:\/\/fliegerblog.rjs.de\/index.php?rest_route=\/wp\/v2\/types\/post"}],"author":[{"embeddable":true,"href":"https:\/\/fliegerblog.rjs.de\/index.php?rest_route=\/wp\/v2\/users\/1"}],"replies":[{"embeddable":true,"href":"https:\/\/fliegerblog.rjs.de\/index.php?rest_route=%2Fwp%2Fv2%2Fcomments&post=425"}],"version-history":[{"count":0,"href":"https:\/\/fliegerblog.rjs.de\/index.php?rest_route=\/wp\/v2\/posts\/425\/revisions"}],"wp:attachment":[{"href":"https:\/\/fliegerblog.rjs.de\/index.php?rest_route=%2Fwp%2Fv2%2Fmedia&parent=425"}],"wp:term":[{"taxonomy":"category","embeddable":true,"href":"https:\/\/fliegerblog.rjs.de\/index.php?rest_route=%2Fwp%2Fv2%2Fcategories&post=425"},{"taxonomy":"post_tag","embeddable":true,"href":"https:\/\/fliegerblog.rjs.de\/index.php?rest_route=%2Fwp%2Fv2%2Ftags&post=425"}],"curies":[{"name":"wp","href":"https:\/\/api.w.org\/{rel}","templated":true}]}}