{"id":424,"date":"2011-04-27T08:07:02","date_gmt":"2011-04-27T07:07:02","guid":{"rendered":"http:\/\/www.rjs.de\/fliegerblog\/?p=424"},"modified":"2011-04-27T08:07:02","modified_gmt":"2011-04-27T07:07:02","slug":"neue-flugrouten-am-frankfurter-flughafen-ostwind-ist-sch","status":"publish","type":"post","link":"https:\/\/fliegerblog.rjs.de\/?p=424","title":{"rendered":"Neue Flugrouten am Frankfurter Flughafen &#8211; Ostwind ist sch&#8230;"},"content":{"rendered":"<p>Wie schon mehrfach gepostet, ist hier in der Gegend Ostwind verdammter Mist. Denn es gibt in der N\u00e4he keinen einzigen brauchbaren Hang zum Gleitschirmfliegen. Dazu kommt jetzt aber noch eine weitere Komponente, warum ich Ostwind hasse &#8211; die neuen Flugrouten am Flughafen Frankfurt. Denn seit einigen Tagen donnern die Jets im Anflug teils direkt \u00fcber meinen Wohnort. Da Ostwind oft mit sch\u00f6nem Sonnenwetter zumsammenf\u00e4llt, wird einem der Aufenthalt durch die Drecksflugzeuge verleitet. Das Fenster sollte man bei dieser Wetterlage Nachts auch besser schlie\u00dfen. Ich k\u00f6nnte kot&#8230;<\/p>\n<p>Zwar sind wir bei Weitem nicht so stark betroffen wie die Anwohner von Fl\u00f6rsheim, R\u00fcsselsheim oder Neu Isenburg. Aber man muss ja nicht unbedingt diejenigen zum Ma\u00dfstab nehmen, denen es noch schlechter geht. Wenn die neue Startbahn noch kommt, wird das ganze Rhein-Main-Gebiet in Geiselhaft genommen und misshandelt \ud83d\ude41<\/p>\n<p>Was bleibt ist der Kampf gegen den Flughafen. Jetzt werde ich auch aktiv. Zumal die neuen Flugrouten mich zudem im Gleitschirmfliegen beeintr\u00e4chtigen (was mir weniger stinkt &#8211; aber immerhin), denn in der Gegend von Bad Kreuznach wurden die erlaubten Flugh\u00f6hen f\u00fcr Gleitschirme erheblich abgesenkt.<\/p>\n","protected":false},"excerpt":{"rendered":"<p>Wie schon mehrfach gepostet, ist hier in der Gegend Ostwind verdammter Mist. Denn es gibt in der N\u00e4he keinen einzigen brauchbaren Hang zum Gleitschirmfliegen. Dazu kommt jetzt aber noch eine weitere Komponente, warum ich Ostwind hasse &#8211; die neuen Flugrouten am Flughafen Frankfurt. Denn seit einigen Tagen donnern die Jets im Anflug teils direkt \u00fcber &hellip; <a href=\"https:\/\/fliegerblog.rjs.de\/?p=424\" class=\"more-link\"><span class=\"screen-reader-text\">\u201eNeue Flugrouten am Frankfurter Flughafen &#8211; Ostwind ist sch&#8230;\u201c<\/span> weiterlesen<\/a><\/p>\n","protected":false},"author":1,"featured_media":0,"comment_status":"open","ping_status":"open","sticky":false,"template":"","format":"standard","meta":{"jetpack_post_was_ever_published":false,"footnotes":"","jetpack_publicize_message":"","jetpack_is_tweetstorm":false,"jetpack_publicize_feature_enabled":true,"jetpack_social_options":[]},"categories":[2],"tags":[],"class_list":["post-424","post","type-post","status-publish","format-standard","hentry","category-allgemein"],"jetpack_publicize_connections":[],"jetpack_featured_media_url":"","jetpack_shortlink":"https:\/\/wp.me\/p788kK-6Q","jetpack-related-posts":[{"id":11,"url":"https:\/\/fliegerblog.rjs.de\/?p=11","url_meta":{"origin":424,"position":0},"title":"Jahresabschluss bei Ostwind","date":"Dezember 29, 2008","format":false,"excerpt":"Es ist mal wieder Ostwind. Ich h\u00e4tte nach KH fahren sollen, denn da muss es richtig gut gegangen sein. Nur mein Gurtzeug ist nicht ganz in Ordnung (gl\u00fccklicher Weise nicht viel kaputt - war heute abend einfach zu reparieren) und heute morgen hatte ich zudem zuviel zu tun. War letztendlich\u2026","rel":"","context":"In &quot;Allgemein&quot;","img":{"alt_text":"","src":"","width":0,"height":0},"classes":[]},{"id":2147,"url":"https:\/\/fliegerblog.rjs.de\/?p=2147","url_meta":{"origin":424,"position":1},"title":"Deichspringen","date":"Mai 12, 2025","format":false,"excerpt":"In der Tat sieht die Windrichtung weiter so aus als w\u00e4re es die ganze Woche nix mit der gro\u00dfen D\u00fcne in Zoutelande, an der ich letztes Jahr zwei tolle Fl\u00fcge mit etwa einer Stunde Airtime jeweils gehabt habe. Aber es gibt ein paar Alternativen und eine haben wir heute ausprobiert.\u2026","rel":"","context":"\u00c4hnlicher Beitrag","img":{"alt_text":"","src":"https:\/\/i0.wp.com\/blogger.googleusercontent.com\/img\/b\/R29vZ2xl\/AVvXsEiQeYKmblJJfPYyiDl-Fu1tVbeIcQFrmzCCHcYeoSU0Jhp63ZD9bLbgIeLo83z-EDbw4Yqx48nkqu27gODk0Tch6jciV8KScf-pfXb9qFw4is6RDboB9kqn4ir47lAsNWAaX6NneKwcKm-aUQe_eTVgfz30V6UmodOqn5L5V3qkNa19adXBBfulrAJdMS_U\/s320\/25-05-12%2011-51-48%209160.jpg?resize=350%2C200&ssl=1","width":350,"height":200},"classes":[]},{"id":120,"url":"https:\/\/fliegerblog.rjs.de\/?p=120","url_meta":{"origin":424,"position":2},"title":"Ich hasse irgendwie Ostwind","date":"Februar 17, 2007","format":false,"excerpt":"Bei Ostwind gibt es im Taunus einfach keine gescheiten H\u00e4nge. Da scheinen 7 Sonnen am Himmel und am Freitag t\u00f6nt alles, wie tolles Flugwetter es wird und wir m\u00f6glichst schon vor dem Aufstehen nach KH an einen O-SO-Hang abd\u00fcsen. Und dann kommt keiner aus den P\u00f6tten. Und \u00fcberhaupt w\u00e4re der\u2026","rel":"","context":"In &quot;Allgemein&quot;","img":{"alt_text":"","src":"","width":0,"height":0},"classes":[]},{"id":704,"url":"https:\/\/fliegerblog.rjs.de\/?p=704","url_meta":{"origin":424,"position":3},"title":"Weinbergfliegen in Duchroth","date":"September 28, 2013","format":false,"excerpt":"Heute hab ich es seit Ewigkeiten mal wieder in die Ecke von Bad Kreuznach geschafft. Obwohl das von mir aus gar nicht weit ist, komme ich irgendwie kaum dahin (zumindest nicht zum Fliegen). Aber heute sind wir un 12:00 Uhr gleich 7-Mann-hoch in Duchroth eingefallen. Den Hang habe ich bisher\u2026","rel":"","context":"In &quot;Allgemein&quot;","img":{"alt_text":"","src":"","width":0,"height":0},"classes":[]},{"id":1467,"url":"https:\/\/fliegerblog.rjs.de\/?p=1467","url_meta":{"origin":424,"position":4},"title":"Ostwind und Neugier","date":"Juni 30, 2018","format":false,"excerpt":"Zwar legt der Sommer an diesem Wochenende wieder ein rasantes Zwischenspiel mit viel Sonne und extrem hohen Temperaturen ein, aber es gibt auch best\u00e4ndigen Ostwind. Und das ist bei uns in der Gegend immer mau. Das geplante Schleppen in Singhofen heute wurde abgesagt, weil der Wind sowohl quer zur Bahn\u2026","rel":"","context":"\u00c4hnlicher Beitrag","img":{"alt_text":"","src":"https:\/\/i0.wp.com\/3.bp.blogspot.com\/-zNIcIqfNllE\/WzkbyHQwY_I\/AAAAAAAAEAY\/yq7d8A_C_5YxBFC9XpIjA1aI6SiMzUPnwCEwYBhgL\/s640\/WhatsApp%2BImage%2B2018-06-30%2Bat%2B12.14.09.jpeg?resize=350%2C200&ssl=1","width":350,"height":200},"classes":[]},{"id":885,"url":"https:\/\/fliegerblog.rjs.de\/?p=885","url_meta":{"origin":424,"position":5},"title":"Winterfliegen in Duchroth","date":"Januar 21, 2015","format":false,"excerpt":"Das Wetter war heute ziemlich unfreundlich und kalt. Dazu noch reiner Ostwind. Da gibt es bei uns in der Gegend eigentlich keine vern\u00fcftige M\u00f6glichkeit zum Fliegen. Aber in der Ecke von Bingen - Bad Kreuznach daf\u00fcr umso mehr H\u00e4nge. Deshalb sind wir trotz des nasskalten Wetters gegen 11:00 Uhr mit\u2026","rel":"","context":"In &quot;Allgemein&quot;","img":{"alt_text":"","src":"","width":0,"height":0},"classes":[]}],"_links":{"self":[{"href":"https:\/\/fliegerblog.rjs.de\/index.php?rest_route=\/wp\/v2\/posts\/424","targetHints":{"allow":["GET"]}}],"collection":[{"href":"https:\/\/fliegerblog.rjs.de\/index.php?rest_route=\/wp\/v2\/posts"}],"about":[{"href":"https:\/\/fliegerblog.rjs.de\/index.php?rest_route=\/wp\/v2\/types\/post"}],"author":[{"embeddable":true,"href":"https:\/\/fliegerblog.rjs.de\/index.php?rest_route=\/wp\/v2\/users\/1"}],"replies":[{"embeddable":true,"href":"https:\/\/fliegerblog.rjs.de\/index.php?rest_route=%2Fwp%2Fv2%2Fcomments&post=424"}],"version-history":[{"count":0,"href":"https:\/\/fliegerblog.rjs.de\/index.php?rest_route=\/wp\/v2\/posts\/424\/revisions"}],"wp:attachment":[{"href":"https:\/\/fliegerblog.rjs.de\/index.php?rest_route=%2Fwp%2Fv2%2Fmedia&parent=424"}],"wp:term":[{"taxonomy":"category","embeddable":true,"href":"https:\/\/fliegerblog.rjs.de\/index.php?rest_route=%2Fwp%2Fv2%2Fcategories&post=424"},{"taxonomy":"post_tag","embeddable":true,"href":"https:\/\/fliegerblog.rjs.de\/index.php?rest_route=%2Fwp%2Fv2%2Ftags&post=424"}],"curies":[{"name":"wp","href":"https:\/\/api.w.org\/{rel}","templated":true}]}}