{"id":423,"date":"2011-04-23T20:52:19","date_gmt":"2011-04-23T19:52:19","guid":{"rendered":"http:\/\/www.rjs.de\/fliegerblog\/?p=423"},"modified":"2011-04-23T20:52:19","modified_gmt":"2011-04-23T19:52:19","slug":"schleppsaison-eroffnet-und-sowas-von-dem-wurm-drin-gewesen","status":"publish","type":"post","link":"https:\/\/fliegerblog.rjs.de\/?p=423","title":{"rendered":"Schleppsaison er\u00f6ffnet &#8211; und sowas von dem Wurm drin gewesen"},"content":{"rendered":"<p>Bin heute gute 140 Km nach Alsfeld gefahren, um f\u00fcr mich f\u00fcr dieses Jahr die Schleppsaison zu er\u00f6ffnen. Aber ich habe noch kein Schleppen erlebt, bei dem derma\u00dfen der Wurm drin war. Ich kam gegen 10:30 Uhr an, weil es schon gegen 10:00 Uhr los gehen sollte. Und was war? Die Winde und die Ersatzwinde waren defekt. Die Leutchen vor Ort haben zwar Himmel und H\u00f6lle in Bewegung gesetzt, aber erst um 15:00 Uhr war eine der Winden wieder einsatzbereit. Inzwischen hat es gegen die Prognosen auch ziemlich geblasen und von daher w\u00e4re vorher sowieso nix gegangen. Gegen 16:00 Uhr hatte ich dann meinen ersten Schlepp f\u00fcr dieses Jahr. Nix gro\u00dfes, aber auch kein Reinfall. Dumm nur &#8211; es blieb der einzige an dem Tag :-(. St\u00e4ndig gab es Probleme. Mal ging das Quad nicht, dann gab es Seilrisse, dann \u00dcberw\u00fcrfe, dann kam ein Segelflieger rein usw. Ich hatte zwar noch einen zweiten Startversuch, aber da ist nach 30 Metern die Sollbruchstelle gebrochen. Ich hatte dann genug. Es muss wohl auch so Tage geben ;-(. Nur daf\u00fcr braucht man doch nicht so weit fahren &#8230;<\/p>\n","protected":false},"excerpt":{"rendered":"<p>Bin heute gute 140 Km nach Alsfeld gefahren, um f\u00fcr mich f\u00fcr dieses Jahr die Schleppsaison zu er\u00f6ffnen. Aber ich habe noch kein Schleppen erlebt, bei dem derma\u00dfen der Wurm drin war. Ich kam gegen 10:30 Uhr an, weil es schon gegen 10:00 Uhr los gehen sollte. Und was war? Die Winde und die Ersatzwinde &hellip; <a href=\"https:\/\/fliegerblog.rjs.de\/?p=423\" class=\"more-link\"><span class=\"screen-reader-text\">\u201eSchleppsaison er\u00f6ffnet &#8211; und sowas von dem Wurm drin gewesen\u201c<\/span> weiterlesen<\/a><\/p>\n","protected":false},"author":1,"featured_media":0,"comment_status":"open","ping_status":"open","sticky":false,"template":"","format":"standard","meta":{"jetpack_post_was_ever_published":false,"footnotes":"","jetpack_publicize_message":"","jetpack_is_tweetstorm":false,"jetpack_publicize_feature_enabled":true,"jetpack_social_options":[]},"categories":[2],"tags":[],"class_list":["post-423","post","type-post","status-publish","format-standard","hentry","category-allgemein"],"jetpack_publicize_connections":[],"jetpack_featured_media_url":"","jetpack_shortlink":"https:\/\/wp.me\/p788kK-6P","jetpack-related-posts":[{"id":1342,"url":"https:\/\/fliegerblog.rjs.de\/?p=1342","url_meta":{"origin":423,"position":0},"title":"Meine Saisoner\u00f6ffnung in Neu-Anspach = Abschluss der Windensaison in Neu-Anspach","date":"Oktober 26, 2017","format":false,"excerpt":"In den vergangenen Jahren bin ich ziemlich oft auf dem Flugplatz in Obernhain an der Winde geflogen. Eigentlich mehr als sonst irgendwo. Aber irgendwie kam ich dieses Jahr noch nicht dahin. Genaugenommen sogar sind es mittlerweile 2 Jahre her, seit ich das letzte Mal dort geflogen bin - wenn ich\u2026","rel":"","context":"\u00c4hnlicher Beitrag","img":{"alt_text":"","src":"https:\/\/i0.wp.com\/3.bp.blogspot.com\/--wxEoUXVewg\/WfIXV5EP0xI\/AAAAAAAADow\/6VvKfLIuLlEsSiQP3rsuoU2u-FQLi_dkgCLcBGAs\/s320\/GOPR7270.JPG?resize=350%2C200&ssl=1","width":350,"height":200},"classes":[]},{"id":1235,"url":"https:\/\/fliegerblog.rjs.de\/?p=1235","url_meta":{"origin":423,"position":1},"title":"Sch\u00f6n fr\u00fche Er\u00f6ffnung der Windensaision dieses Jahr","date":"M\u00e4rz 26, 2017","format":false,"excerpt":"Gestern kam dann doch schon mein Schirm vom Check zur\u00fcck und deshalb konnte ich heute zur 1. Windenschleppgemeinschaft Rheinhessen nach Wallertheim fahren. Da war Er\u00f6ffnung der Schleppsaison angesetzt. Dabei waren die Bedingungen rund herum nicht ganz unkritisch. Gestern war es noch verdammt b\u00f6ig und auch heute habe ich auf WhatsApp\u2026","rel":"","context":"In \"1. Windenschleppgemeinschaft Rheinhessen\"","img":{"alt_text":"","src":"https:\/\/i0.wp.com\/2.bp.blogspot.com\/-EDm-WYfLe8c\/WNfv3d8YXEI\/AAAAAAAADWM\/QrZ71SyuP9kheDVnW88H5YAxxtY_YOcnACLcB\/s320\/IMG_20170326_135100.jpg?resize=350%2C200&ssl=1","width":350,"height":200},"classes":[]},{"id":1346,"url":"https:\/\/fliegerblog.rjs.de\/?p=1346","url_meta":{"origin":423,"position":2},"title":"Nochmal Schleppen in Singhofen","date":"Oktober 31, 2017","format":false,"excerpt":"Wegen des Feiertags konnten wir heute noch einmal Schleppen in Singhofen. Wir waren seit der Freigabe des Platzes f\u00fcr uns vor einige Wochen jetzt schon 3x da, aber heute sollte es das meines Erachtens f\u00fcr die Schleppsaison da gewesen sein. Auch die anderen Schlepplocations d\u00fcrften so langsam die Winterpause einl\u00e4uten\u2026","rel":"","context":"\u00c4hnlicher Beitrag","img":{"alt_text":"","src":"https:\/\/i0.wp.com\/2.bp.blogspot.com\/-N9TR-rtmOYA\/Wfia7jDmOPI\/AAAAAAAADp0\/iDigFGKYqqkuqxwTBXEJa6XPmIHRnCPogCLcBGAs\/s320\/GOPR7766.JPG?resize=350%2C200&ssl=1","width":350,"height":200},"classes":[]},{"id":1672,"url":"https:\/\/fliegerblog.rjs.de\/?p=1672","url_meta":{"origin":423,"position":3},"title":"Das Ende der Schleppsaison ist wieder nahe &#8230;","date":"Oktober 24, 2019","format":false,"excerpt":"... aber heute konnte ich nochmal das sch\u00f6ne Wetter ausnutzen und zu dem kurzfristig angesetzten Schleppen nach Neu-Anspach fahren.\u00a0 Da hatte ich dieses Jahr die Schleppsaison begonnen und - wenn es nicht noch ein paar Termine in Singhofen, Wallertheim oder sonst gibt - da habe damit heute also das Ende\u2026","rel":"","context":"\u00c4hnlicher Beitrag","img":{"alt_text":"","src":"https:\/\/i0.wp.com\/1.bp.blogspot.com\/-sOVeFfKq0rI\/XbHfRLJy4qI\/AAAAAAAAFGg\/MwIv9yihO7MuOBfMwe6kk-UmCxUj9likQCLcBGAsYHQ\/s320\/GOPR2392.JPG?resize=350%2C200&ssl=1","width":350,"height":200},"classes":[]},{"id":42,"url":"https:\/\/fliegerblog.rjs.de\/?p=42","url_meta":{"origin":423,"position":4},"title":"Reisebericht Husby, D\u00e4nemark","date":"Juni 29, 2008","format":false,"excerpt":"Flugtagebuch K\u00fcstensoaren in Husby - D\u00e4nemark im Juni 200821. JuniIch bin wieder zum K\u00fcstenfliegen in D\u00e4nemark. In Husby, etwa 150 Kilometer s\u00fcdlich von Loekken, wo ich letztes Jahr war. Nachdem der Trip letztes Jahr eigentlich ein Reinfall war und ich in einer Woche nur einen Tag zum Fliegen kam, wollte\u2026","rel":"","context":"In &quot;Allgemein&quot;","img":{"alt_text":"","src":"https:\/\/i0.wp.com\/img.youtube.com\/vi\/1PDZNyzILZw\/0.jpg?resize=350%2C200","width":350,"height":200},"classes":[]},{"id":453,"url":"https:\/\/fliegerblog.rjs.de\/?p=453","url_meta":{"origin":423,"position":5},"title":"Endlich einmal wieder &#8211; Schleppen in Neu Anspach","date":"August 4, 2011","format":false,"excerpt":"Die letzten Jahre war ich ziemlich oft zum Schleppen in Neu Anspach auf dem Flugplatz. Aber dieses Jahr war bisher der Wurm drin. Erst 1x ging es \u00fcberhaupt da mit Schleppen (erst Winde kaputt und dann Mistwetter an den geplanten Schleptagen) und da konnte ich nicht :-(. Aber heute sah\u2026","rel":"","context":"In &quot;Allgemein&quot;","img":{"alt_text":"","src":"","width":0,"height":0},"classes":[]}],"_links":{"self":[{"href":"https:\/\/fliegerblog.rjs.de\/index.php?rest_route=\/wp\/v2\/posts\/423","targetHints":{"allow":["GET"]}}],"collection":[{"href":"https:\/\/fliegerblog.rjs.de\/index.php?rest_route=\/wp\/v2\/posts"}],"about":[{"href":"https:\/\/fliegerblog.rjs.de\/index.php?rest_route=\/wp\/v2\/types\/post"}],"author":[{"embeddable":true,"href":"https:\/\/fliegerblog.rjs.de\/index.php?rest_route=\/wp\/v2\/users\/1"}],"replies":[{"embeddable":true,"href":"https:\/\/fliegerblog.rjs.de\/index.php?rest_route=%2Fwp%2Fv2%2Fcomments&post=423"}],"version-history":[{"count":0,"href":"https:\/\/fliegerblog.rjs.de\/index.php?rest_route=\/wp\/v2\/posts\/423\/revisions"}],"wp:attachment":[{"href":"https:\/\/fliegerblog.rjs.de\/index.php?rest_route=%2Fwp%2Fv2%2Fmedia&parent=423"}],"wp:term":[{"taxonomy":"category","embeddable":true,"href":"https:\/\/fliegerblog.rjs.de\/index.php?rest_route=%2Fwp%2Fv2%2Fcategories&post=423"},{"taxonomy":"post_tag","embeddable":true,"href":"https:\/\/fliegerblog.rjs.de\/index.php?rest_route=%2Fwp%2Fv2%2Ftags&post=423"}],"curies":[{"name":"wp","href":"https:\/\/api.w.org\/{rel}","templated":true}]}}