{"id":42,"date":"2008-06-29T13:05:00","date_gmt":"2008-06-29T13:05:00","guid":{"rendered":"http:\/\/www.rjs.de\/fliegerblog\/?p=42"},"modified":"2008-06-29T13:05:00","modified_gmt":"2008-06-29T13:05:00","slug":"reisebericht-husby-danemark","status":"publish","type":"post","link":"https:\/\/fliegerblog.rjs.de\/?p=42","title":{"rendered":"Reisebericht Husby, D\u00e4nemark"},"content":{"rendered":"<h5>Flugtagebuch K\u00fcstensoaren in Husby &#8211; D\u00e4nemark im Juni 2008<\/h5>\n<p><span style=\"font-weight:bold;\">21. Juni<\/span><br \/><a onblur=\"try {parent.deselectBloggerImageGracefully();} catch(e) {}\" href=\"https:\/\/i0.wp.com\/bp1.blogger.com\/_lY4VOIwoBZk\/SGi2dU3ebCI\/AAAAAAAAAG8\/Ar5DncKMxMw\/s1600-h\/P1010013.JPG\"><img decoding=\"async\" style=\"float:right; margin:0 0 10px 10px;cursor:pointer; cursor:hand;\" src=\"https:\/\/i0.wp.com\/bp1.blogger.com\/_lY4VOIwoBZk\/SGi2dU3ebCI\/AAAAAAAAAG8\/Ar5DncKMxMw\/s200\/P1010013.JPG?w=840\" border=\"0\" alt=\"\" id=\"BLOGGER_PHOTO_ID_5217620783242570786\" data-recalc-dims=\"1\" \/><\/a><br \/><a onblur=\"try {parent.deselectBloggerImageGracefully();} catch(e) {}\" href=\"https:\/\/i0.wp.com\/bp1.blogger.com\/_lY4VOIwoBZk\/SGi2d_rMYOI\/AAAAAAAAAHE\/HI_ro7B9Ujk\/s1600-h\/P1010018.JPG\"><img decoding=\"async\" style=\"float:right; margin:0 0 10px 10px;cursor:pointer; cursor:hand;\" src=\"https:\/\/i0.wp.com\/bp1.blogger.com\/_lY4VOIwoBZk\/SGi2d_rMYOI\/AAAAAAAAAHE\/HI_ro7B9Ujk\/s200\/P1010018.JPG?w=840\" border=\"0\" alt=\"\" id=\"BLOGGER_PHOTO_ID_5217620794733781218\" data-recalc-dims=\"1\" \/><\/a><br \/><a onblur=\"try {parent.deselectBloggerImageGracefully();} catch(e) {}\" href=\"https:\/\/i0.wp.com\/bp0.blogger.com\/_lY4VOIwoBZk\/SGi2eFMqeZI\/AAAAAAAAAHM\/oCOZO9faI9w\/s1600-h\/P1010022.JPG\"><img decoding=\"async\" style=\"float:right; margin:0 0 10px 10px;cursor:pointer; cursor:hand;\" src=\"https:\/\/i0.wp.com\/bp0.blogger.com\/_lY4VOIwoBZk\/SGi2eFMqeZI\/AAAAAAAAAHM\/oCOZO9faI9w\/s200\/P1010022.JPG?w=840\" border=\"0\" alt=\"\" id=\"BLOGGER_PHOTO_ID_5217620796216342930\" data-recalc-dims=\"1\" \/><\/a><br \/><a onblur=\"try {parent.deselectBloggerImageGracefully();} catch(e) {}\" href=\"https:\/\/i0.wp.com\/bp3.blogger.com\/_lY4VOIwoBZk\/SGi2ebLwZzI\/AAAAAAAAAHU\/gX6TueFPrVU\/s1600-h\/P1010024.JPG\"><img decoding=\"async\" style=\"float:right; margin:0 0 10px 10px;cursor:pointer; cursor:hand;\" src=\"https:\/\/i0.wp.com\/bp3.blogger.com\/_lY4VOIwoBZk\/SGi2ebLwZzI\/AAAAAAAAAHU\/gX6TueFPrVU\/s200\/P1010024.JPG?w=840\" border=\"0\" alt=\"\" id=\"BLOGGER_PHOTO_ID_5217620802118117170\" data-recalc-dims=\"1\" \/><\/a><br \/><a onblur=\"try {parent.deselectBloggerImageGracefully();} catch(e) {}\" href=\"https:\/\/i0.wp.com\/bp2.blogger.com\/_lY4VOIwoBZk\/SGi2eqD6SII\/AAAAAAAAAHc\/ulYKEOB0FEs\/s1600-h\/P1010025.JPG\"><img decoding=\"async\" style=\"float:right; margin:0 0 10px 10px;cursor:pointer; cursor:hand;\" src=\"https:\/\/i0.wp.com\/bp2.blogger.com\/_lY4VOIwoBZk\/SGi2eqD6SII\/AAAAAAAAAHc\/ulYKEOB0FEs\/s200\/P1010025.JPG?w=840\" border=\"0\" alt=\"\" id=\"BLOGGER_PHOTO_ID_5217620806111742082\" data-recalc-dims=\"1\" \/><\/a>Ich bin wieder zum K\u00fcstenfliegen in D\u00e4nemark. In Husby, etwa 150 Kilometer s\u00fcdlich von Loekken, wo ich letztes Jahr war. Nachdem der Trip letztes Jahr eigentlich ein Reinfall war und ich in einer Woche nur einen Tag zum Fliegen kam, wollte ich eigentlich das Risiko nicht mehr eingehen. Hier oben kann es halt ziemlich ziehen.<br \/>Aber da die Flugschule, \u00fcber die ich letztes Jahr die Reise gebucht hatte, mir einen Gutschein wegen den miesen Bedingungen im letzten Jahr gegeben hatte, und mir eine Schulung weggebrochen war, bot sich diese Woche einfach an. Und der eine Tag in Loekken letztes Jahr war so begeisternd, dass ich D\u00e4nemark einfach noch eine Chance geben will. Soaren an der D\u00fcne ist einfach unbeschreiblich.<br \/>Gegen 4:30 Uhr bin ich los. Mit meinem neuen Auto. Nachdem ich die letzten Jahre auch solche Riesentouren wie nach Loekken mit meinem Smart gefahren bin (samt Gleitschirmausr\u00fcstung), war die Anfahrt mit dem neuen Subaru Forester gar kein Vergleich. Platz ohne Ende, Tempomat, unh\u00f6rbarer Motor, Luxus an allen Ecken. Ich bin schon Duzende von Autos gefahren, aber so entspannt bin ich so eine Strecke noch nie gefahren. So gesehen f\u00e4ngt die Sache schon mal gut an.<br \/>Um 15:00 Uhr war ich am Campingplatz, auf dem ich eine Minih\u00fctte gemietet habe. Viel zu teuer f\u00fcr die winzige H\u00fctte. Kein Herd, kein Wasser, kein Schrank. Aber zumindest ganz gem\u00fctlich. <br \/>Auf der Fahrt hatte es ziemlich geregnet, aber hier lacht die Sonne. Da noch niemand von wegen Fliegern hier ist, bin ich erst einmal ins Freibad auf dem Campingplatz. Sch\u00f6n war&#8217;s, aber saukalt.<br \/>Um 19:00 Uhr war dann Treffen der Reiseteilnehmer. Und da der Wind richtig gut aus West kam, habe ich vorher schon auf gl\u00fchenden Kohlen gesessen. Dann hie\u00df es 20:00 Uhr am Strand mal schauen, ob was geht. Bin sofort los und hab vom Parkplatz \u00fcber die D\u00fcnen schon einen Schirm soaren gesehen. Also nix wie hingehetzt. War ein Einheimischer, der meinte, dass es perfekt w\u00e4re und er gerade ne halbe Stunde oben geblieben war. Da war nix mehr mit auf den Rest warten. Bin sofort raus und was soll ich sagen \u2013 TRAUMHAFT! So und nicht anders wollte ich es haben. Bis der Rest da war, war ich schon fast ne halbe Stunde an der K\u00fcste gesoart. Ging fast den gesamten Abend saugut. Ich konnte mich gegen 21:15 Uhr nicht mehr halten und hab aufgegeben (war auch fertig), aber zwischenzeitlich war ich vielleicht 15 Minuten am Boden. Bin zwar immer wieder mal zu weit von der Kante weg geraten und muss zwischenlanden, bin aber immer wieder auf die D\u00fcne hochgekommen und wieder in die Luft. 3 \u2013 4 Fl\u00fcge waren definitiv l\u00e4nger wie 20 Minuten und ich habe riesige Strecke die D\u00fcne entlang gemacht. Zumindest f\u00fcr meine Verh\u00e4ltnisse. Bin als einziger soweit Richtung S\u00fcden runter und dort auf 1 bis 2 Kilometer teils 5 \u2013 6 mal die Kante voll entlang geflogen. Der Abend hat schon fast die gesamte Anreise gelohnt. Leider soll Sonntag nicht viel gehen. Aber der Rest der Woche hat noch alle Chancen.<br \/><a onblur=\"try {parent.deselectBloggerImageGracefully();} catch(e) {}\" href=\"https:\/\/i0.wp.com\/bp2.blogger.com\/_lY4VOIwoBZk\/SGi4nz8hawI\/AAAAAAAAAHk\/FDh69OU9hqM\/s1600-h\/P1010028.JPG\"><img decoding=\"async\" style=\"float:left; margin:0 10px 10px 0;cursor:pointer; cursor:hand;\" src=\"https:\/\/i0.wp.com\/bp2.blogger.com\/_lY4VOIwoBZk\/SGi4nz8hawI\/AAAAAAAAAHk\/FDh69OU9hqM\/s200\/P1010028.JPG?w=840\" border=\"0\" alt=\"\" id=\"BLOGGER_PHOTO_ID_5217623162407185154\" data-recalc-dims=\"1\" \/><\/a><br \/><a onblur=\"try {parent.deselectBloggerImageGracefully();} catch(e) {}\" href=\"https:\/\/i0.wp.com\/bp1.blogger.com\/_lY4VOIwoBZk\/SGi4oCijE8I\/AAAAAAAAAHs\/1driNQ6DD6M\/s1600-h\/P1010030.JPG\"><img decoding=\"async\" style=\"float:left; margin:0 10px 10px 0;cursor:pointer; cursor:hand;\" src=\"https:\/\/i0.wp.com\/bp1.blogger.com\/_lY4VOIwoBZk\/SGi4oCijE8I\/AAAAAAAAAHs\/1driNQ6DD6M\/s200\/P1010030.JPG?w=840\" border=\"0\" alt=\"\" id=\"BLOGGER_PHOTO_ID_5217623166324773826\" data-recalc-dims=\"1\" \/><\/a><br \/><a onblur=\"try {parent.deselectBloggerImageGracefully();} catch(e) {}\" href=\"https:\/\/i0.wp.com\/bp0.blogger.com\/_lY4VOIwoBZk\/SGi4oSLVXPI\/AAAAAAAAAH0\/DB09n8_t-UY\/s1600-h\/P1010034.JPG\"><img decoding=\"async\" style=\"float:left; margin:0 10px 10px 0;cursor:pointer; cursor:hand;\" src=\"https:\/\/i0.wp.com\/bp0.blogger.com\/_lY4VOIwoBZk\/SGi4oSLVXPI\/AAAAAAAAAH0\/DB09n8_t-UY\/s200\/P1010034.JPG?w=840\" border=\"0\" alt=\"\" id=\"BLOGGER_PHOTO_ID_5217623170522373362\" data-recalc-dims=\"1\" \/><\/a><br \/><a onblur=\"try {parent.deselectBloggerImageGracefully();} catch(e) {}\" href=\"https:\/\/i0.wp.com\/bp3.blogger.com\/_lY4VOIwoBZk\/SGi4pHwRqUI\/AAAAAAAAAH8\/s4FyaEm23yc\/s1600-h\/P1010058.JPG\"><img decoding=\"async\" style=\"float:left; margin:0 10px 10px 0;cursor:pointer; cursor:hand;\" src=\"https:\/\/i0.wp.com\/bp3.blogger.com\/_lY4VOIwoBZk\/SGi4pHwRqUI\/AAAAAAAAAH8\/s4FyaEm23yc\/s200\/P1010058.JPG?w=840\" border=\"0\" alt=\"\" id=\"BLOGGER_PHOTO_ID_5217623184904399170\" data-recalc-dims=\"1\" \/><\/a><br \/><a onblur=\"try {parent.deselectBloggerImageGracefully();} catch(e) {}\" href=\"https:\/\/i0.wp.com\/bp2.blogger.com\/_lY4VOIwoBZk\/SGi4pqxqF8I\/AAAAAAAAAIE\/jEu4SidiE5M\/s1600-h\/P1010060.JPG\"><img decoding=\"async\" style=\"float:left; margin:0 10px 10px 0;cursor:pointer; cursor:hand;\" src=\"https:\/\/i0.wp.com\/bp2.blogger.com\/_lY4VOIwoBZk\/SGi4pqxqF8I\/AAAAAAAAAIE\/jEu4SidiE5M\/s200\/P1010060.JPG?w=840\" border=\"0\" alt=\"\" id=\"BLOGGER_PHOTO_ID_5217623194305435586\" data-recalc-dims=\"1\" \/><\/a><br \/><span style=\"font-weight:bold;\">22. Juni<\/span><br \/>Es hat geregnet die Nacht. Wind zu weit aus S\u00fcd und stark. Beim Treffen um 8:30 Uhr wurde entschieden, dass wir es erst gegen 17:00 Uhr noch mal probieren. Egal \u2013 war recht fertig von gestern und hab 2 Stunden Mittagsschlaf gehalten. Um 17:00 Uhr ging leider auch nix. Neuer Termin 19:30 Uhr. Dazwischen aber zumindest mein Mini-Kite am Strand gequ\u00e4lt und ein Softeis verspeist. <br \/>Am Abend ging der Wind dann zwar auf die richtige Richtung, aber die St\u00e4rke war immer noch zu heftig. Aber das Kite ist wieder sch\u00f6n geflogen (geringer Trost). Sind dann gegen 21:30 Uhr noch mal f\u00fcr eine Stunde im Landesinneren zum Groundhandlen gekommen. Konnte wenigstens was spielen und den Sand aus dem Schirm schaffen (noch ein kleiner Trost). In Loekken ging letztes Jahr nicht einmal das. Die Prognosen f\u00fcr den Rest der Woche we<br \/>\nrden besser. Nur morgen wird wohl rein gar nichts gehen. Sturm. Wir wollen ein paar Fluggebiete abklappern, Dann wird es wenigstens nicht langweilig, obwohl ich eigentlich auch mein aktuelles Buch zu AJAX-Frameworks hier in den Tagen w\u00e4hrend der Wartezeiten zu Ende bringen will.<br \/><span style=\"font-weight:bold;\">23. Juni<\/span><br \/>Es st\u00fcrmt und regnet immer wieder. Wie erwartet. Wir ziehen gleich los, um uns Fluggebiete anzusehen. Sightseeing halt.<br \/><a onblur=\"try {parent.deselectBloggerImageGracefully();} catch(e) {}\" href=\"https:\/\/i0.wp.com\/bp1.blogger.com\/_lY4VOIwoBZk\/SGi7h0XkEvI\/AAAAAAAAAI0\/8Xmh6tmnhEA\/s1600-h\/P1010087.JPG\"><img decoding=\"async\" style=\"float:right; margin:0 0 10px 10px;cursor:pointer; cursor:hand;\" src=\"https:\/\/i0.wp.com\/bp1.blogger.com\/_lY4VOIwoBZk\/SGi7h0XkEvI\/AAAAAAAAAI0\/8Xmh6tmnhEA\/s200\/P1010087.JPG?w=840\" border=\"0\" alt=\"\" id=\"BLOGGER_PHOTO_ID_5217626357976273650\" data-recalc-dims=\"1\" \/><\/a><br \/><a onblur=\"try {parent.deselectBloggerImageGracefully();} catch(e) {}\" href=\"https:\/\/i0.wp.com\/bp2.blogger.com\/_lY4VOIwoBZk\/SGi7iAn4wxI\/AAAAAAAAAI8\/AJke9iSuKEw\/s1600-h\/P1010085.JPG\"><img decoding=\"async\" style=\"float:right; margin:0 0 10px 10px;cursor:pointer; cursor:hand;\" src=\"https:\/\/i0.wp.com\/bp2.blogger.com\/_lY4VOIwoBZk\/SGi7iAn4wxI\/AAAAAAAAAI8\/AJke9iSuKEw\/s200\/P1010085.JPG?w=840\" border=\"0\" alt=\"\" id=\"BLOGGER_PHOTO_ID_5217626361265963794\" data-recalc-dims=\"1\" \/><\/a><br \/><a onblur=\"try {parent.deselectBloggerImageGracefully();} catch(e) {}\" href=\"https:\/\/i0.wp.com\/bp3.blogger.com\/_lY4VOIwoBZk\/SGi7iSlYm6I\/AAAAAAAAAJE\/zFwC49eib5E\/s1600-h\/P1010076.JPG\"><img decoding=\"async\" style=\"float:right; margin:0 0 10px 10px;cursor:pointer; cursor:hand;\" src=\"https:\/\/i0.wp.com\/bp3.blogger.com\/_lY4VOIwoBZk\/SGi7iSlYm6I\/AAAAAAAAAJE\/zFwC49eib5E\/s200\/P1010076.JPG?w=840\" border=\"0\" alt=\"\" id=\"BLOGGER_PHOTO_ID_5217626366087306146\" data-recalc-dims=\"1\" \/><\/a><br \/><a onblur=\"try {parent.deselectBloggerImageGracefully();} catch(e) {}\" href=\"https:\/\/i0.wp.com\/bp0.blogger.com\/_lY4VOIwoBZk\/SGi7i1MjltI\/AAAAAAAAAJM\/W3qtNXQGCAc\/s1600-h\/P1010065.JPG\"><img decoding=\"async\" style=\"float:right; margin:0 0 10px 10px;cursor:pointer; cursor:hand;\" src=\"https:\/\/i0.wp.com\/bp0.blogger.com\/_lY4VOIwoBZk\/SGi7i1MjltI\/AAAAAAAAAJM\/W3qtNXQGCAc\/s200\/P1010065.JPG?w=840\" border=\"0\" alt=\"\" id=\"BLOGGER_PHOTO_ID_5217626375378409170\" data-recalc-dims=\"1\" \/><\/a><br \/><a onblur=\"try {parent.deselectBloggerImageGracefully();} catch(e) {}\" href=\"https:\/\/i0.wp.com\/bp2.blogger.com\/_lY4VOIwoBZk\/SGi7kW0PoMI\/AAAAAAAAAJU\/AKMQ_CwHewc\/s1600-h\/P1010063.JPG\"><img decoding=\"async\" style=\"float:right; margin:0 0 10px 10px;cursor:pointer; cursor:hand;\" src=\"https:\/\/i0.wp.com\/bp2.blogger.com\/_lY4VOIwoBZk\/SGi7kW0PoMI\/AAAAAAAAAJU\/AKMQ_CwHewc\/s200\/P1010063.JPG?w=840\" border=\"0\" alt=\"\" id=\"BLOGGER_PHOTO_ID_5217626401583112386\" data-recalc-dims=\"1\" \/><\/a><br \/><span style=\"font-weight:bold;\">24. Juni<\/span><br \/>Es sieht besser aus. Mal sehen. Heute k\u00f6nnte was gehen (Hoffnung).<br \/>Der Tag hat letztendlich viel versprochen, aber erst sp\u00e4t das Versprechen gehalten. 3x waren wir umsonst am Strand. Der Wind hat von der Richtung zwar gepasst, aber einfach nicht genug nachgelassen. Erst um 18:00 Uhr ging es f\u00fcr die schnellen Schirme. Ich habe es dann gegen 19:00 Uhr probiert. Und musste feststellen, dass der Bodyguard einfach zu langsam ist. 2x hat es mich b\u00f6s ins Lee \u00fcber die Kante geblasen. Mit \u00dcberschlag in den D\u00fcnen und Allem was dazu geh\u00f6rt. Das erste Mal hab ich vielleicht nicht richtig reagiert und war zu nahe an der Kante, aber das 2x stand ich mit offenen Bremsen voll im Beschleuniger und hatte dennoch keine Chance. Nur r\u00fcckw\u00e4rts. Und das, obwohl ich mindestens 30 Grad vor der Kante gewesen war. <br \/>Aber auch andere hat es mehrfach ins Lee gesp\u00fclt oder \u00fcber den Strand geschleudert. 2 m\u00fcssen sich richtig wehgetan haben. Werde wohl morgen mehr erfahren.<br \/>Mich hat es dann auch noch mal \u00fcber die D\u00fcne gezogen als ich am Fu\u00df der D\u00fcne stand und den Schirm unten halten wollte, weil ein Flieger \u00fcber mir nicht weg kam. Gut, dass ich fr\u00fcher auch geturnt habe. \u00dcberschlag und \u00e4hnliches geht noch ;-(. Irgendwie tut mir jetzt doch einiges weh. Aber nicht so schlimm.<br \/>Die ganze Fliegerei heute war ziemlich anspruchsvoll und anstrengend. Insbesondere f\u00fcr diese Traktor von Bodyguard grenzwertig. Aber ich denke, ich habe viel gelernt. Und ich bin nicht zuletzt sehr viel geflogen. Obwohl Samstag sch\u00f6ner, da ruhiger war, war ich wohl heute noch mehr in der Luft. Die ganze Sache ging bis weit nach dem Sonnenuntergang. Denn ab 21:30 Uhr ging es ruhiger zu. Und dennoch hatte man immer Druck im Schirm. Sauberer Seewind. Und in den Sonnenuntergang am Meer zu fliegen ist schon toll. Hab um 23:00 Uhr als einer der Letzten zusammen gepackt. <\/p>\n<p><a onblur=\"try {parent.deselectBloggerImageGracefully();} catch(e) {}\" href=\"https:\/\/i0.wp.com\/bp2.blogger.com\/_lY4VOIwoBZk\/SGi1HQx_eKI\/AAAAAAAAAGk\/D7AUBRB_3IQ\/s1600-h\/P6240079.JPG\"><img decoding=\"async\" style=\"float:left; margin:0 10px 10px 0;cursor:pointer; cursor:hand;\" src=\"https:\/\/i0.wp.com\/bp2.blogger.com\/_lY4VOIwoBZk\/SGi1HQx_eKI\/AAAAAAAAAGk\/D7AUBRB_3IQ\/s200\/P6240079.JPG?w=840\" border=\"0\" alt=\"\" id=\"BLOGGER_PHOTO_ID_5217619304677079202\" data-recalc-dims=\"1\" \/><\/a><br \/><a onblur=\"try {parent.deselectBloggerImageGracefully();} catch(e) {}\" href=\"https:\/\/i0.wp.com\/bp1.blogger.com\/_lY4VOIwoBZk\/SGi1H7R4YeI\/AAAAAAAAAGs\/9DMpYyIKeiI\/s1600-h\/P6240080.JPG\"><img decoding=\"async\" style=\"float:left; margin:0 10px 10px 0;cursor:pointer; cursor:hand;\" src=\"https:\/\/i0.wp.com\/bp1.blogger.com\/_lY4VOIwoBZk\/SGi1H7R4YeI\/AAAAAAAAAGs\/9DMpYyIKeiI\/s200\/P6240080.JPG?w=840\" border=\"0\" alt=\"\" id=\"BLOGGER_PHOTO_ID_5217619316085121506\" data-recalc-dims=\"1\" \/><\/a><br \/><a onblur=\"try {parent.deselectBloggerImageGracefully();} catch(e) {}\" href=\"https:\/\/i0.wp.com\/bp1.blogger.com\/_lY4VOIwoBZk\/SGi1IPPXyaI\/AAAAAAAAAG0\/ohnYoF6-vzg\/s1600-h\/P6240081.JPG\"><img decoding=\"async\" style=\"float:left; margin:0 10px 10px 0;cursor:pointer; cursor:hand;\" src=\"https:\/\/i0.wp.com\/bp1.blogger.com\/_lY4VOIwoBZk\/SGi1IPPXyaI\/AAAAAAAAAG0\/ohnYoF6-vzg\/s200\/P6240081.JPG?w=840\" border=\"0\" alt=\"\" id=\"BLOGGER_PHOTO_ID_5217619321443305890\" data-recalc-dims=\"1\" \/><\/a><\/p>\n<p>Morgen soll es ganz fr\u00fch gute Bedingungen geben. Wir wollen es um 7:00 Uhr probieren. Ich hoffe, dass die Bedingungen \u00e4hnlich wie heute so ab 22:00 Uhr werden. Die Prognosen deuten darauf hin.<br \/><span style=\"font-weight:bold;\">25. Juni<\/span><br \/>Waren um 7:00 Uhr am Strand. Aber der Wind ist total eingeschlafen. Wollen es um 14:00 Uhr noch mal probieren. Hab die Zeit genutzt, um meinen Schirm samt Packsack zu entsanden. Und jetzt hole ich Schlaf nach. Man bin ich fertig. Gestern bin ich so viel geflogen und an der D\u00fcne gekraxelt, dass ich nicht mal b\u00f6se ob der Absage heute Morgen bin. Das will was hei\u00dfen.<br \/>Gegen 12:00 Uhr sind wir wieder los. Zu der Steilk\u00fcste, die wir uns am Montag angesehen haben. Bei uns war der Seewind schon etwas im Gang und die Anderen haben gehofft, dass es an der fast doppelt so hohen D\u00fcne noch besser ist. Es war die A&#8230;-Karte. Nix war. Bin zur\u00fcck an unseren Strand und da sogar vom Seezeichen fast 400 Meter die D\u00fcne nach S\u00fcden lang gesoart. Danach noch 2x in die andere Richtung, aber nicht mehr sonderlich weit. Den Rest vom Nachmittag ging noch Groundhandlen und die D\u00fcnen hochziehen lassen sowie kleine H\u00fcpfer wieder runter. Da es sch\u00f6n sonnig war, war die Sache nicht mal schlecht. Zuhause geht es an diversen Tagen auch nicht besser und mein Flugkonto von dem Urlaub ist weiter gewachsen.<br \/><span style=\"font-weight:bold;\">26. Juni<\/span><br \/>Strahlender Sonnenschein, aber zuviel Wind. War nach den Prognosen abzusehen, dass es bis Abend nicht geht. Aber dann sollte wieder was m\u00f6glich sein. D\u00fcne, Soaren und Sonnenuntergang sind nicht unwahrscheinlich.<br \/>Den Tag genutzt zum Sightseeing, sonnen und baden im Schwimmbad des Campingplatzes. Im Gegensatz zu den letzten Tagen war das Wasser sogar halbwegs warm.<br \/>Um 17:00 Uhr haben wir uns am Strand getroffen. Wind nat\u00fcrlich zu stark :-(. Mit meiner Lenkmatte gespielt und fast abgehoben. Aber dann wurde es besser. 2 Profiflieger sind auch an der D\u00fcne geflogen, aber f\u00fcr uns war das erst mal nix. Nach den D\u00fcnencrashs von vorgestern bin ich vorsichtiger geworden. Sp\u00e4ter dann ging Handlen am Strand. Sandskifahren mit Schirm. Macht echt Spa\u00df ;-).<br \/>Gegen 20:00 Uhr hat der Wind dann aber zugenommen und kam zudem quer zum Strand. Und alle Windr\u00e4der im Landesinneren sowie die Wolken haben die falsche Richtung best\u00e4tigt. Also zusammengepackt \ud83d\ude41<br \/>Nur ein Flieger hat gemault \u2013 wir sollten noch was warten. Habe<br \/>\nn wir dann ein paar Flieger auch. Und dann das! So gegen 21:00 Uhr war es pl\u00f6tzlich PERFEKT! Den Samstag konnte die Woche sicher nichts mehr toppen \u2013 dachte ich bis eben. Jetzt bin ich sicher, dass die Stunde an der D\u00fcne nicht mehr zu toppen ist. WAHNSINN. 1 Stunde perfektes Soaren an der K\u00fcste. Ohne B\u00f6cke, ganz ruhig, Tragen bis zur Strandmitte und weit \u00fcber die D\u00fcnenh\u00f6he hinaus. Wer heute zu fr\u00fch gegangen ist, hat das Highlight der Woche verpasst. <br \/><span style=\"font-weight:bold;\">27. Juni<\/span><br \/>6:30 Uhr wollten wir an den Strand. Sah gut aus in der Prognose. Nur hab ich schon gegen 5:00 Uhr gemerkt, dass es heftig regnet. Also bis 9:00 Uhr weiter geschlafen. F\u00fcr Nachmittag und Abend sieht es wieder so aus wie gestern. Alle Optionen offen.<br \/>Waren gerade in Torsminde im Schifffahrtsmuseum. Lohnt sich. Richtig gut gemacht.<br \/>Gegen 16:00 Uhr wollten wir uns wieder treffen. Wind war aber zu stark. Stattdessen Freibad auf dem Campingplatz. Den Abend dann am Strand auf Nachlassen des Windes gewartet. Pech gehabt. War heute der 2. Totalausfall in Bezug auf Gleitschirm. Unerwartet. Morgen geht es zur\u00fcck. Aber am Morgen wollen wir noch mal was probieren. So gegen 5:30 Uhr! Aber auch morgen ist Regen m\u00f6glich. Mal sehen.<br \/><span style=\"font-weight:bold;\">28. Juni<\/span><br \/>Heute will ich zur\u00fcck fahren. Aber vorher soll es noch mal fliegen. 5:30 Uhr ging es an den Strand. Unglaublich. PERFEKT. Bis ca. 7:30 Uhr war das eine weitere Steigerung. Sanft an der D\u00fcne entlang geflogen, \u00fcber die D\u00fcne hoch in den Sonnenaufgang hinein, der aus Osten sichtbar wurde, wenn man die Kante \u00fcberflog. Genial. Bis ca. 11:00 Uhr ist der Wind dann ziemlich eingeschlafen. Wir haben uns dann nochmals getroffen und Bilder sowie Videos ausgetauscht. Um 12:15 Uhr bin ich los Richtung Heimat und supergut durchgekommen.<br \/><div class=\"jetpack-video-wrapper\"><span class=\"embed-youtube\" style=\"text-align:center; display: block;\"><iframe loading=\"lazy\" class=\"youtube-player\" width=\"840\" height=\"473\" src=\"https:\/\/www.youtube.com\/embed\/1PDZNyzILZw?version=3&#038;rel=1&#038;showsearch=0&#038;showinfo=1&#038;iv_load_policy=1&#038;fs=1&#038;hl=de-DE&#038;autohide=2&#038;wmode=transparent\" allowfullscreen=\"true\" style=\"border:0;\" sandbox=\"allow-scripts allow-same-origin allow-popups allow-presentation\"><\/iframe><\/span><\/div><br \/><span style=\"font-weight:bold;\">Fazit<\/span><br \/>Das war die geilste Fliegerei, die ich je gemacht habe. Und soviel bin ich seit meinen H\u00f6henfl\u00fcgen f\u00fcr den A-Schein in L\u00fcsen in so wenig Tagen nicht mehr geflogen. M\u00fcsste insgesamt sogar mehr in der Luft gewesen sein.<br \/><div class=\"jetpack-video-wrapper\"><span class=\"embed-youtube\" style=\"text-align:center; display: block;\"><iframe loading=\"lazy\" class=\"youtube-player\" width=\"840\" height=\"473\" src=\"https:\/\/www.youtube.com\/embed\/eGqgIWftVZ0?version=3&#038;rel=1&#038;showsearch=0&#038;showinfo=1&#038;iv_load_policy=1&#038;fs=1&#038;hl=de-DE&#038;autohide=2&#038;wmode=transparent\" allowfullscreen=\"true\" style=\"border:0;\" sandbox=\"allow-scripts allow-same-origin allow-popups allow-presentation\"><\/iframe><\/span><\/div><\/p>\n<div class=\"blogger-post-footer\"><script type=\"text\/javascript\"><!--\ngoogle_ad_client = \"pub-4702984279656494\";\ngoogle_ad_width = 468;\ngoogle_ad_height = 60;\ngoogle_ad_format = \"468x60_as_rimg\";\ngoogle_cpa_choice = \"CAAQlNHphwIaCFxy_-mnISvEKNDv6n4\";\ngoogle_ad_channel = \"0174140724\";\n\/\/--><\/script><br \/>\n<script type=\"text\/javascript\" src=\"http:\/\/pagead2.googlesyndication.com\/pagead\/show_ads.js\">\n<\/script><\/div>\n","protected":false},"excerpt":{"rendered":"<p>Flugtagebuch K\u00fcstensoaren in Husby &#8211; D\u00e4nemark im Juni 2008 21. JuniIch bin wieder zum K\u00fcstenfliegen in D\u00e4nemark. In Husby, etwa 150 Kilometer s\u00fcdlich von Loekken, wo ich letztes Jahr war. Nachdem der Trip letztes Jahr eigentlich ein Reinfall war und ich in einer Woche nur einen Tag zum Fliegen kam, wollte ich eigentlich das Risiko &hellip; <a href=\"https:\/\/fliegerblog.rjs.de\/?p=42\" class=\"more-link\"><span class=\"screen-reader-text\">\u201eReisebericht Husby, D\u00e4nemark\u201c<\/span> weiterlesen<\/a><\/p>\n","protected":false},"author":1,"featured_media":0,"comment_status":"open","ping_status":"open","sticky":false,"template":"","format":"standard","meta":{"jetpack_post_was_ever_published":false,"footnotes":"","jetpack_publicize_message":"","jetpack_is_tweetstorm":false,"jetpack_publicize_feature_enabled":true,"jetpack_social_options":[]},"categories":[2],"tags":[],"class_list":["post-42","post","type-post","status-publish","format-standard","hentry","category-allgemein"],"jetpack_publicize_connections":[],"jetpack_featured_media_url":"","jetpack_shortlink":"https:\/\/wp.me\/p788kK-G","jetpack-related-posts":[{"id":2097,"url":"https:\/\/fliegerblog.rjs.de\/?p=2097","url_meta":{"origin":42,"position":0},"title":"Retur &#038; Fazit","date":"Mai 19, 2024","format":false,"excerpt":"Ich bin heute aus Zoutelande zur\u00fcckgefahren und habe vorhin im Hof meine beiden Schirme mehr oder weniger entsandet. Die Woche war wirklich sch\u00f6n und wir hatten over all ziemlich Gl\u00fcck mit Wind und Wetter. Ich bin in der Woche 7x an der gro\u00dfen D\u00fcne geflogen. Auch wenn am Montag drei\u2026","rel":"","context":"\u00c4hnlicher Beitrag","img":{"alt_text":"","src":"https:\/\/i0.wp.com\/blogger.googleusercontent.com\/img\/b\/R29vZ2xl\/AVvXsEg2btvcBWP1bm0RUG56AYC-9BgxmArPGBpWqik4usdm1d1CuG0rYZTUFdRb9Ut8l-jK82QlBR6sbZuHJw1fMedvWxuz2XMWAiHbqLtVLx1S6lop8OhYv7lF1vWXktbPU6wXv_ONYWRiYRiHXTGF7-IJ6xqA9CjGshjCIuVp7BunH4lgg7diJzwGgq2baELI\/w300-h400\/WhatsApp%20Image%202024-05-19%20at%2019.10.06.jpeg?resize=350%2C200&ssl=1","width":350,"height":200},"classes":[]},{"id":2021,"url":"https:\/\/fliegerblog.rjs.de\/?p=2021","url_meta":{"origin":42,"position":1},"title":"Im morgendlichen Sonnenaufgang mit M\u00f6ven fliegen","date":"Juli 27, 2023","format":false,"excerpt":"Gestern war der erste fliegerische Totalausfall der Flugreise nach D\u00e4nemark, aber heute morgen daf\u00fcr der Tag der Tage f\u00fcr mich. Um 5 Uhr aufgestanden und um 6 Uhr in der Luft gewesen. Bis 8:15 Uhr nur zweimal kurz den Boden ber\u00fchrt und mit den M\u00f6ven die D\u00fcnen entlang gesoart. Das\u2026","rel":"","context":"\u00c4hnlicher Beitrag","img":{"alt_text":"","src":"https:\/\/i0.wp.com\/blogger.googleusercontent.com\/img\/b\/R29vZ2xl\/AVvXsEjdBn-c8iMfkX7jEie6gUs8T5mFRTWbBReZ0tKwEpCw2x9sIDpbF9AleKTDXuEDwutYJm6tF6kCgc9kJEdBe8PXL1_kA6b6rptRa6qxWD5fobJ_7XuXK4OSs54uQUTNZ07V4bN86gFzVWeoISpnMoBoML7FdjW9LQAqU1E2j-Y6qFOZ0y9m1cjw7fDGIpQW\/w400-h300\/20230727_055300.jpg?resize=350%2C200&ssl=1","width":350,"height":200},"classes":[]},{"id":35,"url":"https:\/\/fliegerblog.rjs.de\/?p=35","url_meta":{"origin":42,"position":2},"title":"Schlepp in Strinz","date":"August 30, 2008","format":false,"excerpt":"Endlich. Wir haben am 30. August die Schleppsaison im Verein er\u00f6ffnet. Und das am einzigen Tag rund um das Wochenende, wo ich kaum Zeit hatte. Waren heute Hessische Meisterschaften im Rasenkraftsport angesetzt und da musste ich in F\u00fcrth im Odenwald meine Titel verteidigen. Dementsprechend war ich erst um 15:30 Uhr\u2026","rel":"","context":"In &quot;Allgemein&quot;","img":{"alt_text":"","src":"","width":0,"height":0},"classes":[]},{"id":2028,"url":"https:\/\/fliegerblog.rjs.de\/?p=2028","url_meta":{"origin":42,"position":3},"title":"Entsanden","date":"August 5, 2023","format":false,"excerpt":"Das H\u00fcpfen in Reichenbach kann nat\u00fcrlich dem Soaren an der D\u00fcne in D\u00e4nemark nicht das Wasser reichen. Aber zum Einen muss man bei dem miesen Wetter derzeit in unseren Breiten jede Chance nutzen und zum Anderen wollte ich mein Fluggeraffel nochmal richtig entsanden. Denn nach der genialen Morgensession in Hvide\u2026","rel":"","context":"\u00c4hnlicher Beitrag","img":{"alt_text":"","src":"https:\/\/i0.wp.com\/blogger.googleusercontent.com\/img\/b\/R29vZ2xl\/AVvXsEhQ7MD5nDBpa5EY4yqzkud_Tt0ksU45fKneeHSw8FwIfa3mmCLffS9-_UR64WiBZhK87Pzttr1mGuC7YDryfY8m1m2U40CTj6GR7aMbYr20v93xmWIMCTu6pDtEtsLX7Pqu9IuCSlHLwIyZitTj-80pUzgVSx1iT97U6cQ9KksltSAfj5CKUtkPJVjrZ0Vk\/w360-h640\/WhatsApp%20Image%202023-08-05%20at%2012.52.40.jpeg?resize=350%2C200&ssl=1","width":350,"height":200},"classes":[]},{"id":11,"url":"https:\/\/fliegerblog.rjs.de\/?p=11","url_meta":{"origin":42,"position":4},"title":"Jahresabschluss bei Ostwind","date":"Dezember 29, 2008","format":false,"excerpt":"Es ist mal wieder Ostwind. Ich h\u00e4tte nach KH fahren sollen, denn da muss es richtig gut gegangen sein. Nur mein Gurtzeug ist nicht ganz in Ordnung (gl\u00fccklicher Weise nicht viel kaputt - war heute abend einfach zu reparieren) und heute morgen hatte ich zudem zuviel zu tun. War letztendlich\u2026","rel":"","context":"In &quot;Allgemein&quot;","img":{"alt_text":"","src":"","width":0,"height":0},"classes":[]},{"id":98,"url":"https:\/\/fliegerblog.rjs.de\/?p=98","url_meta":{"origin":42,"position":5},"title":"Lokken &#8211; eine (Flieger-)Reise wert?","date":"Juli 14, 2007","format":false,"excerpt":"Bin wieder zur\u00fcck aus D\u00e4nemark. Nach dem Mittwoch ging doch nix mehr :-(. Zwar sch\u00f6nes Wetter, aber wieder zu viel Wind. Als Fazit stellt sich mir nun wirklich die Frage, ob sich so ein Aufwand gelohnt hat? Einerseits: der Mittwoch war einfach genial :-))). Es ist schon faszinierend an der\u2026","rel":"","context":"In &quot;Allgemein&quot;","img":{"alt_text":"","src":"","width":0,"height":0},"classes":[]}],"_links":{"self":[{"href":"https:\/\/fliegerblog.rjs.de\/index.php?rest_route=\/wp\/v2\/posts\/42","targetHints":{"allow":["GET"]}}],"collection":[{"href":"https:\/\/fliegerblog.rjs.de\/index.php?rest_route=\/wp\/v2\/posts"}],"about":[{"href":"https:\/\/fliegerblog.rjs.de\/index.php?rest_route=\/wp\/v2\/types\/post"}],"author":[{"embeddable":true,"href":"https:\/\/fliegerblog.rjs.de\/index.php?rest_route=\/wp\/v2\/users\/1"}],"replies":[{"embeddable":true,"href":"https:\/\/fliegerblog.rjs.de\/index.php?rest_route=%2Fwp%2Fv2%2Fcomments&post=42"}],"version-history":[{"count":0,"href":"https:\/\/fliegerblog.rjs.de\/index.php?rest_route=\/wp\/v2\/posts\/42\/revisions"}],"wp:attachment":[{"href":"https:\/\/fliegerblog.rjs.de\/index.php?rest_route=%2Fwp%2Fv2%2Fmedia&parent=42"}],"wp:term":[{"taxonomy":"category","embeddable":true,"href":"https:\/\/fliegerblog.rjs.de\/index.php?rest_route=%2Fwp%2Fv2%2Fcategories&post=42"},{"taxonomy":"post_tag","embeddable":true,"href":"https:\/\/fliegerblog.rjs.de\/index.php?rest_route=%2Fwp%2Fv2%2Ftags&post=42"}],"curies":[{"name":"wp","href":"https:\/\/api.w.org\/{rel}","templated":true}]}}