{"id":418,"date":"2011-03-29T19:43:34","date_gmt":"2011-03-29T18:43:34","guid":{"rendered":"http:\/\/www.rjs.de\/fliegerblog\/?p=418"},"modified":"2011-03-29T19:43:34","modified_gmt":"2011-03-29T18:43:34","slug":"reichenbach-zum-nachschlag","status":"publish","type":"post","link":"https:\/\/fliegerblog.rjs.de\/?p=418","title":{"rendered":"Reichenbach zum Nachschlag"},"content":{"rendered":"<p>Nachdem ich auch heute im Taunus unterwegs war, bin ich 15:00 Uhr in Reichenbach am Hang gewesen. Als kleinen Nachschlag zu gestern. War zwar so gut wie kein Wind angek\u00fcndigt, aber ich hatte wie gestern auf thermische Abl\u00f6sungen gehofft. <\/p>\n<p>Dem Vergleich zu gestern konnte der Tag nicht standhalten (was auch vermessen gewesen w\u00e4re), aber es gab in der Tat hin und wieder gute Abl\u00f6sungen. Wenn man die erwischt hat, ging es ziemlich hoch f\u00fcr den Hang. Bin bei 2 &#8211; 3 Fl\u00fcgen da so hoch wie lange nicht mehr gewesen. Aber die Abl\u00f6sungen waren sehr kurz und klein und es dauerte immer einige Zeit zwischen den Blasen. Dennoch &#8211; wir hatten schon viel schlechtere Tage \ud83d\ude42<\/p>\n","protected":false},"excerpt":{"rendered":"<p>Nachdem ich auch heute im Taunus unterwegs war, bin ich 15:00 Uhr in Reichenbach am Hang gewesen. Als kleinen Nachschlag zu gestern. War zwar so gut wie kein Wind angek\u00fcndigt, aber ich hatte wie gestern auf thermische Abl\u00f6sungen gehofft. Dem Vergleich zu gestern konnte der Tag nicht standhalten (was auch vermessen gewesen w\u00e4re), aber es &hellip; <a href=\"https:\/\/fliegerblog.rjs.de\/?p=418\" class=\"more-link\"><span class=\"screen-reader-text\">\u201eReichenbach zum Nachschlag\u201c<\/span> weiterlesen<\/a><\/p>\n","protected":false},"author":1,"featured_media":0,"comment_status":"open","ping_status":"open","sticky":false,"template":"","format":"standard","meta":{"jetpack_post_was_ever_published":false,"footnotes":"","jetpack_publicize_message":"","jetpack_is_tweetstorm":false,"jetpack_publicize_feature_enabled":true,"jetpack_social_options":[]},"categories":[2],"tags":[],"class_list":["post-418","post","type-post","status-publish","format-standard","hentry","category-allgemein"],"jetpack_publicize_connections":[],"jetpack_featured_media_url":"","jetpack_shortlink":"https:\/\/wp.me\/p788kK-6K","jetpack-related-posts":[{"id":684,"url":"https:\/\/fliegerblog.rjs.de\/?p=684","url_meta":{"origin":418,"position":0},"title":"Hitzeschlacht &#038; Thermikkracher","date":"Juli 27, 2013","format":false,"excerpt":"Leider ist gestern das Schleppen in Laufenselden schon fr\u00fchzeitig abgesagt worden, obwohl es am Nachmittag Topbedingungen gab. Aber gut - der Regenradar hat am Morgen ziemliche Gewitter gezeigt und nach der Prognose h\u00e4tten die uns auch treffen k\u00f6nnen. Dennoch sehr schade, dass die Flinte so fr\u00fchzeitig ins Korn geworfen wurde.\u2026","rel":"","context":"In &quot;Allgemein&quot;","img":{"alt_text":"","src":"","width":0,"height":0},"classes":[]},{"id":932,"url":"https:\/\/fliegerblog.rjs.de\/?p=932","url_meta":{"origin":418,"position":1},"title":"Fun am Hang :-)","date":"Mai 11, 2015","format":false,"excerpt":"Das war heute ein klasse Flugnachmittag in Reichenbach. Ich war zwar erst um 16 Uhr am Hang, aber davor war es wohl sowieso zu heftig. Hatte ich nach den Messwerten und Prognosen auch erwartet und deshalb bin ich erst relativ sp\u00e4t hin. Die Ankunftszeit war perfekt. Wind und thermische Abl\u00f6sungen\u2026","rel":"","context":"In &quot;Allgemein&quot;","img":{"alt_text":"","src":"","width":0,"height":0},"classes":[]},{"id":415,"url":"https:\/\/fliegerblog.rjs.de\/?p=415","url_meta":{"origin":418,"position":2},"title":"Erster richtiger Fr\u00fchlingstag","date":"M\u00e4rz 23, 2011","format":false,"excerpt":"Im Moment sind 7 Sonnen am Himmel und es ist richtig warm geworden. Am Hang in Arnoldshain waren T-Shirts und Sonnencreme angesagt. Und da ich im Moment zwischen zwei Auftr\u00e4gen Zeit habe, bin gegen 12:45 Uhr vor Ort gewesen. Und mit mir \u00fcber den Nachmittag gut 10 andere Flieger. War\u2026","rel":"","context":"In &quot;Allgemein&quot;","img":{"alt_text":"","src":"","width":0,"height":0},"classes":[]},{"id":977,"url":"https:\/\/fliegerblog.rjs.de\/?p=977","url_meta":{"origin":418,"position":3},"title":"Der Hang tut im \u00f6fter so als w\u00e4re er ein Flughang","date":"August 30, 2015","format":false,"excerpt":"Ich bin gestern aus dem Urlaub in den Alpen zur\u00fcck gekommen. Aber da ich mit der Familie Urlaub gemacht hatte, hatte ich keinen Schirm dabei. Von daher muss ich zum Fliegen mit den M\u00f6glichkeiten vorlieb nehmen, die sich hier in der Gegend bieten. Nach der langen Autofahrt gestern wollte ich\u2026","rel":"","context":"In &quot;Allgemein&quot;","img":{"alt_text":"","src":"","width":0,"height":0},"classes":[]},{"id":358,"url":"https:\/\/fliegerblog.rjs.de\/?p=358","url_meta":{"origin":418,"position":4},"title":"H\u00fcpfen &#038; Handlen","date":"August 1, 2010","format":false,"excerpt":"Reichenbach ist gem\u00e4ht und bis auf unsere alte Landewiese wieder offen. Gestern und heute war S\u00fcdwind angek\u00fcndigt und da wollte ich heute mal wieder hin. Z.Z. komme ich wenig an den Hang, da ich 1x viele Computerschulungen halte (auch ziemlich weit weg) und zudem umgezogen bin und da noch \u00e4tzend\u2026","rel":"","context":"In &quot;Allgemein&quot;","img":{"alt_text":"","src":"","width":0,"height":0},"classes":[]},{"id":1022,"url":"https:\/\/fliegerblog.rjs.de\/?p=1022","url_meta":{"origin":418,"position":5},"title":"H\u00e4uptling Naz Arflu Egel","date":"Dezember 27, 2015","format":false,"excerpt":"In diesen Tagen wird der Schirm jedes Mal total nass, wenn man an den Hang geht. Auch wenn die Sonne durchkommt und der Hang eigentlich abgetrocknet sein m\u00fcsste. Ich war heute gegen 11:30 Uhr als Erster am Hang in Reichenbach und nach kurzer Zeit ist beim Fliegen bereits das Wasser\u2026","rel":"","context":"\u00c4hnlicher Beitrag","img":{"alt_text":"","src":"https:\/\/i0.wp.com\/3.bp.blogspot.com\/-mKd66gw3BD8\/VoAODTnqbCI\/AAAAAAAACyo\/KZH5n3itKrw\/s400\/IMG_20151227_132656.jpg?resize=350%2C200","width":350,"height":200},"classes":[]}],"_links":{"self":[{"href":"https:\/\/fliegerblog.rjs.de\/index.php?rest_route=\/wp\/v2\/posts\/418","targetHints":{"allow":["GET"]}}],"collection":[{"href":"https:\/\/fliegerblog.rjs.de\/index.php?rest_route=\/wp\/v2\/posts"}],"about":[{"href":"https:\/\/fliegerblog.rjs.de\/index.php?rest_route=\/wp\/v2\/types\/post"}],"author":[{"embeddable":true,"href":"https:\/\/fliegerblog.rjs.de\/index.php?rest_route=\/wp\/v2\/users\/1"}],"replies":[{"embeddable":true,"href":"https:\/\/fliegerblog.rjs.de\/index.php?rest_route=%2Fwp%2Fv2%2Fcomments&post=418"}],"version-history":[{"count":0,"href":"https:\/\/fliegerblog.rjs.de\/index.php?rest_route=\/wp\/v2\/posts\/418\/revisions"}],"wp:attachment":[{"href":"https:\/\/fliegerblog.rjs.de\/index.php?rest_route=%2Fwp%2Fv2%2Fmedia&parent=418"}],"wp:term":[{"taxonomy":"category","embeddable":true,"href":"https:\/\/fliegerblog.rjs.de\/index.php?rest_route=%2Fwp%2Fv2%2Fcategories&post=418"},{"taxonomy":"post_tag","embeddable":true,"href":"https:\/\/fliegerblog.rjs.de\/index.php?rest_route=%2Fwp%2Fv2%2Ftags&post=418"}],"curies":[{"name":"wp","href":"https:\/\/api.w.org\/{rel}","templated":true}]}}