{"id":412,"date":"2011-03-19T18:45:11","date_gmt":"2011-03-19T17:45:11","guid":{"rendered":"http:\/\/www.rjs.de\/fliegerblog\/?p=412"},"modified":"2011-03-19T18:45:11","modified_gmt":"2011-03-19T17:45:11","slug":"arnoldshain-in-der-sonne-mit-schneeresten","status":"publish","type":"post","link":"https:\/\/fliegerblog.rjs.de\/?p=412","title":{"rendered":"Arnoldshain in der Sonne mit Schneeresten"},"content":{"rendered":"<p>Nachdem es die Nacht geregnet hatte, kam gegen 10:00 Uhr srahlende Sonne raus. Ich hatte auf NNW gehofft, aber es wurde NO-Wind. Obwohl mir die Prognosen eigentlich zu viel Wind f\u00fcr den Hang versprachen, bin ich kurz nach 13:00 Uhr nach Arnoldshain. Auf dem Weg dahin dachte ich auch im falschen Film zu sein &#8211; der Regen bei uns war oben am Feldberg Schnee gewesen. Lag in den Ecken wirklich noch einiger rum. Und im Wind war es trotz 7 Sonnen am Himmel saukalt.<\/p>\n<p>Vor Ort zeigte sich, dass der Wind recht kr\u00e4ftig war. Insbesondere sind B\u00f6en durchgegangen, die nicht ohne waren. Einige Piloten haben Ihr Gl\u00fcck versucht, aber das war deftig. Etwas sp\u00e4ter habe ich dann aber auch ausgepackt und bin recht vorsichtig an der oberen Baumreihe langgesoart. Ging gut. Aber teilweise fand ich es heute riskant. Einige Piloten sind gut durchgesch\u00fcttelt worden und auch teilweise verdammt schnell runter gekommen. H\u00e4tte heute auch sicher mehr fliegen k\u00f6nnen, aber in den heftigen Phasen hab ich lieber Pause gemacht, denn vor dem Hang und seinen B\u00f6en hab ich ziemlich Respekt. Insbesondere war heute runterfliegen nicht sinnvoll, denn da war es ziemlich turbulent. Ich hab mich deshalb auch ausschlie\u00dflich oben an der Kante gehalten und bin auch da immer gelandet. War aber alles in Allem denoch ein sch\u00f6ner, wenngleich etwas anspruchsvoller Flugtag.<\/p>\n<p><object width=\"425\" height=\"344\"><param name=\"movie\" value=\"http:\/\/www.youtube.com\/v\/c3xZU_4dwOM?hl=de&#038;fs=1\"><\/param><param name=\"allowFullScreen\" value=\"true\"><\/param><param name=\"allowscriptaccess\" value=\"always\"><\/param><\/object><\/p>\n","protected":false},"excerpt":{"rendered":"<p>Nachdem es die Nacht geregnet hatte, kam gegen 10:00 Uhr srahlende Sonne raus. Ich hatte auf NNW gehofft, aber es wurde NO-Wind. Obwohl mir die Prognosen eigentlich zu viel Wind f\u00fcr den Hang versprachen, bin ich kurz nach 13:00 Uhr nach Arnoldshain. Auf dem Weg dahin dachte ich auch im falschen Film zu sein &#8211; &hellip; <a href=\"https:\/\/fliegerblog.rjs.de\/?p=412\" class=\"more-link\"><span class=\"screen-reader-text\">\u201eArnoldshain in der Sonne mit Schneeresten\u201c<\/span> weiterlesen<\/a><\/p>\n","protected":false},"author":1,"featured_media":0,"comment_status":"open","ping_status":"open","sticky":false,"template":"","format":"standard","meta":{"jetpack_post_was_ever_published":false,"footnotes":"","jetpack_publicize_message":"","jetpack_is_tweetstorm":false,"jetpack_publicize_feature_enabled":true,"jetpack_social_options":[]},"categories":[2],"tags":[],"class_list":["post-412","post","type-post","status-publish","format-standard","hentry","category-allgemein"],"jetpack_publicize_connections":[],"jetpack_featured_media_url":"","jetpack_shortlink":"https:\/\/wp.me\/p788kK-6E","jetpack-related-posts":[{"id":1997,"url":"https:\/\/fliegerblog.rjs.de\/?p=1997","url_meta":{"origin":412,"position":0},"title":"Eisenhanteln","date":"April 30, 2023","format":false,"excerpt":"Heute war ich das erste Mal am Eisenbaum bei Fl\u00f6rsheim zum Groundhandlen. Ich kenne das Gebiet -\u00a0 aber nur vom gelegentlichen Vorbeifahren mit dem Fahrrad. Die Wiese direkt am Eisenbaum wird h\u00e4ufiger zum Groundhandlen genutzt. Da es von mir aus dahin recht nahe ist, wollte ich sie unbedingt mal ausprobieren.\u2026","rel":"","context":"\u00c4hnlicher Beitrag","img":{"alt_text":"","src":"https:\/\/i0.wp.com\/blogger.googleusercontent.com\/img\/b\/R29vZ2xl\/AVvXsEiVtBGoQNe2wSryPN6kVU6b1rZC-fuKHiOiWOGvcynf2U6us_8Gvdv2fuCuyr1RoeAxUnx302YutW06hAP1G1kgJwx5js56Uwvp4e9JvFzZw2C_R06eNMczCh2CoH8Y4XKP6UK3lvD3JgLvn15rn9eIYuTI3l4Ok3CBCts3bv24xIs8pPUuRYRbVaZ5HQ\/w400-h300\/20230430_110832.jpg?resize=350%2C200&ssl=1","width":350,"height":200},"classes":[]},{"id":793,"url":"https:\/\/fliegerblog.rjs.de\/?p=793","url_meta":{"origin":412,"position":1},"title":"Kr\u00fcmmel auflesen","date":"Juni 23, 2014","format":false,"excerpt":"Ich hatte durch famili\u00e4re Hintergrundsgr\u00fcnde (Grillen, Kurzurlaub etc.) diverse gute Flugtage mit Nordwind am MFK die letzten Tage verpasst :-(. Heute wollte ich aber die Nordwindphase nochmal nutzen, da sch\u00f6ne Sonne anstand und ich Zeit hatte. Gegen 14:30 Uhr waren wir 4 Mann hoch am MFK, aber der Br\u00fcller waren\u2026","rel":"","context":"In &quot;Allgemein&quot;","img":{"alt_text":"","src":"","width":0,"height":0},"classes":[]},{"id":337,"url":"https:\/\/fliegerblog.rjs.de\/?p=337","url_meta":{"origin":412,"position":2},"title":"Gurtzeug getestet","date":"Juni 13, 2010","format":false,"excerpt":"Hab mich heute um 11:00 Uhr am Hang in Arnoldshain verabredet. War zwar wenig Wind angek\u00fcndigt und ab 14:00 Uhr sollte auch dieser wenige Wind ganz nachlassen. Aber ich hatte vorher gerade die Rettung in mein neues Gurtzeug eingebaut und wollte dieses mal testen und einstellen. Dazu bietet sich ein\u2026","rel":"","context":"In &quot;Allgemein&quot;","img":{"alt_text":"","src":"","width":0,"height":0},"classes":[]},{"id":1491,"url":"https:\/\/fliegerblog.rjs.de\/?p=1491","url_meta":{"origin":412,"position":3},"title":"Long time not seen","date":"September 1, 2018","format":false,"excerpt":"Oh man - ich war den gesamten August nicht in der Luft. Zumindest nicht mit dem Gleitschirm (das Flugzeug nach Jersey und zur\u00fcck z\u00e4hlt nicht wirklich). Wobei Urlaub durchaus eine akzeptable Alternative ist, aber dennoch - die anderen 2 Wochen h\u00e4tte es ja mal klappen k\u00f6nnen und so eine L\u00fccke\u2026","rel":"","context":"\u00c4hnlicher Beitrag","img":{"alt_text":"","src":"https:\/\/i0.wp.com\/3.bp.blogspot.com\/-ZcoJAiukdD4\/W4rlRl9ATLI\/AAAAAAAAEEw\/QGsPO1oA6UIe3Ssw7OVM0Ufz0-5Hq5XBACLcBGAs\/s320\/GOPR3538.JPG?resize=350%2C200&ssl=1","width":350,"height":200},"classes":[]},{"id":1806,"url":"https:\/\/fliegerblog.rjs.de\/?p=1806","url_meta":{"origin":412,"position":4},"title":"Pers\u00f6nlicher H\u00f6henrekord in AH","date":"Mai 29, 2021","format":false,"excerpt":"\u00a0 Ich denke, dass ich gut 2 Jahre nicht mehr in Arnoldshain geflogen bin. Aber da die f\u00fcr heute geplante Er\u00f6ffnung der Schleppsaison bei der Schleppgemeinschaft Rheinhessen kurzfristig wegen dem Anstieg der Corona-Zahlen im Landkreis abgesagt werden musste, bin ich nach Arnoldshain. Im Moment gibt es sowieso kaum Alternativen, weil\u2026","rel":"","context":"\u00c4hnlicher Beitrag","img":{"alt_text":"","src":"https:\/\/i0.wp.com\/1.bp.blogspot.com\/-7BAQ-gzpIE8\/YLJVuThN6sI\/AAAAAAAAGDo\/E4n3kkEpkfcANezO_rqfUT3FCzx_jqePgCLcBGAsYHQ\/w640-h480\/IMG_20210529_132019.jpg?resize=350%2C200&ssl=1","width":350,"height":200},"classes":[]},{"id":1694,"url":"https:\/\/fliegerblog.rjs.de\/?p=1694","url_meta":{"origin":412,"position":5},"title":"Sonniges Intermezzo","date":"Februar 5, 2020","format":false,"excerpt":"Den heutigen Mittwoch hatte ich seit letzter Woche auf dem Schirm. Schon da war Nordwind angek\u00fcndigt worden. Nur normalerweise sind so langfristige Prognosen extrem unzuverl\u00e4ssig. Aber \u00fcber die Tage blieben alle Vorhersagen auf Nordwind. Und Sonne. Nur die Vorhersagen der Windst\u00e4rke wurde schlechte. Es sollte der Wind sehr stark werden\u2026","rel":"","context":"\u00c4hnlicher Beitrag","img":{"alt_text":"","src":"https:\/\/i0.wp.com\/1.bp.blogspot.com\/-ZQtxT4Tcr4k\/XjrRL4g-UYI\/AAAAAAAAFSg\/WYnmpe-6zJUpaWtVzo4lJPtkEn02RnH3ACLcBGAsYHQ\/s640\/WhatsApp%2BImage%2B2020-02-05%2Bat%2B12.57.51.jpeg?resize=350%2C200&ssl=1","width":350,"height":200},"classes":[]}],"_links":{"self":[{"href":"https:\/\/fliegerblog.rjs.de\/index.php?rest_route=\/wp\/v2\/posts\/412","targetHints":{"allow":["GET"]}}],"collection":[{"href":"https:\/\/fliegerblog.rjs.de\/index.php?rest_route=\/wp\/v2\/posts"}],"about":[{"href":"https:\/\/fliegerblog.rjs.de\/index.php?rest_route=\/wp\/v2\/types\/post"}],"author":[{"embeddable":true,"href":"https:\/\/fliegerblog.rjs.de\/index.php?rest_route=\/wp\/v2\/users\/1"}],"replies":[{"embeddable":true,"href":"https:\/\/fliegerblog.rjs.de\/index.php?rest_route=%2Fwp%2Fv2%2Fcomments&post=412"}],"version-history":[{"count":0,"href":"https:\/\/fliegerblog.rjs.de\/index.php?rest_route=\/wp\/v2\/posts\/412\/revisions"}],"wp:attachment":[{"href":"https:\/\/fliegerblog.rjs.de\/index.php?rest_route=%2Fwp%2Fv2%2Fmedia&parent=412"}],"wp:term":[{"taxonomy":"category","embeddable":true,"href":"https:\/\/fliegerblog.rjs.de\/index.php?rest_route=%2Fwp%2Fv2%2Fcategories&post=412"},{"taxonomy":"post_tag","embeddable":true,"href":"https:\/\/fliegerblog.rjs.de\/index.php?rest_route=%2Fwp%2Fv2%2Ftags&post=412"}],"curies":[{"name":"wp","href":"https:\/\/api.w.org\/{rel}","templated":true}]}}