{"id":41,"date":"2008-07-04T16:46:00","date_gmt":"2008-07-04T16:46:00","guid":{"rendered":"http:\/\/www.rjs.de\/fliegerblog\/?p=41"},"modified":"2008-07-04T16:46:00","modified_gmt":"2008-07-04T16:46:00","slug":"zuhause-geht-der-mist-weiter","status":"publish","type":"post","link":"https:\/\/fliegerblog.rjs.de\/?p=41","title":{"rendered":"Zuhause geht der Mist weiter :-("},"content":{"rendered":"<p>Kaum ist man wieder zuhause, geht der Mist mit der Fliegerei hier weiter.<br \/>Wollten heute schleppen, aber die Sache wurde abgesagt. Kann man vertreten, denn der Wind kam f\u00fcr unser einziges derzeit freies Schleppgel\u00e4nde zu sehr von NW. Aber wir haben offiziell ab Juli ein weiteres Gel\u00e4nde und das ist mit fadenscheinigen Argumenten jetzt erst mal bis August zu. Reine Willk\u00fcr von der Beh\u00f6rde. Durch nichts rechtlich abgesichert :-(. <br \/>Wir sind dann an unseren NW-Hang. Wind passt, Landewiese gem\u00e4ht und dann das &#8211; In der Mitte ein Teil eingez\u00e4umt mit Schafen :-(. Wozu bezahlen wir ein Schweinegeld f\u00fcr Pacht und k\u00f6nnen dennoch den Hang so oft nicht nutzen? <br \/>Unser SW-Hang ist auch noch nicht freigegeben und zudem ist neu ein Hochsitz in den Landanflug aufgebaut worden. <br \/>Gleitschirmflieger werden hier wirklich nach Strich und Faden verar&#8230; <br \/>Ich bin stocksauer.<\/p>\n<div class=\"blogger-post-footer\"><script type=\"text\/javascript\"><!--\ngoogle_ad_client = \"pub-4702984279656494\";\ngoogle_ad_width = 468;\ngoogle_ad_height = 60;\ngoogle_ad_format = \"468x60_as_rimg\";\ngoogle_cpa_choice = \"CAAQlNHphwIaCFxy_-mnISvEKNDv6n4\";\ngoogle_ad_channel = \"0174140724\";\n\/\/--><\/script><br \/>\n<script type=\"text\/javascript\" src=\"http:\/\/pagead2.googlesyndication.com\/pagead\/show_ads.js\">\n<\/script><\/div>\n","protected":false},"excerpt":{"rendered":"<p>Kaum ist man wieder zuhause, geht der Mist mit der Fliegerei hier weiter.Wollten heute schleppen, aber die Sache wurde abgesagt. Kann man vertreten, denn der Wind kam f\u00fcr unser einziges derzeit freies Schleppgel\u00e4nde zu sehr von NW. Aber wir haben offiziell ab Juli ein weiteres Gel\u00e4nde und das ist mit fadenscheinigen Argumenten jetzt erst mal &hellip; <a href=\"https:\/\/fliegerblog.rjs.de\/?p=41\" class=\"more-link\"><span class=\"screen-reader-text\">\u201eZuhause geht der Mist weiter :-(\u201c<\/span> weiterlesen<\/a><\/p>\n","protected":false},"author":1,"featured_media":0,"comment_status":"open","ping_status":"open","sticky":false,"template":"","format":"standard","meta":{"jetpack_post_was_ever_published":false,"footnotes":"","jetpack_publicize_message":"","jetpack_is_tweetstorm":false,"jetpack_publicize_feature_enabled":true,"jetpack_social_options":[]},"categories":[2],"tags":[],"class_list":["post-41","post","type-post","status-publish","format-standard","hentry","category-allgemein"],"jetpack_publicize_connections":[],"jetpack_featured_media_url":"","jetpack_shortlink":"https:\/\/wp.me\/p788kK-F","jetpack-related-posts":[{"id":230,"url":"https:\/\/fliegerblog.rjs.de\/?p=230","url_meta":{"origin":41,"position":0},"title":"Spielen statt fliegen","date":"September 10, 2009","format":false,"excerpt":"Seit gestern haben wir Nordwind und da gibt es immer gro\u00dfe Hoffnung, dass es an unserem Traumhang in MF geht. F\u00fcr heute war \u00fcber den Tag sehr stark zunehmender Wind aus Nord (mit leichter Tendenz zu NO) angesagt. Deshalb wurde auch das Schleppen in Neu-Anspach gecancelt und wir sind schon\u2026","rel":"","context":"In &quot;Allgemein&quot;","img":{"alt_text":"","src":"","width":0,"height":0},"classes":[]},{"id":907,"url":"https:\/\/fliegerblog.rjs.de\/?p=907","url_meta":{"origin":41,"position":1},"title":"Gegrounded und cheated","date":"April 5, 2015","format":false,"excerpt":"Letzte Woche war ich mit der Familie in Norderney zum Urlaub. Das habe ich zum Anlass genommen, um den dringend notwendigen Check meiner Wildcat machen zu lassen. Die vergangene Woche h\u00e4tte ich den Schirm sowieso nicht nutzen k\u00f6nnen. Der Nachteil ist aber, dass ich das gesamte Osterwochenende ohne Schirm bin,\u2026","rel":"","context":"In &quot;Allgemein&quot;","img":{"alt_text":"","src":"","width":0,"height":0},"classes":[]},{"id":429,"url":"https:\/\/fliegerblog.rjs.de\/?p=429","url_meta":{"origin":41,"position":2},"title":"Neuer Hang bei Usingen","date":"Mai 6, 2011","format":false,"excerpt":"Seit ich angefangen habe zu fliegen h\u00f6re ich immer wieder, wie toll ein Hang bei Usingen\/EB sein soll. Und dass es da in der Vergangenheit immer \u00c4rger gegeben hat. Die Folge war, dass ziemlich genau seit dem Zeitpunkt, seit dem ich fliege, der Hang vollkommen f\u00fcr Gleitschirmflieger gesperrt war. Aber\u2026","rel":"","context":"In &quot;Allgemein&quot;","img":{"alt_text":"","src":"","width":0,"height":0},"classes":[]},{"id":101,"url":"https:\/\/fliegerblog.rjs.de\/?p=101","url_meta":{"origin":41,"position":3},"title":"Erst gekniffen und dann der Wind von der falschen Richtung","date":"Juni 2, 2007","format":false,"excerpt":"Heute waren wir mit 5 Leuten in Weiler bei Boppart. Heftiger Hang. Am Startplatz 20 Meter fast senkrecht runter, dann eine Baumreihe und bis zum Landeplatz nur Wald. Und die m\u00f6glichen Landepl\u00e4tze turbulent, klein und schlecht einsehbar. 3 von uns sind geflogen, aber ich habe gekniffen. Angeblich soll man als\u2026","rel":"","context":"In &quot;Allgemein&quot;","img":{"alt_text":"","src":"","width":0,"height":0},"classes":[]},{"id":111,"url":"https:\/\/fliegerblog.rjs.de\/?p=111","url_meta":{"origin":41,"position":4},"title":"Schwer erarbeitete Fl\u00fcge bei NW","date":"April 10, 2007","format":false,"excerpt":"Nachdem der Sonntagnachmittag ein Flop mit Nullwind am Hang war, hat es heute einigerma\u00dfen gut aus NW geweht. Wir waren zu 2. am MFK. Der Hang ist nicht hoch und auch nicht steil, aber die weiten \u00c4cker im Vorfeld sorgen normalerweise daf\u00fcr, dass man da dennoch gut soaren kann. Die\u2026","rel":"","context":"In &quot;Allgemein&quot;","img":{"alt_text":"","src":"","width":0,"height":0},"classes":[]},{"id":135,"url":"https:\/\/fliegerblog.rjs.de\/?p=135","url_meta":{"origin":41,"position":5},"title":"Timber","date":"M\u00e4rz 7, 2009","format":false,"excerpt":"Heute waren Holzf\u00e4llarbeiten angesagt. \u00dcber den Winter soll das Fluggel\u00e4nde Treisberg reaktiviert werden. Das ist ein Fluggebiet mit relativ viel H\u00f6henmeter f\u00fcr unsere Gegend. Geht bei schwachem WWN - NW. Ich war bisher erst einmal da (vor 2 - 3 Jahren) und da sind wir nicht geflogen. \u00dcberhaupt war Fliegen\u2026","rel":"","context":"In &quot;Allgemein&quot;","img":{"alt_text":"","src":"","width":0,"height":0},"classes":[]}],"_links":{"self":[{"href":"https:\/\/fliegerblog.rjs.de\/index.php?rest_route=\/wp\/v2\/posts\/41","targetHints":{"allow":["GET"]}}],"collection":[{"href":"https:\/\/fliegerblog.rjs.de\/index.php?rest_route=\/wp\/v2\/posts"}],"about":[{"href":"https:\/\/fliegerblog.rjs.de\/index.php?rest_route=\/wp\/v2\/types\/post"}],"author":[{"embeddable":true,"href":"https:\/\/fliegerblog.rjs.de\/index.php?rest_route=\/wp\/v2\/users\/1"}],"replies":[{"embeddable":true,"href":"https:\/\/fliegerblog.rjs.de\/index.php?rest_route=%2Fwp%2Fv2%2Fcomments&post=41"}],"version-history":[{"count":0,"href":"https:\/\/fliegerblog.rjs.de\/index.php?rest_route=\/wp\/v2\/posts\/41\/revisions"}],"wp:attachment":[{"href":"https:\/\/fliegerblog.rjs.de\/index.php?rest_route=%2Fwp%2Fv2%2Fmedia&parent=41"}],"wp:term":[{"taxonomy":"category","embeddable":true,"href":"https:\/\/fliegerblog.rjs.de\/index.php?rest_route=%2Fwp%2Fv2%2Fcategories&post=41"},{"taxonomy":"post_tag","embeddable":true,"href":"https:\/\/fliegerblog.rjs.de\/index.php?rest_route=%2Fwp%2Fv2%2Ftags&post=41"}],"curies":[{"name":"wp","href":"https:\/\/api.w.org\/{rel}","templated":true}]}}