{"id":407,"date":"2011-02-28T20:48:27","date_gmt":"2011-02-28T19:48:27","guid":{"rendered":"http:\/\/www.rjs.de\/fliegerblog\/?p=407"},"modified":"2011-02-28T20:48:27","modified_gmt":"2011-02-28T19:48:27","slug":"mal-wieder-arnoldshain","status":"publish","type":"post","link":"https:\/\/fliegerblog.rjs.de\/?p=407","title":{"rendered":"Mal wieder Arnoldshain"},"content":{"rendered":"<p>Ich war heute sowieso im Taunus unterwegs und da bei strahlendem Sonnenschein leichter O\/NO angek\u00fcndigt war, hatte ich vorsorglich meinen Schirm dabei. Hat sich dann kurzfristig ergeben, dass wir uns um 13:30 Uhr in Arnoldshain am Hang eingefunden haben. Zwar war der Wind um die Zeit nur ganz schwach aus wechselnden Richtungen vorhergesagt, aber ich hatte bei der Sonne Hoffnung auf thermische Abl\u00f6sungen.<\/p>\n<p>Und die Hoffnungen haben sich mehr als erf\u00fcllt. Ich bin noch nicht sonderlich oft an dem Hang geflogen, deshalb ist das nur begrenzt aussagekr\u00e4ftig. Aber f\u00fcr mich waren das heute die besten Fl\u00fcge an dem Hang. Zwar rein durch Abl\u00f6sungen und mit langen Wartezeiten dazwischen erkauft, aber ansonsten richtig nett.<\/p>\n<p>Obwohl der Wind sp\u00e4ter st\u00e4rker werden sollte, bin ich gegen 16:30 Uhr weg. Aber was ich mitbekommen habe, ging es danach auch noch gut (vielleicht sogar noch besser).<\/p>\n","protected":false},"excerpt":{"rendered":"<p>Ich war heute sowieso im Taunus unterwegs und da bei strahlendem Sonnenschein leichter O\/NO angek\u00fcndigt war, hatte ich vorsorglich meinen Schirm dabei. Hat sich dann kurzfristig ergeben, dass wir uns um 13:30 Uhr in Arnoldshain am Hang eingefunden haben. Zwar war der Wind um die Zeit nur ganz schwach aus wechselnden Richtungen vorhergesagt, aber ich &hellip; <a href=\"https:\/\/fliegerblog.rjs.de\/?p=407\" class=\"more-link\"><span class=\"screen-reader-text\">\u201eMal wieder Arnoldshain\u201c<\/span> weiterlesen<\/a><\/p>\n","protected":false},"author":1,"featured_media":0,"comment_status":"open","ping_status":"open","sticky":false,"template":"","format":"standard","meta":{"jetpack_post_was_ever_published":false,"footnotes":"","jetpack_publicize_message":"","jetpack_is_tweetstorm":false,"jetpack_publicize_feature_enabled":true,"jetpack_social_options":[]},"categories":[2],"tags":[],"class_list":["post-407","post","type-post","status-publish","format-standard","hentry","category-allgemein"],"jetpack_publicize_connections":[],"jetpack_featured_media_url":"","jetpack_shortlink":"https:\/\/wp.me\/p788kK-6z","jetpack-related-posts":[{"id":665,"url":"https:\/\/fliegerblog.rjs.de\/?p=665","url_meta":{"origin":407,"position":0},"title":"Mit dem Mopped zum Fliegen","date":"Juli 6, 2013","format":false,"excerpt":"Heute hatte ich wegen eines dummen Problems kein Auto zur Verf\u00fcgung, wollte aber bei dem guten Wetter (\u00fcber 25 Grad und 7 Sonnen am Himmel) auf jeden Fall mal in die Luft. Von daher blieb mir nur das Motorrad, f\u00fcr das ich gl\u00fccklicher Weise seit vorgstern Abend wieder T\u00dcV habe.\u2026","rel":"","context":"In &quot;Allgemein&quot;","img":{"alt_text":"","src":"","width":0,"height":0},"classes":[]},{"id":847,"url":"https:\/\/fliegerblog.rjs.de\/?p=847","url_meta":{"origin":407,"position":1},"title":"\u00dcberraschend","date":"Oktober 14, 2014","format":false,"excerpt":"Die Bedingungen versprachen heute leichten S\u00fcdwind und deshalb bin ich nach Reichenbach gefahren. Die Prognosen sahen allerdings im Vorfeld nicht so gut aus, als dass ich ohne weiteren Termin im Taunus dahin gefahren w\u00e4re. Aber da ich sowieso meine Eltern besuchen wollte, war das schon 2\/3 vom Weg. Allerdings wurde\u2026","rel":"","context":"In &quot;Allgemein&quot;","img":{"alt_text":"","src":"","width":0,"height":0},"classes":[]},{"id":415,"url":"https:\/\/fliegerblog.rjs.de\/?p=415","url_meta":{"origin":407,"position":2},"title":"Erster richtiger Fr\u00fchlingstag","date":"M\u00e4rz 23, 2011","format":false,"excerpt":"Im Moment sind 7 Sonnen am Himmel und es ist richtig warm geworden. Am Hang in Arnoldshain waren T-Shirts und Sonnencreme angesagt. Und da ich im Moment zwischen zwei Auftr\u00e4gen Zeit habe, bin gegen 12:45 Uhr vor Ort gewesen. Und mit mir \u00fcber den Nachmittag gut 10 andere Flieger. War\u2026","rel":"","context":"In &quot;Allgemein&quot;","img":{"alt_text":"","src":"","width":0,"height":0},"classes":[]},{"id":1806,"url":"https:\/\/fliegerblog.rjs.de\/?p=1806","url_meta":{"origin":407,"position":3},"title":"Pers\u00f6nlicher H\u00f6henrekord in AH","date":"Mai 29, 2021","format":false,"excerpt":"\u00a0 Ich denke, dass ich gut 2 Jahre nicht mehr in Arnoldshain geflogen bin. Aber da die f\u00fcr heute geplante Er\u00f6ffnung der Schleppsaison bei der Schleppgemeinschaft Rheinhessen kurzfristig wegen dem Anstieg der Corona-Zahlen im Landkreis abgesagt werden musste, bin ich nach Arnoldshain. Im Moment gibt es sowieso kaum Alternativen, weil\u2026","rel":"","context":"\u00c4hnlicher Beitrag","img":{"alt_text":"","src":"https:\/\/i0.wp.com\/1.bp.blogspot.com\/-7BAQ-gzpIE8\/YLJVuThN6sI\/AAAAAAAAGDo\/E4n3kkEpkfcANezO_rqfUT3FCzx_jqePgCLcBGAsYHQ\/w640-h480\/IMG_20210529_132019.jpg?resize=350%2C200&ssl=1","width":350,"height":200},"classes":[]},{"id":586,"url":"https:\/\/fliegerblog.rjs.de\/?p=586","url_meta":{"origin":407,"position":4},"title":"Erst mau, aber dann sch\u00f6n","date":"September 16, 2012","format":false,"excerpt":"Sch\u00f6ne Sp\u00e4tsommersonne und S\u00fcdwind haben heute gelockt. Ich hatte mir die Kreuznacher Ecke oder die Wasserkuppe vorgenommen, aber da ich niemand gefunden habe, der da hin ist, bin ich wieder nach Reichenbach. Ein paar Leute sind an die Mosel und da wohl auch sehr gut geflogen. Aber die Mosel ist\u2026","rel":"","context":"In &quot;Allgemein&quot;","img":{"alt_text":"","src":"","width":0,"height":0},"classes":[]},{"id":412,"url":"https:\/\/fliegerblog.rjs.de\/?p=412","url_meta":{"origin":407,"position":5},"title":"Arnoldshain in der Sonne mit Schneeresten","date":"M\u00e4rz 19, 2011","format":false,"excerpt":"Nachdem es die Nacht geregnet hatte, kam gegen 10:00 Uhr srahlende Sonne raus. Ich hatte auf NNW gehofft, aber es wurde NO-Wind. Obwohl mir die Prognosen eigentlich zu viel Wind f\u00fcr den Hang versprachen, bin ich kurz nach 13:00 Uhr nach Arnoldshain. Auf dem Weg dahin dachte ich auch im\u2026","rel":"","context":"In &quot;Allgemein&quot;","img":{"alt_text":"","src":"","width":0,"height":0},"classes":[]}],"_links":{"self":[{"href":"https:\/\/fliegerblog.rjs.de\/index.php?rest_route=\/wp\/v2\/posts\/407","targetHints":{"allow":["GET"]}}],"collection":[{"href":"https:\/\/fliegerblog.rjs.de\/index.php?rest_route=\/wp\/v2\/posts"}],"about":[{"href":"https:\/\/fliegerblog.rjs.de\/index.php?rest_route=\/wp\/v2\/types\/post"}],"author":[{"embeddable":true,"href":"https:\/\/fliegerblog.rjs.de\/index.php?rest_route=\/wp\/v2\/users\/1"}],"replies":[{"embeddable":true,"href":"https:\/\/fliegerblog.rjs.de\/index.php?rest_route=%2Fwp%2Fv2%2Fcomments&post=407"}],"version-history":[{"count":0,"href":"https:\/\/fliegerblog.rjs.de\/index.php?rest_route=\/wp\/v2\/posts\/407\/revisions"}],"wp:attachment":[{"href":"https:\/\/fliegerblog.rjs.de\/index.php?rest_route=%2Fwp%2Fv2%2Fmedia&parent=407"}],"wp:term":[{"taxonomy":"category","embeddable":true,"href":"https:\/\/fliegerblog.rjs.de\/index.php?rest_route=%2Fwp%2Fv2%2Fcategories&post=407"},{"taxonomy":"post_tag","embeddable":true,"href":"https:\/\/fliegerblog.rjs.de\/index.php?rest_route=%2Fwp%2Fv2%2Ftags&post=407"}],"curies":[{"name":"wp","href":"https:\/\/api.w.org\/{rel}","templated":true}]}}