{"id":404,"date":"2011-02-10T20:21:08","date_gmt":"2011-02-10T19:21:08","guid":{"rendered":"http:\/\/www.rjs.de\/fliegerblog\/?p=404"},"modified":"2011-02-10T20:21:08","modified_gmt":"2011-02-10T19:21:08","slug":"und-ein-drittes-mal-reichenbach","status":"publish","type":"post","link":"https:\/\/fliegerblog.rjs.de\/?p=404","title":{"rendered":"Und ein drittes Mal Reichenbach"},"content":{"rendered":"<p>Hier hing heute die Nebelsuppe fest, aber die Webcam auf dem Feldberg sah gut aus. Und da heute der letzte Tag mit gutem Wetter sein sollte, sind wir wieder nach Reichenbach an den Hang. \u00dcber den Nachmittag waren etwa 8 Flieger da.<\/p>\n<p>Als ich gegen 12:15 Uhr da war, ragte der Hang knapp aus der Nebelsuppe heraus und die Sonne schien. Dazu stand der Wind gut auf dem Hang und war zudem halbwegs kr\u00e4ftig. Ging ganz nett zu fliegen Leider haben die Bedinungen nicht gehalten und sp\u00e4ter gingen nur noch kleinere H\u00fcpfer. Da ich zudem etwas malade mit Erk\u00e4ltung war, bin ich um 16:00 Uhr gegangen.<\/p>\n<p>Was mir aber heute wieder aufgefallen ist &#8211; auch wenn es kitschig klingt. Wenn ich den Schirm aus der T\u00fcte hole, angeschnallt auf den Boden leicht entfalte und der Wind den Schirm dann entfaltet ist das wie bei einem Vogel, der seine Fl\u00fcgel ausbreitet. Denke zumindest, dass sich das so anf\u00fchlen m\u00fcsste. Wenn man sich dann umdreht und den ersten Flug macht wird man ein anderer Mensch. Zumindest ist mir das heute durch den Kopf gegangen. Ob das Fu\u00dfg\u00e4nger je nachvollziehen k\u00f6nnen?<\/p>\n","protected":false},"excerpt":{"rendered":"<p>Hier hing heute die Nebelsuppe fest, aber die Webcam auf dem Feldberg sah gut aus. Und da heute der letzte Tag mit gutem Wetter sein sollte, sind wir wieder nach Reichenbach an den Hang. \u00dcber den Nachmittag waren etwa 8 Flieger da. Als ich gegen 12:15 Uhr da war, ragte der Hang knapp aus der &hellip; <a href=\"https:\/\/fliegerblog.rjs.de\/?p=404\" class=\"more-link\"><span class=\"screen-reader-text\">\u201eUnd ein drittes Mal Reichenbach\u201c<\/span> weiterlesen<\/a><\/p>\n","protected":false},"author":1,"featured_media":0,"comment_status":"open","ping_status":"open","sticky":false,"template":"","format":"standard","meta":{"jetpack_post_was_ever_published":false,"footnotes":"","jetpack_publicize_message":"","jetpack_is_tweetstorm":false,"jetpack_publicize_feature_enabled":true,"jetpack_social_options":[]},"categories":[2],"tags":[],"class_list":["post-404","post","type-post","status-publish","format-standard","hentry","category-allgemein"],"jetpack_publicize_connections":[],"jetpack_featured_media_url":"","jetpack_shortlink":"https:\/\/wp.me\/p788kK-6w","jetpack-related-posts":[{"id":609,"url":"https:\/\/fliegerblog.rjs.de\/?p=609","url_meta":{"origin":404,"position":0},"title":"Das m\u00fcsste der Jahresabschluss gewesen sein &#8211; und der war gar nicht so schlecht","date":"Dezember 29, 2012","format":false,"excerpt":"Oh man, ich war ja ewig nicht mehr richtig mit dem Schirm in der Luft. Am 1. Dezember habe ich kurz am Hang gespielt und Mitte Oktober gab es einen mittelschwachen Flugtag in Reichenbach. Anfang Oktober war somit der letzte richtige Flugtag f\u00fcr mich gewesen. Klar - die Sp\u00e4therbst- und\u2026","rel":"","context":"In &quot;Allgemein&quot;","img":{"alt_text":"","src":"https:\/\/i0.wp.com\/3.bp.blogspot.com\/-S4EYK47t1Ak\/UN8gmXksVCI\/AAAAAAAABPY\/WTG5msR9GaY\/s320\/20121229_121349.jpg?resize=350%2C200","width":350,"height":200},"classes":[]},{"id":1022,"url":"https:\/\/fliegerblog.rjs.de\/?p=1022","url_meta":{"origin":404,"position":1},"title":"H\u00e4uptling Naz Arflu Egel","date":"Dezember 27, 2015","format":false,"excerpt":"In diesen Tagen wird der Schirm jedes Mal total nass, wenn man an den Hang geht. Auch wenn die Sonne durchkommt und der Hang eigentlich abgetrocknet sein m\u00fcsste. Ich war heute gegen 11:30 Uhr als Erster am Hang in Reichenbach und nach kurzer Zeit ist beim Fliegen bereits das Wasser\u2026","rel":"","context":"\u00c4hnlicher Beitrag","img":{"alt_text":"","src":"https:\/\/i0.wp.com\/3.bp.blogspot.com\/-mKd66gw3BD8\/VoAODTnqbCI\/AAAAAAAACyo\/KZH5n3itKrw\/s400\/IMG_20151227_132656.jpg?resize=350%2C200","width":350,"height":200},"classes":[]},{"id":393,"url":"https:\/\/fliegerblog.rjs.de\/?p=393","url_meta":{"origin":404,"position":2},"title":"Sonnenfliegen mit geliehenem Schirm","date":"Januar 17, 2011","format":false,"excerpt":"Seit Samstag ist es trocken und S\u00fcdwestwind angesagt. Und mein Schirm beim Check:-( Am Samstag war es mir allerdings sowieso zu kr\u00e4ftig, obwohl zwei Flieger in Reichenbach was gemacht haben. Aber am Sonntag war es sch\u00f6n sonnig und eher wenig Wind. Und ich bekam sogar ein Angebot f\u00fcr einen Schirm.\u2026","rel":"","context":"In &quot;Allgemein&quot;","img":{"alt_text":"","src":"","width":0,"height":0},"classes":[]},{"id":977,"url":"https:\/\/fliegerblog.rjs.de\/?p=977","url_meta":{"origin":404,"position":3},"title":"Der Hang tut im \u00f6fter so als w\u00e4re er ein Flughang","date":"August 30, 2015","format":false,"excerpt":"Ich bin gestern aus dem Urlaub in den Alpen zur\u00fcck gekommen. Aber da ich mit der Familie Urlaub gemacht hatte, hatte ich keinen Schirm dabei. Von daher muss ich zum Fliegen mit den M\u00f6glichkeiten vorlieb nehmen, die sich hier in der Gegend bieten. Nach der langen Autofahrt gestern wollte ich\u2026","rel":"","context":"In &quot;Allgemein&quot;","img":{"alt_text":"","src":"","width":0,"height":0},"classes":[]},{"id":1222,"url":"https:\/\/fliegerblog.rjs.de\/?p=1222","url_meta":{"origin":404,"position":4},"title":"Die T\u00fcte ist ok","date":"Februar 19, 2017","format":false,"excerpt":"Nachdem ich bei meinem letzten Flugtag den Schirm da abgelegt hatte, wo man freiwillig das garantiert nicht macht, konnte ich heute erst nachsehen, ob der Fluglappen bei der bescheidenen Aktion was abbekommen hatte. Aber gl\u00fccklicher (und eigentlich auch unerwarteter) Weise ist die T\u00fcte bei der Aktion vollkommen unbesch\u00e4digt geblieben. Weder\u2026","rel":"","context":"\u00c4hnlicher Beitrag","img":{"alt_text":"","src":"","width":0,"height":0},"classes":[]},{"id":1520,"url":"https:\/\/fliegerblog.rjs.de\/?p=1520","url_meta":{"origin":404,"position":5},"title":"Nette Flugphasen","date":"November 9, 2018","format":false,"excerpt":"Jahreszeitgem\u00e4\u00df nehmen die Chancen auf Airtime unter dem Schirm ab. Und zudem habe ich die letzten Tage an ein paar guten Flugtagen keine Zeit gehabt oder aber die Lage falsch eingesch\u00e4tzt. So wie am Mittwoch, wo ich Zeit gehabt h\u00e4tte und es in Eschbach geflogen ist - nur ich habe\u2026","rel":"","context":"\u00c4hnlicher Beitrag","img":{"alt_text":"","src":"https:\/\/i0.wp.com\/3.bp.blogspot.com\/-yoJzf8dTpqY\/W-XSMlhI4WI\/AAAAAAAAESU\/t6juTtM64DI91V5ivYUmOmafv5Ef3NCagCEwYBhgL\/s320\/GOPR5094.JPG?resize=350%2C200&ssl=1","width":350,"height":200},"classes":[]}],"_links":{"self":[{"href":"https:\/\/fliegerblog.rjs.de\/index.php?rest_route=\/wp\/v2\/posts\/404","targetHints":{"allow":["GET"]}}],"collection":[{"href":"https:\/\/fliegerblog.rjs.de\/index.php?rest_route=\/wp\/v2\/posts"}],"about":[{"href":"https:\/\/fliegerblog.rjs.de\/index.php?rest_route=\/wp\/v2\/types\/post"}],"author":[{"embeddable":true,"href":"https:\/\/fliegerblog.rjs.de\/index.php?rest_route=\/wp\/v2\/users\/1"}],"replies":[{"embeddable":true,"href":"https:\/\/fliegerblog.rjs.de\/index.php?rest_route=%2Fwp%2Fv2%2Fcomments&post=404"}],"version-history":[{"count":0,"href":"https:\/\/fliegerblog.rjs.de\/index.php?rest_route=\/wp\/v2\/posts\/404\/revisions"}],"wp:attachment":[{"href":"https:\/\/fliegerblog.rjs.de\/index.php?rest_route=%2Fwp%2Fv2%2Fmedia&parent=404"}],"wp:term":[{"taxonomy":"category","embeddable":true,"href":"https:\/\/fliegerblog.rjs.de\/index.php?rest_route=%2Fwp%2Fv2%2Fcategories&post=404"},{"taxonomy":"post_tag","embeddable":true,"href":"https:\/\/fliegerblog.rjs.de\/index.php?rest_route=%2Fwp%2Fv2%2Ftags&post=404"}],"curies":[{"name":"wp","href":"https:\/\/api.w.org\/{rel}","templated":true}]}}