{"id":40,"date":"2008-07-22T21:40:00","date_gmt":"2008-07-22T21:40:00","guid":{"rendered":"http:\/\/www.rjs.de\/fliegerblog\/?p=40"},"modified":"2008-07-22T21:40:00","modified_gmt":"2008-07-22T21:40:00","slug":"abendsession","status":"publish","type":"post","link":"https:\/\/fliegerblog.rjs.de\/?p=40","title":{"rendered":"Abendsession"},"content":{"rendered":"<p>Endlich ging mal wieder was. Nicht viel, aber zumindest mal wieder in der Luft. Der Tag hat viel versprochen, aber nur m\u00e4ssig was gehalten. NW war angesagt. Aber erst gegen 17:00 Uhr war der Wind so, dass man wirklich was machen konnte. Ziemlich starker Wind, aber seltsamer Weise hat unser Superhang f\u00fcr die Bedingungen heute nicht richtig getragen. Und ich hatte irgendwie heute kein gutes Gef\u00fchl f\u00fcr die Bedingungen, obwohl es kaum bockig war. Dementsprechend bin ich nur recht vorsichtig geflogen und konnte nicht sonderlich viel aus den Windbedingungen machen. Aber zumindest war ich mehrfach in der Luft.<\/p>\n<div class=\"blogger-post-footer\"><script type=\"text\/javascript\"><!--\ngoogle_ad_client = \"pub-4702984279656494\";\ngoogle_ad_width = 468;\ngoogle_ad_height = 60;\ngoogle_ad_format = \"468x60_as_rimg\";\ngoogle_cpa_choice = \"CAAQlNHphwIaCFxy_-mnISvEKNDv6n4\";\ngoogle_ad_channel = \"0174140724\";\n\/\/--><\/script><br \/>\n<script type=\"text\/javascript\" src=\"http:\/\/pagead2.googlesyndication.com\/pagead\/show_ads.js\">\n<\/script><\/div>\n","protected":false},"excerpt":{"rendered":"<p>Endlich ging mal wieder was. Nicht viel, aber zumindest mal wieder in der Luft. Der Tag hat viel versprochen, aber nur m\u00e4ssig was gehalten. NW war angesagt. Aber erst gegen 17:00 Uhr war der Wind so, dass man wirklich was machen konnte. Ziemlich starker Wind, aber seltsamer Weise hat unser Superhang f\u00fcr die Bedingungen heute &hellip; <a href=\"https:\/\/fliegerblog.rjs.de\/?p=40\" class=\"more-link\"><span class=\"screen-reader-text\">\u201eAbendsession\u201c<\/span> weiterlesen<\/a><\/p>\n","protected":false},"author":1,"featured_media":0,"comment_status":"open","ping_status":"open","sticky":false,"template":"","format":"standard","meta":{"jetpack_post_was_ever_published":false,"footnotes":"","jetpack_publicize_message":"","jetpack_is_tweetstorm":false,"jetpack_publicize_feature_enabled":true,"jetpack_social_options":[]},"categories":[2],"tags":[],"class_list":["post-40","post","type-post","status-publish","format-standard","hentry","category-allgemein"],"jetpack_publicize_connections":[],"jetpack_featured_media_url":"","jetpack_shortlink":"https:\/\/wp.me\/p788kK-E","jetpack-related-posts":[{"id":1806,"url":"https:\/\/fliegerblog.rjs.de\/?p=1806","url_meta":{"origin":40,"position":0},"title":"Pers\u00f6nlicher H\u00f6henrekord in AH","date":"Mai 29, 2021","format":false,"excerpt":"\u00a0 Ich denke, dass ich gut 2 Jahre nicht mehr in Arnoldshain geflogen bin. Aber da die f\u00fcr heute geplante Er\u00f6ffnung der Schleppsaison bei der Schleppgemeinschaft Rheinhessen kurzfristig wegen dem Anstieg der Corona-Zahlen im Landkreis abgesagt werden musste, bin ich nach Arnoldshain. Im Moment gibt es sowieso kaum Alternativen, weil\u2026","rel":"","context":"\u00c4hnlicher Beitrag","img":{"alt_text":"","src":"https:\/\/i0.wp.com\/1.bp.blogspot.com\/-7BAQ-gzpIE8\/YLJVuThN6sI\/AAAAAAAAGDo\/E4n3kkEpkfcANezO_rqfUT3FCzx_jqePgCLcBGAsYHQ\/w640-h480\/IMG_20210529_132019.jpg?resize=350%2C200&ssl=1","width":350,"height":200},"classes":[]},{"id":1291,"url":"https:\/\/fliegerblog.rjs.de\/?p=1291","url_meta":{"origin":40,"position":1},"title":"Sixpack","date":"Juli 21, 2017","format":false,"excerpt":"Jetzt war ich doch einige Zeit nicht mehr in der Luft. Viel Arbeit, schlechte Bedingungen und dann auch noch Urlaub ohne Schirm (obwohl ich in den Alpen war - aber bei mir vertragen sich Familienurlaub und Fliegen gehen einfach nicht). Heute hat es aber mal wieder gepasst mit Schleppen. Ich\u2026","rel":"","context":"\u00c4hnlicher Beitrag","img":{"alt_text":"","src":"https:\/\/i0.wp.com\/2.bp.blogspot.com\/-oHCipdrKs0w\/WXNMZPhSoeI\/AAAAAAAADfs\/jDHlBf2yCd42AvRV3PncDgMfLLkwWpKpwCLcBGAs\/s640\/IMG_20170721_162922.jpg?resize=350%2C200&ssl=1","width":350,"height":200},"classes":[]},{"id":834,"url":"https:\/\/fliegerblog.rjs.de\/?p=834","url_meta":{"origin":40,"position":2},"title":"Sch\u00f6ne Flugbedingungen und recht viel Airtime","date":"Oktober 2, 2014","format":false,"excerpt":"Das hat heute nach meiner Meinung perfekt f\u00fcr das Schleppen in Obernhain gepasst. Sonne und warme Temperaturen sowie wenig Wind. Ein richtiger Altweibersommertag, bei dem sich auch Thermik immer mal wieder durchsetzen konnte. Gegen 14:00 Uhr war ich auf dem Flugplatz. Bis dahin waren nur zwei Flieger auf dem Platz\u2026","rel":"","context":"In &quot;Allgemein&quot;","img":{"alt_text":"","src":"","width":0,"height":0},"classes":[]},{"id":370,"url":"https:\/\/fliegerblog.rjs.de\/?p=370","url_meta":{"origin":40,"position":3},"title":"2,5 Stunden dazwischen geschoben","date":"September 19, 2010","format":false,"excerpt":"Im Moment habe ich ziemlich viel um die Ohren und eigentlich null Zeit. Aber die Prognosen f\u00fcr heute waren so verlockend, dass ich von ca. 12:45 Uhr - 15:15 Uhr doch in Reichenbach am Hang war. War sowieso in der Ecke unterwegs und die Zeit lie\u00df sich - mit M\u00fche\u2026","rel":"","context":"In &quot;Allgemein&quot;","img":{"alt_text":"","src":"","width":0,"height":0},"classes":[]},{"id":943,"url":"https:\/\/fliegerblog.rjs.de\/?p=943","url_meta":{"origin":40,"position":4},"title":"Prognosen und Messwerte contra Realit\u00e4t","date":"Juni 7, 2015","format":false,"excerpt":"Heute war Nordwind angesagt. Dazu viel Sonne und hei\u00dfe Temperaturen. Nach den Prognosen und Messwerten heute morgen gepaart mit den Erfahrungen der letzten Tage habe ich mit starkem Wind gerechnet und bef\u00fcrchtet, dass das heute sogar zuviel f\u00fcr mich werden k\u00f6nnte. Ich bin dennoch nach dem Mittagessen los und um\u2026","rel":"","context":"In &quot;Allgemein&quot;","img":{"alt_text":"","src":"","width":0,"height":0},"classes":[]},{"id":1155,"url":"https:\/\/fliegerblog.rjs.de\/?p=1155","url_meta":{"origin":40,"position":5},"title":"Erstes 2016er-Schleppen in Laufenselden","date":"Juni 10, 2016","format":false,"excerpt":"Heute war ich seit mehreren Monaten mal wieder in Laufenselden. So richtig gut sahen die Bedingungen nicht aus, aber wenn schon mal ein Schlepptermin bei meinem Taunussteiner Gleitschirmverein angesetzt war, wollte ich nicht fehlen. Der Wind sollte quer zur Bahn kommen, aber schwach. Von daher habe ich die Chance gesehen,\u2026","rel":"","context":"\u00c4hnlicher Beitrag","img":{"alt_text":"","src":"","width":0,"height":0},"classes":[]}],"_links":{"self":[{"href":"https:\/\/fliegerblog.rjs.de\/index.php?rest_route=\/wp\/v2\/posts\/40","targetHints":{"allow":["GET"]}}],"collection":[{"href":"https:\/\/fliegerblog.rjs.de\/index.php?rest_route=\/wp\/v2\/posts"}],"about":[{"href":"https:\/\/fliegerblog.rjs.de\/index.php?rest_route=\/wp\/v2\/types\/post"}],"author":[{"embeddable":true,"href":"https:\/\/fliegerblog.rjs.de\/index.php?rest_route=\/wp\/v2\/users\/1"}],"replies":[{"embeddable":true,"href":"https:\/\/fliegerblog.rjs.de\/index.php?rest_route=%2Fwp%2Fv2%2Fcomments&post=40"}],"version-history":[{"count":0,"href":"https:\/\/fliegerblog.rjs.de\/index.php?rest_route=\/wp\/v2\/posts\/40\/revisions"}],"wp:attachment":[{"href":"https:\/\/fliegerblog.rjs.de\/index.php?rest_route=%2Fwp%2Fv2%2Fmedia&parent=40"}],"wp:term":[{"taxonomy":"category","embeddable":true,"href":"https:\/\/fliegerblog.rjs.de\/index.php?rest_route=%2Fwp%2Fv2%2Fcategories&post=40"},{"taxonomy":"post_tag","embeddable":true,"href":"https:\/\/fliegerblog.rjs.de\/index.php?rest_route=%2Fwp%2Fv2%2Ftags&post=40"}],"curies":[{"name":"wp","href":"https:\/\/api.w.org\/{rel}","templated":true}]}}